{"id":1142247,"date":"2026-07-04T11:37:55","date_gmt":"2026-07-04T11:37:55","guid":{"rendered":"https:\/\/www.europesays.com\/de\/1142247\/"},"modified":"2026-07-04T11:37:55","modified_gmt":"2026-07-04T11:37:55","slug":"tour-de-france-2026-profi-rennraeder-zum-start-rennrad-news","status":"publish","type":"post","link":"https:\/\/www.europesays.com\/de\/1142247\/","title":{"rendered":"Tour de France 2026: Profi-Rennr\u00e4der zum Start- Rennrad-News"},"content":{"rendered":"<p>Inhaltsverzeichnis<\/p>\n<p><img decoding=\"async\" src=\"https:\/\/www.europesays.com\/de\/wp-content\/uploads\/2025\/09\/youtube-logo-60.png\"   alt=\"Youtube Logo\"\/>Video: Tour de France Profi-Rennr\u00e4der 2026<\/p>\n<p>&#8222;&gt;<\/p>\n<p>            <img decoding=\"async\" class=\"js__mtbn-embed-preview-image absolute top-0 left-0 bottom-0 right-0 lg:opacity-80 group-hover:lg:opacity-100\" src=\"https:\/\/www.europesays.com\/de\/wp-content\/uploads\/2026\/07\/https:\/\/i.ytimg.com\/vi\/vYbMZ7Jtjws\/maxresdefault.jpg\"\/><br \/>\n<img loading=\"lazy\" decoding=\"async\" class=\"w-28 md:w-32 lg:w-40\" src=\"https:\/\/www.europesays.com\/de\/wp-content\/uploads\/2025\/09\/youtube-embed-256.png\"   width=\"256\" height=\"187\" alt=\"YouTube Icon\"\/><\/p>\n<p>Tour de France 2026: 13 Profi-Rennr\u00e4der aus Barcelona bewertet!<\/p>\n<p>            Wir ben\u00f6tigen deine Zustimmung, um den von unserer Redaktion eingebundenen Youtube-Inhalt anzuzeigen. Mit dem Klick auf das Video erkl\u00e4rst du dich damit einverstanden, dass dir externe Inhalte angezeigt werden. Damit k\u00f6nnen personenbezogene Daten an Drittplattformen \u00fcbermittelt werden. Mehr dazu in unseren <a href=\"https:\/\/www.rennrad-news.de\/news\/datenschutz\/\" target=\"_blank\" rel=\"nofollow noopener\">Datenschutzhinweisen<\/a>.<\/p>\n<p>Tour de France Profi-Rennr\u00e4der \u2013 was f\u00e4llt auf?<\/p>\n<p>Werden <a href=\"https:\/\/www.rennrad-news.de\/news\/komponenten\/reifen\/\" rel=\"nofollow noopener\" target=\"_blank\">Rennrad-Reifen<\/a> wirklich immer breiter? An den Profi-Rennr\u00e4dern, die wir am Start der Tour de France 2026 in Barcelona bisher sahen, scheint es, als sei vorl\u00e4ufig eine Grenze erreicht \u2013 auch wenn Orbea just hier zum ersten Mal das neue Orca Aero mit 37 mm Reifenfreiheit vorstellte. Das Gros der Teams ist auf 30 mm breiten Reifen unterwegs. So wie letztes Jahr auch schon. Der Trend zu mehr Breite scheint also erstmal zu pausieren. Allerdings: Je nach Laufr\u00e4dern kann ein nominell 28 mm breiter Reifen auch 30 mm breit werden, bei den Scope Artech Rads\u00e4tzen am Pinarello Dogma F bei Netcompany \u2013 Ineos etwa kamen deshalb 28er Reifen zum Einsatz. Besondere Schwalbe Pro One Aero-Reifen bei Tudor Cycling tragen dem Trend Rechnung und geben gleich nur eine Gr\u00f6\u00dfenspanne an: 28 bis 30 mm. Vorerst nur f\u00fcr die Profis Wann der offenbar neue Reifen au\u00dferhalb des Pelotons zu haben sein wird, wissen wir nicht. Aero-Reifen, sind \u00fcbrigens auch bei anderen Teams im Einsatz (Jayco \u2013 AluLa, Van Rysel Decathlon CMA). Und noch etwas: Immer mehr Teams bestreiten die gesamte Tour de France auf den besonders schnellen Zeitfahrversionen der normalen Top-Reifen wie Conti Grand Prix TT oder Vittoria Corsa Pro Speed \u2013 offenbar gen\u00fcgt der Pannenschutz in Kombi mit dem Tubeless Set-up.<\/p>\n<p>\nDiashow: Tour de France 2026 \u2013 Arbeitsger\u00e4te: 11 Profi-Rennr\u00e4der und TT Bikes\n<\/p>\n<p>        <a id=\"fa-photo-672066\"\/><br \/>\n        <a href=\"https:\/\/fotos.rennrad-news.de\/p\/672066\" title=\"Frisch lackiert zu Tour de France.\" rel=\"nofollow noopener\" target=\"_blank\"><br \/>\n            <img decoding=\"async\" src=\"https:\/\/www.europesays.com\/de\/wp-content\/uploads\/2026\/07\/https:\/\/fotos.rennrad-news.de\/f3\/6\/672\/672066-i5is61pg92dd-jaycoalula_11-original.jpg\"   loading=\"lazy\" alt=\"Frisch lackiert zu Tour de France.\" title=\"Frisch lackiert zu Tour de France.\" data-photo-id=\"672066\" width=\"550\" height=\"367\"\/><br \/>\n        <\/a><\/p>\n<p>            <a href=\"#fa-photo-672066\" class=\"js__imageNumbering\">#<\/a><br \/>\n            <strong>Frisch lackiert zu Tour de France.<\/strong>  \u2013 Das Giant Propel Advanced SL des neuen Deutschen Meisters Felix Engelhardt.<\/p>\n<p>Immer k\u00fcrzer werden generell die Kurbeln, mit denen die Profis ihre enorme Kraft auf die Stra\u00dfe bringen. Jonas Vingegaard ist mit 160 mm auf sehr kurzen Kurbeln unterwegs (wie letztes Jahr bereits). Aber die Kurbell\u00e4nge bleibt eine pers\u00f6nliche Frage, 172,5 mm lange Kurbeln an einem klassischen Profi-Rennrad mittlerer Gr\u00f6\u00dfe sind auch bei den prominenten Fahrern noch oft zu finden.<\/p>\n<p>Bike Fit allgemein ist noch keineswegs eine dogmatisch behandelte Frage. Nach vorne rotierte Sitzpositionen, f\u00fcr die viele neuere Rennr\u00e4der von vorneherein ausgelegt sind, sind nicht f\u00fcr alle die beste Wahl. Tim Merlier etwa sitzt auf dem neuen S-Works Tarmac SL9 noch recht weit hinten und damit ist er bei weitem nicht allein.<\/p>\n<p>        <a id=\"fa-photo-672215\"\/><br \/>\n        <a href=\"https:\/\/fotos.rennrad-news.de\/p\/672215\" title=\"Nicht nur Jonas Vingegaard f\u00e4hrt 160er Kurbeln.\" rel=\"nofollow noopener\" target=\"_blank\"><br \/>\n            <img decoding=\"async\" src=\"https:\/\/www.europesays.com\/de\/wp-content\/uploads\/2026\/07\/https:\/\/fotos.rennrad-news.de\/f3\/6\/672\/672215-iskn09am7g1f-vismaleaseabike_20-original.jpg\"   loading=\"lazy\" alt=\"Nicht nur Jonas Vingegaard f\u00e4hrt 160er Kurbeln.\" title=\"Nicht nur Jonas Vingegaard f\u00e4hrt 160er Kurbeln.\" data-photo-id=\"672215\" width=\"550\" height=\"367\"\/><br \/>\n        <\/a><\/p>\n<p>            <a href=\"#fa-photo-672215\" class=\"js__imageNumbering\">#<\/a><br \/>\n            <strong>Nicht nur Jonas Vingegaard f\u00e4hrt 160er Kurbeln.<\/strong> <\/p>\n<p>Anders sieht es an den TT-Bikes aus f\u00fcr das Mannschaftszeitfahren, mit dem die Tour de France spektakul\u00e4r startet. An den Zeitfahrboliden sind die Aero-Bars im Vergleich zu unserem letzten Besuch beim Zeitfahren zum Grand D\u00e9part in Br\u00fcssel deutlich nach oben gewandert. Das Ziel: Die hoch angestellten und dicht zusammenliegenden Arme sollen den Oberk\u00f6rper abschirmen und dadurch die Aerodynamik verbessern.<\/p>\n<p>        <a id=\"fa-photo-672013\"\/><br \/>\n        <a href=\"https:\/\/fotos.rennrad-news.de\/p\/672013\" title=\"Wir haben einige Profi-Rennr\u00e4der der Tour de France 2026 im fahrfertigen Zustand mit GPS-Ger\u00e4t und leeren Flaschen gewogen.\" rel=\"nofollow noopener\" target=\"_blank\"><br \/>\n            <img decoding=\"async\" src=\"https:\/\/www.europesays.com\/de\/wp-content\/uploads\/2026\/07\/https:\/\/fotos.rennrad-news.de\/f3\/6\/672\/672013-wfb7vyyzo4iz-bahrainvictorious_20-original.jpg\"   loading=\"lazy\" alt=\"Wir haben einige Profi-Rennr\u00e4der der Tour de France 2026 im fahrfertigen Zustand mit GPS-Ger\u00e4t und leeren Flaschen gewogen.\" title=\"Wir haben einige Profi-Rennr\u00e4der der Tour de France 2026 im fahrfertigen Zustand mit GPS-Ger\u00e4t und leeren Flaschen gewogen.\" data-photo-id=\"672013\" width=\"550\" height=\"367\"\/><br \/>\n        <\/a><\/p>\n<p>            <a href=\"#fa-photo-672013\" class=\"js__imageNumbering\">#<\/a><br \/>\n            <strong>Wir haben einige Profi-Rennr\u00e4der der Tour de France 2026 im fahrfertigen Zustand mit GPS-Ger\u00e4t und leeren Flaschen gewogen.<\/strong>  \u2013 Das Gros liegt knapp \u00fcber 7 kg.<\/p>\n<p>Apropos Aerodynamik: Ausnahmslos alle Teams sind inzwischen standardm\u00e4\u00dfig auf Aero-Rennr\u00e4dern oder Aero-Allroundern unterwegs, also Rennr\u00e4dern, die so leicht wie m\u00f6glich und so aerodynamisch wie m\u00f6glich gestaltet sind. Die Rahmengewichte (nach Herstellerangaben) liegen bei diesen R\u00e4dern in der Spitze um 700 g oder sogar darunter. Gewogen haben wir einige der Profi-Rennr\u00e4der der Tour de France 2026 auch. In fahrbereitem Zustand mit Radcomputer inklusive Mount, <a href=\"https:\/\/www.rennrad-news.de\/news\/komponenten\/rennrad-pedale\/\" rel=\"nofollow noopener\" target=\"_blank\">Pedalen<\/a> und Trinkflaschen knackte keines die 6,8 kg Grenze, die von der UCI als Mindestgewicht vorgeschrieben ist. Bisher lagen alle \u00fcber 7 kg.<\/p>\n<p>                \ud83d\udcb5                    Jobs in der Bikebranche<\/p>\n<p>                <a class=\"btn flex flex-row space-x-2 justify-center items-center px-8 py-2 bg-neutral-900 border-none text-white text-sm\" href=\"https:\/\/www.mtb-news.de\/jobs\/\" target=\"_blank\" rel=\"nofollow noopener\"><br \/>\n                    mehr Fahrrad-Jobs auf<br \/>\n                    <img loading=\"lazy\" decoding=\"async\" class=\"max-w-28 h-6\" width=\"788\" height=\"111\" src=\"https:\/\/www.rennrad-news.de\/news\/wp-content\/themes\/mtb-news\/assets\/img\/mtbnews-jobs-logo-wide.svg\" alt=\"MTB News Jobs Logo\"\/><br \/>\n                <\/a><\/p>\n<p>Orbea Orca Aero: Arnaud De Lies neues Aero-Rennrad<\/p>\n<p>Das brandneue Orbea Orca Aero wurde bei der Tour de France vorgestellt. Das Teamrad \u2013 hier das von Arnaud De Lie \u2013 kommt im neuen Lotto-Intermarch\u00e9 Teamdesign, das auch \u00fcber Orbeas MyO-Custom-Programm erh\u00e4ltlich sein soll. Besonders auff\u00e4llig ist das stark abgesenkte Tretlager: Orbea gibt beim neuen Orca Aero bis zu 78 mm Bottom-Bracket-Drop an, wahrscheinlich die gr\u00f6\u00dfte Absenkung im Peloton. Das soll den Schwerpunkt senken, die Silhouette von Fahrer und Rad etwas nach unten bringen und laut Orbea auch das seitliche Pendeln im Wiegetritt sowie bei hoher Leistung im Sitzen reduzieren. Ein logischer Schritt ist das auch wegen des Trends zu k\u00fcrzeren Kurbeln, die aber nicht zwingend sein m\u00fcssen.<\/p>\n<p>        <a id=\"fa-photo-672120\"\/><br \/>\n        <a href=\"https:\/\/fotos.rennrad-news.de\/p\/672120\" title=\"Das neue Orbea Orca Aero im O-Lab Design.\" rel=\"nofollow noopener\" target=\"_blank\"><br \/>\n            <img decoding=\"async\" src=\"https:\/\/www.europesays.com\/de\/wp-content\/uploads\/2026\/07\/https:\/\/fotos.rennrad-news.de\/f3\/6\/672\/672120-l5inreun9quk-lottointermarche_2-original.jpg\"   loading=\"lazy\" alt=\"Das neue Orbea Orca Aero im O-Lab Design.\" title=\"Das neue Orbea Orca Aero im O-Lab Design.\" data-photo-id=\"672120\" width=\"550\" height=\"367\"\/><br \/>\n        <\/a><\/p>\n<p>            <a href=\"#fa-photo-672120\" class=\"js__imageNumbering\">#<\/a><br \/>\n            <strong>Das neue Orbea Orca Aero im O-Lab Design.<\/strong>  \u2013 Die schraffierten Fl\u00e4chen kennzeichnen die Neuerungen am Rahmen. So wurde das Rad von den Profis getestet vor dem Launch bei der Tour.<\/p>\n<p>            <a id=\"fa-photo-672124\"\/><br \/>\n            <a href=\"https:\/\/fotos.rennrad-news.de\/p\/672124\" title=\"Die Flaschen sind jetzt besser aus dem Wind genommen.\" rel=\"nofollow noopener\" target=\"_blank\"><br \/>\n                <img decoding=\"async\" src=\"https:\/\/www.europesays.com\/de\/wp-content\/uploads\/2026\/07\/https:\/\/fotos.rennrad-news.de\/f3\/6\/672\/672124-047f475p6yt7-lottointermarche_6-original.jpg\"   loading=\"lazy\" alt=\"Die Flaschen sind jetzt besser aus dem Wind genommen.\" title=\"Die Flaschen sind jetzt besser aus dem Wind genommen.\" data-photo-id=\"672124\" height=\"367\" width=\"550\"\/><br \/>\n            <\/a><\/p>\n<p>                <a href=\"#fa-photo-672124\" class=\"js__imageNumbering\">#<\/a><br \/>\n                <strong>Die Flaschen sind jetzt besser aus dem Wind genommen.<\/strong> <\/p>\n<p>            <a id=\"fa-photo-672123\"\/><br \/>\n            <a href=\"https:\/\/fotos.rennrad-news.de\/p\/672123\" title=\"Und das Orca hat einen Lenkanschlag.\" rel=\"nofollow noopener\" target=\"_blank\"><br \/>\n                <img decoding=\"async\" src=\"https:\/\/www.europesays.com\/de\/wp-content\/uploads\/2026\/07\/https:\/\/fotos.rennrad-news.de\/f3\/6\/672\/672123-s88g6gyu7o83-lottointermarche_5-original.jpg\"   loading=\"lazy\" alt=\"Und das Orca hat einen Lenkanschlag.\" title=\"Und das Orca hat einen Lenkanschlag.\" data-photo-id=\"672123\" height=\"367\" width=\"550\"\/><br \/>\n            <\/a><\/p>\n<p>                <a href=\"#fa-photo-672123\" class=\"js__imageNumbering\">#<\/a><br \/>\n                <strong>Und das Orca hat einen Lenkanschlag.<\/strong> <\/p>\n<p>        <a id=\"fa-photo-672127\"\/><br \/>\n        <a href=\"https:\/\/fotos.rennrad-news.de\/p\/672127\" title=\"Diverse Aero-Ma\u00dfnahmen am Rahmen und eine Tretlagerabsenkung von 78 mm sollen den Windwiderstand mit Fahrer um 20 Watt verringert haben.\" rel=\"nofollow noopener\" target=\"_blank\"><br \/>\n            <img decoding=\"async\" src=\"https:\/\/www.europesays.com\/de\/wp-content\/uploads\/2026\/07\/https:\/\/fotos.rennrad-news.de\/f3\/6\/672\/672127-qftb8w83e8nr-lottointermarche_9-original.jpg\"   loading=\"lazy\" alt=\"Diverse Aero-Ma\u00dfnahmen am Rahmen und eine Tretlagerabsenkung von 78 mm sollen den Windwiderstand mit Fahrer um 20 Watt verringert haben.\" title=\"Diverse Aero-Ma\u00dfnahmen am Rahmen und eine Tretlagerabsenkung von 78 mm sollen den Windwiderstand mit Fahrer um 20 Watt verringert haben.\" data-photo-id=\"672127\" width=\"550\" height=\"367\"\/><br \/>\n        <\/a><\/p>\n<p>            <a href=\"#fa-photo-672127\" class=\"js__imageNumbering\">#<\/a><br \/>\n            <strong>Diverse Aero-Ma\u00dfnahmen am Rahmen und eine Tretlagerabsenkung von 78 mm sollen den Windwiderstand mit Fahrer um 20 Watt verringert haben.<\/strong>  \u2013 Orbea hat im Velodrom getestet.<\/p>\n<p>        <a id=\"fa-photo-672134\"\/><br \/>\n        <a href=\"https:\/\/fotos.rennrad-news.de\/p\/672134\" title=\"Nat\u00fcrlich wurde an der Front am st\u00e4rksten optimiert.\" rel=\"nofollow noopener\" target=\"_blank\"><br \/>\n            <img decoding=\"async\" src=\"https:\/\/www.europesays.com\/de\/wp-content\/uploads\/2026\/07\/https:\/\/fotos.rennrad-news.de\/f3\/6\/672\/672134-m5ttohlg09c1-lottointermarche_16-original.jpg\"   loading=\"lazy\" alt=\"Nat\u00fcrlich wurde an der Front am st\u00e4rksten optimiert.\" title=\"Nat\u00fcrlich wurde an der Front am st\u00e4rksten optimiert.\" data-photo-id=\"672134\" width=\"550\" height=\"367\"\/><br \/>\n        <\/a><\/p>\n<p>            <a href=\"#fa-photo-672134\" class=\"js__imageNumbering\">#<\/a><br \/>\n            <strong>Nat\u00fcrlich wurde an der Front am st\u00e4rksten optimiert.<\/strong> <\/p>\n<p>De Lie f\u00e4hrt allerdings weiterhin eher klassisch lange 172,5-mm-Kurbeln. Dazu kommt eine Shimano Dura-Ace Di2-Gruppe mit 54\/40-Kurbel, Shimano-Powermeter und 11-34-<a href=\"https:\/\/www.rennrad-news.de\/news\/komponenten\/schaltung\/\" rel=\"nofollow noopener\" target=\"_blank\">Kassette<\/a>. Die Sitzposition ist trotzdem modern: Zero-Setback-Sattelst\u00fctze, <a href=\"https:\/\/www.rennrad-news.de\/news\/komponenten\/sattel\/\" rel=\"nofollow noopener\" target=\"_blank\">Sattel<\/a> weit vorn, etwa 3 cm Spacer unter dem Cockpit und ein 120 mm langer Vorbau. Das Carbon-Cockpit stammt von Orbeas Komponentenmarke OC und ist leicht nach vorn gebogen. Orbea bietet 13 Cockpit-Versionen f\u00fcr die Serie an, f\u00fcr die Profis kommen noch einmal 13 weitere hinzu.<\/p>\n<p>Bei den Laufr\u00e4dern setzt Orbea auf die eigene Marke Oquo. Montiert ist der hohe RA757 Limited-<a href=\"https:\/\/www.rennrad-news.de\/news\/komponenten\/laufraeder\/\" rel=\"nofollow noopener\" target=\"_blank\">Laufradsatz<\/a> mit Carbonspeichen, der 1.363 g wiegt (Herstellerangabe). Darauf sitzen Vittoria Corsa Pro-Reifen in 29 mm Breite. F\u00fcr das Serienrad nennt Orbea 37 mm Reifenfreiheit, optimiert ist das Rad f\u00fcr Reifen von 29 bis 35 mm. Das Einstiegsmodell startet bei 5.700 Euro mit Shimano 105 Di2.<\/p>\n<ul>\n<li><strong>Gewicht:<\/strong> laut Orbea 7,2 kg<\/li>\n<li><strong>Kurbell\u00e4nge:<\/strong> 172,5 mm<\/li>\n<li><strong>\u00dcbersetzung:<\/strong> 54\/40 Z\u00e4hne vorn, 11-34 Kassette hinten<\/li>\n<li><strong>Schaltung:<\/strong> Shimano Dura-Ace Di2<\/li>\n<li><strong>Powermeter:<\/strong> Shimano Dura-Ace<\/li>\n<li><strong>Reifen:<\/strong> Vittoria Corsa Pro, 29 mm<\/li>\n<li><strong>Laufr\u00e4der:<\/strong> Oquo RA757 Limited, 1.363 g (Herstellerangabe)<\/li>\n<li><strong>Vorbau:<\/strong> 120 mm<\/li>\n<li><strong>Spacer:<\/strong> ca. 30 mm<\/li>\n<li><strong>Tretlagerabsenkung:<\/strong> bis zu 78 mm<\/li>\n<li><strong>Reifenfreiheit Serienrad:<\/strong> 37 mm<\/li>\n<\/ul>\n<p>        <a id=\"fa-photo-672136\"\/><br \/>\n        <a href=\"https:\/\/fotos.rennrad-news.de\/p\/672136\" title=\"Und so sieht das Orca Aero 2026 im Lotto Intermarch\u00e9 Team Design aus.\" rel=\"nofollow noopener\" target=\"_blank\"><br \/>\n            <img decoding=\"async\" src=\"https:\/\/www.europesays.com\/de\/wp-content\/uploads\/2026\/07\/https:\/\/fotos.rennrad-news.de\/f3\/6\/672\/672136-sso7jqo7m9wd-lottointermarche_18-original.jpg\"   loading=\"lazy\" alt=\"Und so sieht das Orca Aero 2026 im Lotto Intermarch\u00e9 Team Design aus.\" title=\"Und so sieht das Orca Aero 2026 im Lotto Intermarch\u00e9 Team Design aus.\" data-photo-id=\"672136\" width=\"550\" height=\"367\"\/><br \/>\n        <\/a><\/p>\n<p>            <a href=\"#fa-photo-672136\" class=\"js__imageNumbering\">#<\/a><br \/>\n            <strong>Und so sieht das Orca Aero 2026 im Lotto Intermarch\u00e9 Team Design aus.<\/strong>  \u2013 Das Gewicht des Rades von Arnaud de Lie gab Orbea mit 7,2 kg an.<\/p>\n<p>        <a id=\"fa-photo-672153\"\/><br \/>\n        <a href=\"https:\/\/fotos.rennrad-news.de\/p\/672153\" title=\"Das Orca Aero hat 37 mm Reifenfreiheit.\" rel=\"nofollow noopener\" target=\"_blank\"><br \/>\n            <img decoding=\"async\" src=\"https:\/\/www.europesays.com\/de\/wp-content\/uploads\/2026\/07\/https:\/\/fotos.rennrad-news.de\/f3\/6\/672\/672153-4ilj4v05mwbm-lottointermarche_35-original.jpg\"   loading=\"lazy\" alt=\"Das Orca Aero hat 37 mm Reifenfreiheit.\" title=\"Das Orca Aero hat 37 mm Reifenfreiheit.\" data-photo-id=\"672153\" width=\"550\" height=\"367\"\/><br \/>\n        <\/a><\/p>\n<p>            <a href=\"#fa-photo-672153\" class=\"js__imageNumbering\">#<\/a><br \/>\n            <strong>Das Orca Aero hat 37 mm Reifenfreiheit.<\/strong> <\/p>\n<p>            <a id=\"fa-photo-672138\"\/><br \/>\n            <a href=\"https:\/\/fotos.rennrad-news.de\/p\/672138\" title=\"Oquo RA57 Ltd Laufr\u00e4der von Orbea mit Carbonspeichen.\" rel=\"nofollow noopener\" target=\"_blank\"><br \/>\n                <img decoding=\"async\" src=\"https:\/\/www.europesays.com\/de\/wp-content\/uploads\/2026\/07\/https:\/\/fotos.rennrad-news.de\/f3\/6\/672\/672138-8i116mckidll-lottointermarche_20-original.jpg\"   loading=\"lazy\" alt=\"Oquo RA57 Ltd Laufr\u00e4der von Orbea mit Carbonspeichen.\" title=\"Oquo RA57 Ltd Laufr\u00e4der von Orbea mit Carbonspeichen.\" data-photo-id=\"672138\" height=\"367\" width=\"550\"\/><br \/>\n            <\/a><\/p>\n<p>                <a href=\"#fa-photo-672138\" class=\"js__imageNumbering\">#<\/a><br \/>\n                <strong>Oquo RA57 Ltd Laufr\u00e4der von Orbea mit Carbonspeichen.<\/strong>  \u2013 Lotto nutzt die 29 mm \u201ewide rim\u201c-Version des Vittoria Corsa Pro.<\/p>\n<p>            <a id=\"fa-photo-672143\"\/><br \/>\n            <a href=\"https:\/\/fotos.rennrad-news.de\/p\/672143\" title=\"Arnaud de Lie f\u00e4hrt die 54-40 Kurbel.\" rel=\"nofollow noopener\" target=\"_blank\"><br \/>\n                <img decoding=\"async\" src=\"https:\/\/www.europesays.com\/de\/wp-content\/uploads\/2026\/07\/https:\/\/fotos.rennrad-news.de\/f3\/6\/672\/672143-grudz52enec3-lottointermarche_25-original.jpg\"   loading=\"lazy\" alt=\"Arnaud de Lie f\u00e4hrt die 54-40 Kurbel.\" title=\"Arnaud de Lie f\u00e4hrt die 54-40 Kurbel.\" data-photo-id=\"672143\" height=\"367\" width=\"550\"\/><br \/>\n            <\/a><\/p>\n<p>                <a href=\"#fa-photo-672143\" class=\"js__imageNumbering\">#<\/a><br \/>\n                <strong>Arnaud de Lie f\u00e4hrt die 54-40 Kurbel.<\/strong>  \u2013 Powermeter von Shimano sind an Bord.<\/p>\n<p>        <a id=\"fa-photo-672158\"\/><br \/>\n        <a href=\"https:\/\/fotos.rennrad-news.de\/p\/672158\" title=\"Die Front des Orca wurde deutlich schlanker.\" rel=\"nofollow noopener\" target=\"_blank\"><br \/>\n            <img decoding=\"async\" src=\"https:\/\/www.europesays.com\/de\/wp-content\/uploads\/2026\/07\/https:\/\/fotos.rennrad-news.de\/f3\/6\/672\/672158-g0ic2xe6dyu9-lottointermarche_40-original.jpg\"   loading=\"lazy\" alt=\"Die Front des Orca wurde deutlich schlanker.\" title=\"Die Front des Orca wurde deutlich schlanker.\" data-photo-id=\"672158\" width=\"550\" height=\"367\"\/><br \/>\n        <\/a><\/p>\n<p>            <a href=\"#fa-photo-672158\" class=\"js__imageNumbering\">#<\/a><br \/>\n            <strong>Die Front des Orca wurde deutlich schlanker.<\/strong> <\/p>\n<p>            <a id=\"fa-photo-672159\"\/><br \/>\n            <a href=\"https:\/\/fotos.rennrad-news.de\/p\/672159\" title=\"Auch die Trinkflaschenhalter wurden aero-optimiert.\" rel=\"nofollow noopener\" target=\"_blank\"><br \/>\n                <img decoding=\"async\" src=\"https:\/\/www.europesays.com\/de\/wp-content\/uploads\/2026\/07\/https:\/\/fotos.rennrad-news.de\/f3\/6\/672\/672159-eo1atnfri61l-lottointermarche_41-original.jpg\"   loading=\"lazy\" alt=\"Auch die Trinkflaschenhalter wurden aero-optimiert.\" title=\"Auch die Trinkflaschenhalter wurden aero-optimiert.\" data-photo-id=\"672159\" height=\"367\" width=\"550\"\/><br \/>\n            <\/a><\/p>\n<p>                <a href=\"#fa-photo-672159\" class=\"js__imageNumbering\">#<\/a><br \/>\n                <strong>Auch die Trinkflaschenhalter wurden aero-optimiert.<\/strong> <\/p>\n<p>            <a id=\"fa-photo-672156\"\/><br \/>\n            <a href=\"https:\/\/fotos.rennrad-news.de\/p\/672156\" title=\"Arnaud de Lie f\u00e4hrt wie viele andere Pros nicht mehr ganz tief vorne.\" rel=\"nofollow noopener\" target=\"_blank\"><br \/>\n                <img decoding=\"async\" src=\"https:\/\/www.europesays.com\/de\/wp-content\/uploads\/2026\/07\/https:\/\/fotos.rennrad-news.de\/f3\/6\/672\/672156-d6bbjxxpxn3u-lottointermarche_38-original.jpg\"   loading=\"lazy\" alt=\"Arnaud de Lie f\u00e4hrt wie viele andere Pros nicht mehr ganz tief vorne.\" title=\"Arnaud de Lie f\u00e4hrt wie viele andere Pros nicht mehr ganz tief vorne.\" data-photo-id=\"672156\" height=\"367\" width=\"550\"\/><br \/>\n            <\/a><\/p>\n<p>                <a href=\"#fa-photo-672156\" class=\"js__imageNumbering\">#<\/a><br \/>\n                <strong>Arnaud de Lie f\u00e4hrt wie viele andere Pros nicht mehr ganz tief vorne.<\/strong> <\/p>\n<p>            <a id=\"fa-photo-672140\"\/><br \/>\n            <a href=\"https:\/\/fotos.rennrad-news.de\/p\/672140\" title=\"Das OC One-Piece-Cockpit\u2026\" rel=\"nofollow noopener\" target=\"_blank\"><br \/>\n                <img decoding=\"async\" src=\"https:\/\/www.europesays.com\/de\/wp-content\/uploads\/2026\/07\/https:\/\/fotos.rennrad-news.de\/f3\/6\/672\/672140-75d8itj2uy30-lottointermarche_22-original.jpg\"   loading=\"lazy\" alt=\"Das OC One-Piece-Cockpit\u2026\" title=\"Das OC One-Piece-Cockpit\u2026\" data-photo-id=\"672140\" height=\"367\" width=\"550\"\/><br \/>\n            <\/a><\/p>\n<p>                <a href=\"#fa-photo-672140\" class=\"js__imageNumbering\">#<\/a><br \/>\n                <strong>Das OC One-Piece-Cockpit\u2026<\/strong> <\/p>\n<p>            <a id=\"fa-photo-672141\"\/><br \/>\n            <a href=\"https:\/\/fotos.rennrad-news.de\/p\/672141\" title=\"\u2026gibt es in 26 Versionen \u2013 13 sind nur f\u00fcr die Profis.\" rel=\"nofollow noopener\" target=\"_blank\"><br \/>\n                <img decoding=\"async\" src=\"https:\/\/www.europesays.com\/de\/wp-content\/uploads\/2026\/07\/https:\/\/fotos.rennrad-news.de\/f3\/6\/672\/672141-3si91rhv64r1-lottointermarche_23-original.jpg\"   loading=\"lazy\" alt=\"\u2026gibt es in 26 Versionen \u2013 13 sind nur f\u00fcr die Profis.\" title=\"\u2026gibt es in 26 Versionen \u2013 13 sind nur f\u00fcr die Profis.\" data-photo-id=\"672141\" height=\"367\" width=\"550\"\/><br \/>\n            <\/a><\/p>\n<p>                <a href=\"#fa-photo-672141\" class=\"js__imageNumbering\">#<\/a><br \/>\n                <strong>\u2026gibt es in 26 Versionen \u2013 13 sind nur f\u00fcr die Profis.<\/strong> <\/p>\n<p>Giant Propel Advanced SL: Felix Engelhardts Meisterrad<\/p>\n<p>Felix Engelhardt bekam p\u00fcnktlich zur der Tour de France ein besonderes Arbeitsger\u00e4t: das Giant Propel Advanced SL im Design zum spektakul\u00e4ren Sieg bei der Deutschen Stra\u00dfenmeisterschaft nach einer grandiosen Aufholjagd. Das <a href=\"https:\/\/www.rennrad-news.de\/news\/rennrad\/aero-rennrad\/\" rel=\"nofollow noopener\" target=\"_blank\">Aero-Rennrad<\/a> ist nicht nur optisch auff\u00e4llig, sondern auch erstaunlich leicht. Mit Pedalen haben wir es mit 7,1 kg gewogen.<\/p>\n<p>        <a id=\"fa-photo-672058\"\/><br \/>\n        <a href=\"https:\/\/fotos.rennrad-news.de\/p\/672058\" title=\"Das Giant Propel Advanced SL von Felix Engelhardt bei Jayco - AlUla.\" rel=\"nofollow noopener\" target=\"_blank\"><br \/>\n            <img decoding=\"async\" src=\"https:\/\/www.europesays.com\/de\/wp-content\/uploads\/2026\/07\/https:\/\/fotos.rennrad-news.de\/f3\/6\/672\/672058-ezl9o2sgvdkt-jaycoalula_3-original.jpg\"   loading=\"lazy\" alt=\"Das Giant Propel Advanced SL von Felix Engelhardt bei Jayco - AlUla.\" title=\"Das Giant Propel Advanced SL von Felix Engelhardt bei Jayco - AlUla.\" data-photo-id=\"672058\" width=\"550\" height=\"367\"\/><br \/>\n        <\/a><\/p>\n<p>            <a href=\"#fa-photo-672058\" class=\"js__imageNumbering\">#<\/a><br \/>\n            <strong>Das Giant Propel Advanced SL von Felix Engelhardt bei Jayco &#8211; AlUla.<\/strong>  \u2013 In den Farben des Deutschen Meisters.<\/p>\n<p>Bei den Laufr\u00e4dern setzt das Team auf Cadex Max 50, die nur 1.250 g wiegen und damit erheblich zum niedrigen Gesamtgewicht beitragen d\u00fcrften. Dazu kommen Cadex Aero-Reifen in 30 mm Breite. Die \u00dcbersetzung f\u00e4llt, wie bei vielen starken Fahrern im Peloton, gro\u00df aus: Engelhardt f\u00e4hrt 55\/40 Z\u00e4hne vorn, kombiniert mit einer gro\u00dfen Kassette hinten. Dazu kommen ein Cadex Amp-Sattel und kurze 165-mm-Kurbeln.<\/p>\n<ul>\n<li><strong>Gewicht:<\/strong> 7,1 kg mit Pedalen<\/li>\n<li><strong>Kurbell\u00e4nge:<\/strong> 165 mm<\/li>\n<li><strong>\u00dcbersetzung:<\/strong> 55\/40 Z\u00e4hne vorn, 11-34 Kassette hinten<\/li>\n<li><strong>Reifen:<\/strong> Cadex Aero, 30 mm<\/li>\n<li><strong>Laufr\u00e4der:<\/strong> Cadex Max 50, 1.250 g<\/li>\n<li><strong>Cockpit:<\/strong> Giant Contact SLR<\/li>\n<li><strong>Sattel:<\/strong> Cadex Amp 3D<\/li>\n<\/ul>\n<p>        <a id=\"fa-photo-672118\"\/><br \/>\n        <a href=\"https:\/\/fotos.rennrad-news.de\/p\/672118\" title=\"Felix Engelhardt f\u00e4hrt seine erste Tour de France.\" rel=\"nofollow noopener\" target=\"_blank\"><br \/>\n            <img decoding=\"async\" src=\"https:\/\/www.europesays.com\/de\/wp-content\/uploads\/2026\/07\/https:\/\/fotos.rennrad-news.de\/f3\/6\/672\/672118-be9hebzb6nbn-jaycoalula_63-original.jpg\"   loading=\"lazy\" alt=\"Felix Engelhardt f\u00e4hrt seine erste Tour de France.\" title=\"Felix Engelhardt f\u00e4hrt seine erste Tour de France.\" data-photo-id=\"672118\" width=\"550\" height=\"367\"\/><br \/>\n        <\/a><\/p>\n<p>            <a href=\"#fa-photo-672118\" class=\"js__imageNumbering\">#<\/a><br \/>\n            <strong>Felix Engelhardt f\u00e4hrt seine erste Tour de France.<\/strong>  \u2013 Und gleich im Meistertrikot.<\/p>\n<p>            <a id=\"fa-photo-672076\"\/><br \/>\n            <a href=\"https:\/\/fotos.rennrad-news.de\/p\/672076\" title=\"Cadex Amp 3D Sattel mit 3D-Druck Satteldecke.\" rel=\"nofollow noopener\" target=\"_blank\"><br \/>\n                <img decoding=\"async\" src=\"https:\/\/www.europesays.com\/de\/wp-content\/uploads\/2026\/07\/https:\/\/fotos.rennrad-news.de\/f3\/6\/672\/672076-aj7rm9oih55k-jaycoalula_21-original.jpg\"   loading=\"lazy\" alt=\"Cadex Amp 3D Sattel mit 3D-Druck Satteldecke.\" title=\"Cadex Amp 3D Sattel mit 3D-Druck Satteldecke.\" data-photo-id=\"672076\" height=\"367\" width=\"550\"\/><br \/>\n            <\/a><\/p>\n<p>                <a href=\"#fa-photo-672076\" class=\"js__imageNumbering\">#<\/a><br \/>\n                <strong>Cadex Amp 3D Sattel mit 3D-Druck Satteldecke.<\/strong> <\/p>\n<p>            <a id=\"fa-photo-672075\"\/><br \/>\n            <a href=\"https:\/\/fotos.rennrad-news.de\/p\/672075\" title=\"Felix nutzt Zusatz-Shifter.\" rel=\"nofollow noopener\" target=\"_blank\"><br \/>\n                <img decoding=\"async\" src=\"https:\/\/www.europesays.com\/de\/wp-content\/uploads\/2026\/07\/https:\/\/fotos.rennrad-news.de\/f3\/6\/672\/672075-c7wbxajbzeqk-jaycoalula_20-original.jpg\"   loading=\"lazy\" alt=\"Felix nutzt Zusatz-Shifter.\" title=\"Felix nutzt Zusatz-Shifter.\" data-photo-id=\"672075\" height=\"367\" width=\"550\"\/><br \/>\n            <\/a><\/p>\n<p>                <a href=\"#fa-photo-672075\" class=\"js__imageNumbering\">#<\/a><br \/>\n                <strong>Felix nutzt Zusatz-Shifter.<\/strong> <\/p>\n<p>            <a id=\"fa-photo-672070\"\/><br \/>\n            <a href=\"https:\/\/fotos.rennrad-news.de\/p\/672070\" title=\"Giant Contact SLR Cockpit.\" rel=\"nofollow noopener\" target=\"_blank\"><br \/>\n                <img decoding=\"async\" src=\"https:\/\/www.europesays.com\/de\/wp-content\/uploads\/2026\/07\/https:\/\/fotos.rennrad-news.de\/f3\/6\/672\/672070-dsoixihvq91d-jaycoalula_15-original.jpg\"   loading=\"lazy\" alt=\"Giant Contact SLR Cockpit.\" title=\"Giant Contact SLR Cockpit.\" data-photo-id=\"672070\" height=\"367\" width=\"550\"\/><br \/>\n            <\/a><\/p>\n<p>                <a href=\"#fa-photo-672070\" class=\"js__imageNumbering\">#<\/a><br \/>\n                <strong>Giant Contact SLR Cockpit.<\/strong> <\/p>\n<p>            <a id=\"fa-photo-672074\"\/><br \/>\n            <a href=\"https:\/\/fotos.rennrad-news.de\/p\/672074\" title=\"Felix gefiel die Lackierung sehr gut.\" rel=\"nofollow noopener\" target=\"_blank\"><br \/>\n                <img decoding=\"async\" src=\"https:\/\/www.europesays.com\/de\/wp-content\/uploads\/2026\/07\/https:\/\/fotos.rennrad-news.de\/f3\/6\/672\/672074-9va1jpgfbyw9-jaycoalula_19-original.jpg\"   loading=\"lazy\" alt=\"Felix gefiel die Lackierung sehr gut.\" title=\"Felix gefiel die Lackierung sehr gut.\" data-photo-id=\"672074\" height=\"367\" width=\"550\"\/><br \/>\n            <\/a><\/p>\n<p>                <a href=\"#fa-photo-672074\" class=\"js__imageNumbering\">#<\/a><br \/>\n                <strong>Felix gefiel die Lackierung sehr gut.<\/strong> <\/p>\n<p>            <a id=\"fa-photo-672078\"\/><br \/>\n            <a href=\"https:\/\/fotos.rennrad-news.de\/p\/672078\" title=\"165er Kurbeln.\" rel=\"nofollow noopener\" target=\"_blank\"><br \/>\n                <img decoding=\"async\" src=\"https:\/\/www.europesays.com\/de\/wp-content\/uploads\/2026\/07\/https:\/\/fotos.rennrad-news.de\/f3\/6\/672\/672078-z8nebbe0k3rm-jaycoalula_23-original.jpg\"   loading=\"lazy\" alt=\"165er Kurbeln.\" title=\"165er Kurbeln.\" data-photo-id=\"672078\" height=\"367\" width=\"550\"\/><br \/>\n            <\/a><\/p>\n<p>                <a href=\"#fa-photo-672078\" class=\"js__imageNumbering\">#<\/a><br \/>\n                <strong>165er Kurbeln.<\/strong> <\/p>\n<p>            <a id=\"fa-photo-672063\"\/><br \/>\n            <a href=\"https:\/\/fotos.rennrad-news.de\/p\/672063\" title=\"Cadex Aero-Reifen in 30 mm.\" rel=\"nofollow noopener\" target=\"_blank\"><br \/>\n                <img decoding=\"async\" src=\"https:\/\/www.europesays.com\/de\/wp-content\/uploads\/2026\/07\/https:\/\/fotos.rennrad-news.de\/f3\/6\/672\/672063-hxneiomd2npu-jaycoalula_8-original.jpg\"   loading=\"lazy\" alt=\"Cadex Aero-Reifen in 30 mm.\" title=\"Cadex Aero-Reifen in 30 mm.\" data-photo-id=\"672063\" height=\"367\" width=\"550\"\/><br \/>\n            <\/a><\/p>\n<p>                <a href=\"#fa-photo-672063\" class=\"js__imageNumbering\">#<\/a><br \/>\n                <strong>Cadex Aero-Reifen in 30 mm.<\/strong> <\/p>\n<p>            <a id=\"fa-photo-672081\"\/><br \/>\n            <a href=\"https:\/\/fotos.rennrad-news.de\/p\/672081\" title=\"Kettenf\u00fchrung\u2026\" rel=\"nofollow noopener\" target=\"_blank\"><br \/>\n                <img decoding=\"async\" src=\"https:\/\/www.europesays.com\/de\/wp-content\/uploads\/2026\/07\/https:\/\/fotos.rennrad-news.de\/f3\/6\/672\/672081-s6i0fn4bb1vy-jaycoalula_26-original.jpg\"   loading=\"lazy\" alt=\"Kettenf\u00fchrung\u2026\" title=\"Kettenf\u00fchrung\u2026\" data-photo-id=\"672081\" height=\"367\" width=\"550\"\/><br \/>\n            <\/a><\/p>\n<p>                <a href=\"#fa-photo-672081\" class=\"js__imageNumbering\">#<\/a><br \/>\n                <strong>Kettenf\u00fchrung\u2026<\/strong> <\/p>\n<p>            <a id=\"fa-photo-672073\"\/><br \/>\n            <a href=\"https:\/\/fotos.rennrad-news.de\/p\/672073\" title=\"\u2026und leichte Flaschenhalter von Elite.\" rel=\"nofollow noopener\" target=\"_blank\"><br \/>\n                <img decoding=\"async\" src=\"https:\/\/www.europesays.com\/de\/wp-content\/uploads\/2026\/07\/https:\/\/fotos.rennrad-news.de\/f3\/6\/672\/672073-hbwbqvbg5mv0-jaycoalula_18-original.jpg\"   loading=\"lazy\" alt=\"\u2026und leichte Flaschenhalter von Elite.\" title=\"\u2026und leichte Flaschenhalter von Elite.\" data-photo-id=\"672073\" height=\"367\" width=\"550\"\/><br \/>\n            <\/a><\/p>\n<p>                <a href=\"#fa-photo-672073\" class=\"js__imageNumbering\">#<\/a><br \/>\n                <strong>\u2026und leichte Flaschenhalter von Elite.<\/strong> <\/p>\n<p>        <a id=\"fa-photo-672112\"\/><br \/>\n        <a href=\"https:\/\/fotos.rennrad-news.de\/p\/672112\" title=\"Auch ein neues Trikot-Design von Maap gab es f\u00fcr Jayco AlUla.\" rel=\"nofollow noopener\" target=\"_blank\"><br \/>\n            <img decoding=\"async\" src=\"https:\/\/www.europesays.com\/de\/wp-content\/uploads\/2026\/07\/https:\/\/fotos.rennrad-news.de\/f3\/6\/672\/672112-895jt02hd9qh-jaycoalula_57-original.jpg\"   loading=\"lazy\" alt=\"Auch ein neues Trikot-Design von Maap gab es f\u00fcr Jayco AlUla.\" title=\"Auch ein neues Trikot-Design von Maap gab es f\u00fcr Jayco AlUla.\" data-photo-id=\"672112\" width=\"550\" height=\"367\"\/><br \/>\n        <\/a><\/p>\n<p>            <a href=\"#fa-photo-672112\" class=\"js__imageNumbering\">#<\/a><br \/>\n            <strong>Auch ein neues Trikot-Design von Maap gab es f\u00fcr Jayco AlUla.<\/strong> <\/p>\n<p>            <a id=\"fa-photo-672107\"\/><br \/>\n            <a href=\"https:\/\/fotos.rennrad-news.de\/p\/672107\" title=\"Freilaufcheck haben wir im Video\u2026\" rel=\"nofollow noopener\" target=\"_blank\"><br \/>\n                <img decoding=\"async\" src=\"https:\/\/www.europesays.com\/de\/wp-content\/uploads\/2026\/07\/https:\/\/fotos.rennrad-news.de\/f3\/6\/672\/672107-gj1i23vz9pag-jaycoalula_52-original.jpg\"   loading=\"lazy\" alt=\"Freilaufcheck haben wir im Video\u2026\" title=\"Freilaufcheck haben wir im Video\u2026\" data-photo-id=\"672107\" height=\"367\" width=\"550\"\/><br \/>\n            <\/a><\/p>\n<p>                <a href=\"#fa-photo-672107\" class=\"js__imageNumbering\">#<\/a><br \/>\n                <strong>Freilaufcheck haben wir im Video\u2026<\/strong> <\/p>\n<p>            <a id=\"fa-photo-672117\"\/><br \/>\n            <a href=\"https:\/\/fotos.rennrad-news.de\/p\/672117\" title=\"\u2026und Autogramm auf der Schiene.\" rel=\"nofollow noopener\" target=\"_blank\"><br \/>\n                <img decoding=\"async\" src=\"https:\/\/www.europesays.com\/de\/wp-content\/uploads\/2026\/07\/https:\/\/fotos.rennrad-news.de\/f3\/6\/672\/672117-kz8a7ll5m4an-jaycoalula_62-original.jpg\"   loading=\"lazy\" alt=\"\u2026und Autogramm auf der Schiene.\" title=\"\u2026und Autogramm auf der Schiene.\" data-photo-id=\"672117\" height=\"367\" width=\"550\"\/><br \/>\n            <\/a><\/p>\n<p>                <a href=\"#fa-photo-672117\" class=\"js__imageNumbering\">#<\/a><br \/>\n                <strong>\u2026und Autogramm auf der Schiene.<\/strong> <\/p>\n<p>Pinarello Dogma F: Egan Bernals Meisterrad<\/p>\n<p>Noch ein Meisterrad: Egan Bernals Pinarello Dogma F tr\u00e4gt die Farben des kolumbianischen Meisters. Technisch spannend ist vor allem der Laufradwechsel bei Netcompany Ineos: Das Team f\u00e4hrt erstmals auf Scope-Artech-Laufr\u00e4dern. Auff\u00e4llig ist deren schuppenartige Aeroscales-Struktur, dazu kommen laut Scope 3D-gedruckte Scalmalloy-Naben. Am Rad von Bernal ist ein hoher Aero-Laufradsatz montiert.<\/p>\n<p>Auch Ineos setzt auf Continental Grand Prix TT TR-Reifen, also Zeitfahrreifen an einem normalen Stra\u00dfenrennrad. Montiert ist nominell ein 28-mm-Reifen, der auf den sehr breiten Scope-Artech-Felgen aber deutlich gr\u00f6\u00dfer baut. Dazu kommt ein eher softes, griffig wirkendes Lenkerband. Kurz wie bei Vingegaard: Die 160-mm-Kurbel der Dura Ace-Gruppe. Ein kurioses Detail sitzt links unten an der Gabel: Dort ist eine kleine Finne aufgeklebt. Wof\u00fcr sie genau gedacht ist, wissen wir nicht: Was glaubt ihr?<\/p>\n<ul>\n<li><strong>Kurbell\u00e4nge:<\/strong> 160 mm<\/li>\n<li><strong>Schaltung:<\/strong> Shimano Dura-Ace Di2<\/li>\n<li><strong>Reifen:<\/strong> Continental Grand Prix TT TR, nominell 28 mm, gesch\u00e4tzt ca. 30 mm montiert<\/li>\n<li><strong>Laufr\u00e4der:<\/strong> Scope Artech 6 (23 mm Innenweite)<\/li>\n<\/ul>\n<p>        <a id=\"fa-photo-672053\"\/><br \/>\n        <a href=\"https:\/\/fotos.rennrad-news.de\/p\/672053\" title=\"Das Pinarello Dogma F von Egan Bernal.\" rel=\"nofollow noopener\" target=\"_blank\"><br \/>\n            <img decoding=\"async\" src=\"https:\/\/www.europesays.com\/de\/wp-content\/uploads\/2026\/07\/https:\/\/fotos.rennrad-news.de\/f3\/6\/672\/672053-frxz7mxlli4t-ineos_16-original.jpg\"   loading=\"lazy\" alt=\"Das Pinarello Dogma F von Egan Bernal.\" title=\"Das Pinarello Dogma F von Egan Bernal.\" data-photo-id=\"672053\" width=\"550\" height=\"367\"\/><br \/>\n        <\/a><\/p>\n<p>            <a href=\"#fa-photo-672053\" class=\"js__imageNumbering\">#<\/a><br \/>\n            <strong>Das Pinarello Dogma F von Egan Bernal.<\/strong> <\/p>\n<p>            <a id=\"fa-photo-672055\"\/><br \/>\n            <a href=\"https:\/\/fotos.rennrad-news.de\/p\/672055\" title=\"Hier entdeckten wir eine kleine Finne in 3D-Druck. Aerotuning?\" rel=\"nofollow noopener\" target=\"_blank\"><br \/>\n                <img decoding=\"async\" src=\"https:\/\/www.europesays.com\/de\/wp-content\/uploads\/2026\/07\/https:\/\/fotos.rennrad-news.de\/f3\/6\/672\/672055-t0pybuukmtbh-ineos_18-original.jpg\"   loading=\"lazy\" alt=\"Hier entdeckten wir eine kleine Finne in 3D-Druck. Aerotuning?\" title=\"Hier entdeckten wir eine kleine Finne in 3D-Druck. Aerotuning?\" data-photo-id=\"672055\" height=\"367\" width=\"550\"\/><br \/>\n            <\/a><\/p>\n<p>                <a href=\"#fa-photo-672055\" class=\"js__imageNumbering\">#<\/a><br \/>\n                <strong>Hier entdeckten wir eine kleine Finne in 3D-Druck. Aerotuning?<\/strong> <\/p>\n<p>            <a id=\"fa-photo-672048\"\/><br \/>\n            <a href=\"https:\/\/fotos.rennrad-news.de\/p\/672048\" title=\"Netcompany - Ineos f\u00e4hrt jetzt Scope-Laufrads\u00e4tze \u2013 hier die hohen Artech 6.\" rel=\"nofollow noopener\" target=\"_blank\"><br \/>\n                <img decoding=\"async\" src=\"https:\/\/www.europesays.com\/de\/wp-content\/uploads\/2026\/07\/https:\/\/fotos.rennrad-news.de\/f3\/6\/672\/672048-iak9jj45xizb-ineos_11-original.jpg\"   loading=\"lazy\" alt=\"Netcompany - Ineos f\u00e4hrt jetzt Scope-Laufrads\u00e4tze \u2013 hier die hohen Artech 6.\" title=\"Netcompany - Ineos f\u00e4hrt jetzt Scope-Laufrads\u00e4tze \u2013 hier die hohen Artech 6.\" data-photo-id=\"672048\" height=\"367\" width=\"550\"\/><br \/>\n            <\/a><\/p>\n<p>                <a href=\"#fa-photo-672048\" class=\"js__imageNumbering\">#<\/a><br \/>\n                <strong>Netcompany &#8211; Ineos f\u00e4hrt jetzt Scope-Laufrads\u00e4tze \u2013 hier die hohen Artech 6.<\/strong> <\/p>\n<p>        <a id=\"fa-photo-672041\"\/><br \/>\n        <a href=\"https:\/\/fotos.rennrad-news.de\/p\/672041\" title=\"Auch das TT Bike von Filippo Ganna stand schon bereit f\u00fcr das Mannschaftszeitfahren am Samstag, das 3-Speichen-Laufrad ist eine Neuentwicklung, die erstmals zu sehen ist.\" rel=\"nofollow noopener\" target=\"_blank\"><br \/>\n            <img decoding=\"async\" src=\"https:\/\/www.europesays.com\/de\/wp-content\/uploads\/2026\/07\/https:\/\/fotos.rennrad-news.de\/f3\/6\/672\/672041-huu0vg0kx3vo-ineos_4-original.jpg\"   loading=\"lazy\" alt=\"Auch das TT Bike von Filippo Ganna stand schon bereit f\u00fcr das Mannschaftszeitfahren am Samstag, das 3-Speichen-Laufrad ist eine Neuentwicklung, die erstmals zu sehen ist.\" title=\"Auch das TT Bike von Filippo Ganna stand schon bereit f\u00fcr das Mannschaftszeitfahren am Samstag, das 3-Speichen-Laufrad ist eine Neuentwicklung, die erstmals zu sehen ist.\" data-photo-id=\"672041\" width=\"550\" height=\"367\"\/><br \/>\n        <\/a><\/p>\n<p>            <a href=\"#fa-photo-672041\" class=\"js__imageNumbering\">#<\/a><br \/>\n            <strong>Auch das TT Bike von Filippo Ganna stand schon bereit f\u00fcr das Mannschaftszeitfahren am Samstag, das 3-Speichen-Laufrad ist eine Neuentwicklung, die erstmals zu sehen ist.<\/strong> <\/p>\n<p>BMC Timemachine Mpc: Matteo Trentins Zeitfahrrad<\/p>\n<p>Das Zeitfahrrad von Matteo Trentin zeigt die Position, wohin sich moderne TT-Setups entwickelt haben. Die \u00dcberh\u00f6hung zwischen Sattel und Cockpit f\u00e4llt nicht mehr so radikal aus. Stattdessen r\u00fcckt Trentin die Arme eng an den Oberk\u00f6rper.<\/p>\n<p>Seine BMC Timemachine Mpc (f\u00fcr \u201eMasterpiece\u201c) entsteht im Impec Lab von BMC in der Schweiz. Erst dieses Jahr wurden die neuen Zeitfahrr\u00e4der beim Tudor Pro Cycling Team nach und nach an die Fahrer ausgegeben; f\u00fcr einige Fahrer d\u00fcrfte der Tour-Zeitfahr-Einsatz entsprechend einer der ersten Renneins\u00e4tze mit dem neuen Rad sein. Charakteristisch sind die weit ausgestellten Sitzstreben und die Finne hinter der Achsaufnahme, die den Luftstrom am Reifen vorbei f\u00fchren soll. Dazu kommen Schwalbe Pro One Aero-Reifen mit unterschiedlichen Profilen f\u00fcr Vorder- und Hinterrad sowie eine Aero-Trinkflasche von Elite. Vorne f\u00e4hrt Trentin ein 60er-Monokettenblatt. Das spezielle Cockpit stammt von Wattshop, die Handauflagen sind im 3D-Druckverfahren ausgef\u00fchrt.<\/p>\n<ul>\n<li><strong>\u00dcbersetzung:<\/strong> 60 Z\u00e4hne vorne, 10-36er Kassette hinten<\/li>\n<li><strong>Schaltung:<\/strong> <a href=\"https:\/\/www.rennrad-news.de\/news\/neue-sram-red-axs-test-info-preise\/\" rel=\"nofollow noopener\" target=\"_blank\">SRAM Red AXS<\/a> 1\u00d712<\/li>\n<li><strong>Reifen:<\/strong> Schwalbe Pro One Aero, vorn und hinten mit unterschiedlichem Profil<\/li>\n<\/ul>\n<p>        <a id=\"fa-photo-671660\"\/><br \/>\n        <a href=\"https:\/\/fotos.rennrad-news.de\/p\/671660\" title=\"Die BMC Teammachine Mpc von Matteo Trentin.\" rel=\"nofollow noopener\" target=\"_blank\"><br \/>\n            <img decoding=\"async\" src=\"https:\/\/www.europesays.com\/de\/wp-content\/uploads\/2026\/07\/https:\/\/fotos.rennrad-news.de\/f3\/6\/671\/671660-uy0ousntxd8n-bmc_57-original.jpg\"   loading=\"lazy\" alt=\"Die BMC Teammachine Mpc von Matteo Trentin.\" title=\"Die BMC Teammachine Mpc von Matteo Trentin.\" data-photo-id=\"671660\" width=\"550\" height=\"367\"\/><br \/>\n        <\/a><\/p>\n<p>            <a href=\"#fa-photo-671660\" class=\"js__imageNumbering\">#<\/a><br \/>\n            <strong>Die BMC Teammachine Mpc von Matteo Trentin.<\/strong>  \u2013 Die Zeitfahrboliden f\u00fcr das Tudor Cycling Team werden s\u00e4mtlich in der Schweiz gefertigt.<\/p>\n<p>            <a id=\"fa-photo-671645\"\/><br \/>\n            <a href=\"https:\/\/fotos.rennrad-news.de\/p\/671645\" title=\"Mit weit ausgestellten Sitzstreben\u2026\" rel=\"nofollow noopener\" target=\"_blank\"><br \/>\n                <img decoding=\"async\" src=\"https:\/\/www.europesays.com\/de\/wp-content\/uploads\/2026\/07\/https:\/\/fotos.rennrad-news.de\/f3\/6\/671\/671645-gdqjhra4vn4d-bmc_73-original.jpg\"   loading=\"lazy\" alt=\"Mit weit ausgestellten Sitzstreben\u2026\" title=\"Mit weit ausgestellten Sitzstreben\u2026\" data-photo-id=\"671645\" height=\"367\" width=\"550\"\/><br \/>\n            <\/a><\/p>\n<p>                <a href=\"#fa-photo-671645\" class=\"js__imageNumbering\">#<\/a><br \/>\n                <strong>Mit weit ausgestellten Sitzstreben\u2026<\/strong> <\/p>\n<p>            <a id=\"fa-photo-671659\"\/><br \/>\n            <a href=\"https:\/\/fotos.rennrad-news.de\/p\/671659\" title=\"\u2026schafft man Geschwindigkeit.\" rel=\"nofollow noopener\" target=\"_blank\"><br \/>\n                <img decoding=\"async\" src=\"https:\/\/www.europesays.com\/de\/wp-content\/uploads\/2026\/07\/https:\/\/fotos.rennrad-news.de\/f3\/6\/671\/671659-zan7d8862g5f-bmc_58-original.jpg\"   loading=\"lazy\" alt=\"\u2026schafft man Geschwindigkeit.\" title=\"\u2026schafft man Geschwindigkeit.\" data-photo-id=\"671659\" height=\"367\" width=\"550\"\/><br \/>\n            <\/a><\/p>\n<p>                <a href=\"#fa-photo-671659\" class=\"js__imageNumbering\">#<\/a><br \/>\n                <strong>\u2026schafft man Geschwindigkeit.<\/strong> <\/p>\n<p>            <a id=\"fa-photo-671649\"\/><br \/>\n            <a href=\"https:\/\/fotos.rennrad-news.de\/p\/671649\" title=\"Trentin f\u00e4hrt eine 172,5er Kurbel.\" rel=\"nofollow noopener\" target=\"_blank\"><br \/>\n                <img decoding=\"async\" src=\"https:\/\/www.europesays.com\/de\/wp-content\/uploads\/2026\/07\/https:\/\/fotos.rennrad-news.de\/f3\/6\/671\/671649-evo30tv326lu-bmc_69-original.jpg\"   loading=\"lazy\" alt=\"Trentin f\u00e4hrt eine 172,5er Kurbel.\" title=\"Trentin f\u00e4hrt eine 172,5er Kurbel.\" data-photo-id=\"671649\" height=\"367\" width=\"550\"\/><br \/>\n            <\/a><\/p>\n<p>                <a href=\"#fa-photo-671649\" class=\"js__imageNumbering\">#<\/a><br \/>\n                <strong>Trentin f\u00e4hrt eine 172,5er Kurbel.<\/strong> <\/p>\n<p>            <a id=\"fa-photo-671653\"\/><br \/>\n            <a href=\"https:\/\/fotos.rennrad-news.de\/p\/671653\" title=\"Aero-Trinkflasche von Elite.\" rel=\"nofollow noopener\" target=\"_blank\"><br \/>\n                <img decoding=\"async\" src=\"https:\/\/www.europesays.com\/de\/wp-content\/uploads\/2026\/07\/https:\/\/fotos.rennrad-news.de\/f3\/6\/671\/671653-4aqwsnicu6wc-bmc_65-original.jpg\"   loading=\"lazy\" alt=\"Aero-Trinkflasche von Elite.\" title=\"Aero-Trinkflasche von Elite.\" data-photo-id=\"671653\" height=\"367\" width=\"550\"\/><br \/>\n            <\/a><\/p>\n<p>                <a href=\"#fa-photo-671653\" class=\"js__imageNumbering\">#<\/a><br \/>\n                <strong>Aero-Trinkflasche von Elite.<\/strong> <\/p>\n<p>        <a id=\"fa-photo-671654\"\/><br \/>\n        <a href=\"https:\/\/fotos.rennrad-news.de\/p\/671654\" title=\"Mit 60 Z\u00e4hnen ist Trentins Mono-Kettenblatt noch klein.\" rel=\"nofollow noopener\" target=\"_blank\"><br \/>\n            <img decoding=\"async\" src=\"https:\/\/www.europesays.com\/de\/wp-content\/uploads\/2026\/07\/https:\/\/fotos.rennrad-news.de\/f3\/6\/671\/671654-psndo7vxdp2k-bmc_64-original.jpg\"   loading=\"lazy\" alt=\"Mit 60 Z\u00e4hnen ist Trentins Mono-Kettenblatt noch klein.\" title=\"Mit 60 Z\u00e4hnen ist Trentins Mono-Kettenblatt noch klein.\" data-photo-id=\"671654\" width=\"550\" height=\"367\"\/><br \/>\n        <\/a><\/p>\n<p>            <a href=\"#fa-photo-671654\" class=\"js__imageNumbering\">#<\/a><br \/>\n            <strong>Mit 60 Z\u00e4hnen ist Trentins Mono-Kettenblatt noch klein.<\/strong> <\/p>\n<p>            <a id=\"fa-photo-671648\"\/><br \/>\n            <a href=\"https:\/\/fotos.rennrad-news.de\/p\/671648\" title=\"Luftstrom-Optimierung am Heck\u2026\" rel=\"nofollow noopener\" target=\"_blank\"><br \/>\n                <img decoding=\"async\" src=\"https:\/\/www.europesays.com\/de\/wp-content\/uploads\/2026\/07\/https:\/\/fotos.rennrad-news.de\/f3\/6\/671\/671648-om3vz973xic9-bmc_70-original.jpg\"   loading=\"lazy\" alt=\"Luftstrom-Optimierung am Heck\u2026\" title=\"Luftstrom-Optimierung am Heck\u2026\" data-photo-id=\"671648\" height=\"367\" width=\"550\"\/><br \/>\n            <\/a><\/p>\n<p>                <a href=\"#fa-photo-671648\" class=\"js__imageNumbering\">#<\/a><br \/>\n                <strong>Luftstrom-Optimierung am Heck\u2026<\/strong> <\/p>\n<p>            <a id=\"fa-photo-671657\"\/><br \/>\n            <a href=\"https:\/\/fotos.rennrad-news.de\/p\/671657\" title=\"\u2026und an der Front.\" rel=\"nofollow noopener\" target=\"_blank\"><br \/>\n                <img decoding=\"async\" src=\"https:\/\/www.europesays.com\/de\/wp-content\/uploads\/2026\/07\/https:\/\/fotos.rennrad-news.de\/f3\/6\/671\/671657-3fuu3pxf8xv9-bmc_61-original.jpg\"   loading=\"lazy\" alt=\"\u2026und an der Front.\" title=\"\u2026und an der Front.\" data-photo-id=\"671657\" height=\"367\" width=\"550\"\/><br \/>\n            <\/a><\/p>\n<p>                <a href=\"#fa-photo-671657\" class=\"js__imageNumbering\">#<\/a><br \/>\n                <strong>\u2026und an der Front.<\/strong> <\/p>\n<p>        <a id=\"fa-photo-671646\"\/><br \/>\n        <a href=\"https:\/\/fotos.rennrad-news.de\/p\/671646\" title=\"Spacert\u00fcrme sorgen f\u00fcr eine hohe Armablage.\" rel=\"nofollow noopener\" target=\"_blank\"><br \/>\n            <img decoding=\"async\" src=\"https:\/\/www.europesays.com\/de\/wp-content\/uploads\/2026\/07\/https:\/\/fotos.rennrad-news.de\/f3\/6\/671\/671646-yzt75i73bwgl-bmc_72-original.jpg\"   loading=\"lazy\" alt=\"Spacert\u00fcrme sorgen f\u00fcr eine hohe Armablage.\" title=\"Spacert\u00fcrme sorgen f\u00fcr eine hohe Armablage.\" data-photo-id=\"671646\" width=\"550\" height=\"367\"\/><br \/>\n        <\/a><\/p>\n<p>            <a href=\"#fa-photo-671646\" class=\"js__imageNumbering\">#<\/a><br \/>\n            <strong>Spacert\u00fcrme sorgen f\u00fcr eine hohe Armablage.<\/strong>  \u2013 Der Winkel soll m\u00f6glichst steil sein, aber die UCI setzt hier Grenzen.<\/p>\n<p>            <a id=\"fa-photo-671650\"\/><br \/>\n            <a href=\"https:\/\/fotos.rennrad-news.de\/p\/671650\" title=\"3D-Druck-L\u00f6sungen geh\u00f6ren an den TT-Cockpits\u2026\" rel=\"nofollow noopener\" target=\"_blank\"><br \/>\n                <img decoding=\"async\" src=\"https:\/\/www.europesays.com\/de\/wp-content\/uploads\/2026\/07\/https:\/\/fotos.rennrad-news.de\/f3\/6\/671\/671650-g0wx9yzgzdt6-bmc_68-original.jpg\"   loading=\"lazy\" alt=\"3D-Druck-L\u00f6sungen geh\u00f6ren an den TT-Cockpits\u2026\" title=\"3D-Druck-L\u00f6sungen geh\u00f6ren an den TT-Cockpits\u2026\" data-photo-id=\"671650\" height=\"367\" width=\"550\"\/><br \/>\n            <\/a><\/p>\n<p>                <a href=\"#fa-photo-671650\" class=\"js__imageNumbering\">#<\/a><br \/>\n                <strong>3D-Druck-L\u00f6sungen geh\u00f6ren an den TT-Cockpits\u2026<\/strong> <\/p>\n<p>            <a id=\"fa-photo-671658\"\/><br \/>\n            <a href=\"https:\/\/fotos.rennrad-news.de\/p\/671658\" title=\"\u2026zum Standard.\" rel=\"nofollow noopener\" target=\"_blank\"><br \/>\n                <img decoding=\"async\" src=\"https:\/\/www.europesays.com\/de\/wp-content\/uploads\/2026\/07\/https:\/\/fotos.rennrad-news.de\/f3\/6\/671\/671658-7c4axmup7u0q-bmc_59-original.jpg\"   loading=\"lazy\" alt=\"\u2026zum Standard.\" title=\"\u2026zum Standard.\" data-photo-id=\"671658\" height=\"367\" width=\"550\"\/><br \/>\n            <\/a><\/p>\n<p>                <a href=\"#fa-photo-671658\" class=\"js__imageNumbering\">#<\/a><br \/>\n                <strong>\u2026zum Standard.<\/strong> <\/p>\n<p>BMC Teammachine R: Matteo Trentins Aero-Allrounder<\/p>\n<p>Auch Matteo Trentins BMC Teammachine R steht bereit f\u00fcr die 2. Etappe, das Aero-Allroundrad des Tudor Pro Cycling Team. Trentins Sitzposition: Der Sattel sitzt extrem weit vorn, obwohl bereits eine Zero-Setback-Sattelst\u00fctze montiert ist. Den dadurch verk\u00fcrzten Abstand zum Lenker gleicht Trentin mit einem 140-mm-Vorbau aus. Bei den Reifen setzt Tudor auf spezielle Schwalbe Pro One-Modelle mit der Kennzeichnung 28\/30 auf der Flanke. Je nach Felge sollen sie also etwa 28 bis 30 mm breit bauen. An den Felgen kleben die Mechaniker kleine Sticker, um den Wechsel der Dichtmilch im Blick zu behalten. Au\u00dferdem sind Clik-Valve-Ventile montiert. Das Cockpit ist nicht extrem schmal eingestellt. Zus\u00e4tzlich nutzt Trentin Sprint-\/Zusatzschalter unterhalb der Shifter; weitere Tasten sitzen an den SRAM Red-Schalthebeln.<\/p>\n<p>Auch die \u00dcbersetzung passt zum aktuellen Profi-Trend: vorn gro\u00dfe Kettenbl\u00e4tter, hinten eine gro\u00dfe Kassette. Trentin f\u00e4hrt 56\/43 Z\u00e4hne an der Kurbel und eine 10-36-Kassette. Die Idee dahinter: weniger enge Kettenwinkel, geringere Reibung und trotzdem gen\u00fcgend Bandbreite f\u00fcr schwere Tour-Etappen.<\/p>\n<ul>\n<li><strong>Kurbell\u00e4nge:<\/strong> 172,5 mm<\/li>\n<li><strong>\u00dcbersetzung:<\/strong> 56\/43 Z\u00e4hne vorn, 10-36 Kassette hinten<\/li>\n<li><strong>Schaltung:<\/strong> SRAM Red AXS 2\u00d712<\/li>\n<li><strong>Reifen:<\/strong> Schwalbe Pro One Aero 28\/30<\/li>\n<li><strong>Laufr\u00e4der:<\/strong> DT Swiss ARC 1100<\/li>\n<\/ul>\n<p>        <a id=\"fa-photo-671708\"\/><br \/>\n        <a href=\"https:\/\/fotos.rennrad-news.de\/p\/671708\" title=\"Die BMC Teamachine R von Matteo Trentin.\" rel=\"nofollow noopener\" target=\"_blank\"><br \/>\n            <img decoding=\"async\" src=\"https:\/\/www.europesays.com\/de\/wp-content\/uploads\/2026\/07\/https:\/\/fotos.rennrad-news.de\/f3\/6\/671\/671708-15ha2qv23zik-bmc_9-original.jpg\"   loading=\"lazy\" alt=\"Die BMC Teamachine R von Matteo Trentin.\" title=\"Die BMC Teamachine R von Matteo Trentin.\" data-photo-id=\"671708\" width=\"550\" height=\"367\"\/><br \/>\n        <\/a><\/p>\n<p>            <a href=\"#fa-photo-671708\" class=\"js__imageNumbering\">#<\/a><br \/>\n            <strong>Die BMC Teamachine R von Matteo Trentin.<\/strong>  \u2013 Der Aero-Allrounder kommt auf allen Etappen zum Einsatz.<\/p>\n<p>            <a id=\"fa-photo-671710\"\/><br \/>\n            <a href=\"https:\/\/fotos.rennrad-news.de\/p\/671710\" title=\"Trentin f\u00e4hrt den Sattel weit vorne\u2026\" rel=\"nofollow noopener\" target=\"_blank\"><br \/>\n                <img decoding=\"async\" src=\"https:\/\/www.europesays.com\/de\/wp-content\/uploads\/2026\/07\/https:\/\/fotos.rennrad-news.de\/f3\/6\/671\/671710-w0y7x8fv1cj8-bmc_7-original.jpg\"   loading=\"lazy\" alt=\"Trentin f\u00e4hrt den Sattel weit vorne\u2026\" title=\"Trentin f\u00e4hrt den Sattel weit vorne\u2026\" data-photo-id=\"671710\" height=\"367\" width=\"550\"\/><br \/>\n            <\/a><\/p>\n<p>                <a href=\"#fa-photo-671710\" class=\"js__imageNumbering\">#<\/a><br \/>\n                <strong>Trentin f\u00e4hrt den Sattel weit vorne\u2026<\/strong> <\/p>\n<p>            <a id=\"fa-photo-671711\"\/><br \/>\n            <a href=\"https:\/\/fotos.rennrad-news.de\/p\/671711\" title=\"\u2026und eine 140er L\u00e4nge am Cockpit.\" rel=\"nofollow noopener\" target=\"_blank\"><br \/>\n                <img decoding=\"async\" src=\"https:\/\/www.europesays.com\/de\/wp-content\/uploads\/2026\/07\/https:\/\/fotos.rennrad-news.de\/f3\/6\/671\/671711-nfygrqapf1ce-bmc_6-original.jpg\"   loading=\"lazy\" alt=\"\u2026und eine 140er L\u00e4nge am Cockpit.\" title=\"\u2026und eine 140er L\u00e4nge am Cockpit.\" data-photo-id=\"671711\" height=\"367\" width=\"550\"\/><br \/>\n            <\/a><\/p>\n<p>                <a href=\"#fa-photo-671711\" class=\"js__imageNumbering\">#<\/a><br \/>\n                <strong>\u2026und eine 140er L\u00e4nge am Cockpit.<\/strong> <\/p>\n<p>            <a id=\"fa-photo-671704\"\/><br \/>\n            <a href=\"https:\/\/fotos.rennrad-news.de\/p\/671704\" title=\"Clik Valve und Servicedatum f\u00fcr die Dichtmilch.\" rel=\"nofollow noopener\" target=\"_blank\"><br \/>\n                <img decoding=\"async\" src=\"https:\/\/www.europesays.com\/de\/wp-content\/uploads\/2026\/07\/https:\/\/fotos.rennrad-news.de\/f3\/6\/671\/671704-axr5bezqi0qp-bmc_13-original.jpg\"   loading=\"lazy\" alt=\"Clik Valve und Servicedatum f\u00fcr die Dichtmilch.\" title=\"Clik Valve und Servicedatum f\u00fcr die Dichtmilch.\" data-photo-id=\"671704\" height=\"367\" width=\"550\"\/><br \/>\n            <\/a><\/p>\n<p>                <a href=\"#fa-photo-671704\" class=\"js__imageNumbering\">#<\/a><br \/>\n                <strong>Clik Valve und Servicedatum f\u00fcr die Dichtmilch.<\/strong> <\/p>\n<p>            <a id=\"fa-photo-671700\"\/><br \/>\n            <a href=\"https:\/\/fotos.rennrad-news.de\/p\/671700\" title=\"So markiert man bei Tudor den korrekten Auszug der Sattelst\u00fctze.\" rel=\"nofollow noopener\" target=\"_blank\"><br \/>\n                <img decoding=\"async\" src=\"https:\/\/www.europesays.com\/de\/wp-content\/uploads\/2026\/07\/https:\/\/fotos.rennrad-news.de\/f3\/6\/671\/671700-uw6n0utuwhs6-bmc_17-original.jpg\"   loading=\"lazy\" alt=\"So markiert man bei Tudor den korrekten Auszug der Sattelst\u00fctze.\" title=\"So markiert man bei Tudor den korrekten Auszug der Sattelst\u00fctze.\" data-photo-id=\"671700\" height=\"367\" width=\"550\"\/><br \/>\n            <\/a><\/p>\n<p>                <a href=\"#fa-photo-671700\" class=\"js__imageNumbering\">#<\/a><br \/>\n                <strong>So markiert man bei Tudor den korrekten Auszug der Sattelst\u00fctze.<\/strong> <\/p>\n<p>        <a id=\"fa-photo-671701\"\/><br \/>\n        <a href=\"https:\/\/fotos.rennrad-news.de\/p\/671701\" title=\"Einige starke Fahrer treten 56-43.\" rel=\"nofollow noopener\" target=\"_blank\"><br \/>\n            <img decoding=\"async\" src=\"https:\/\/www.europesays.com\/de\/wp-content\/uploads\/2026\/07\/https:\/\/fotos.rennrad-news.de\/f3\/6\/671\/671701-1uxihbz9iosi-bmc_16-original.jpg\"   loading=\"lazy\" alt=\"Einige starke Fahrer treten 56-43.\" title=\"Einige starke Fahrer treten 56-43.\" data-photo-id=\"671701\" width=\"550\" height=\"367\"\/><br \/>\n        <\/a><\/p>\n<p>            <a href=\"#fa-photo-671701\" class=\"js__imageNumbering\">#<\/a><br \/>\n            <strong>Einige starke Fahrer treten 56-43.<\/strong> <\/p>\n<p>Ridley Noah Fast von Jonas Abrahamsen<\/p>\n<p>Jonas Abrahamsens Ridley Noah Fast sieht nach ziemlich viel Rad f\u00fcr einen 1,83 m gro\u00dfen Fahrer aus. Vor allem der 140 mm lange Vorbau f\u00e4llt sofort auf. Dazu passt das inzwischen schon mehrfach beobachtete Profi-Setup: Sattel weit nach vorn, Zero-Setback-Sattelst\u00fctze, lange Front und stark angewinkelte Hoods. Die Schalthebel stehen sehr schmal, gesch\u00e4tzt nahe an 28 cm. Insgesamt ergibt das eine sehr aggressive Aero-Position.<\/p>\n<p>Auch bei der \u00dcbersetzung bleibt Uno-X Mobility auf der schweren Seite: Abrahamsen f\u00e4hrt ein 56er-Kettenblatt, kombiniert mit einer 10-36-Kassette. Interessant ist zudem die Reifenwahl. Am Rad sind Continental Grand Prix TT TR-Reifen montiert, laut Team wurde die komplette vergangene Tour auf diesem Modell bestritten. Der Grund d\u00fcrfte der sehr geringe Rollwiderstand sein, auch wenn der Pannenschutz geringer ausf\u00e4llt als bei klassischen Allround-Reifen. Auf den DT Swiss ARC 1100-Laufr\u00e4dern sollen die nominell 28 mm breiten Reifen gemessen rund 29 mm breit bauen. Die Kurbell\u00e4nge liegt bei vergleichsweise kurzen 167,5 mm.<\/p>\n<ul>\n<li><strong>Vorbau:<\/strong> 140 mm<\/li>\n<li><strong>Kurbell\u00e4nge:<\/strong> 167,5 mm<\/li>\n<li><strong>\u00dcbersetzung:<\/strong> 56 Z\u00e4hne vorn, 10-36 Kassette hinten<\/li>\n<li><strong>Reifen:<\/strong> Continental Grand Prix TT TR, nominell 28 mm, gemessen ca. 29 mm<\/li>\n<li><strong>Laufr\u00e4der:<\/strong> DT Swiss ARC 1100<\/li>\n<\/ul>\n<p>        <a id=\"fa-photo-671612\"\/><br \/>\n        <a href=\"https:\/\/fotos.rennrad-news.de\/p\/671612\" title=\"Das Ridley Noah Fast von Jonas Abrahamsens bei Uno X Mobility.\" rel=\"nofollow noopener\" target=\"_blank\"><br \/>\n            <img decoding=\"async\" src=\"https:\/\/www.europesays.com\/de\/wp-content\/uploads\/2026\/07\/https:\/\/fotos.rennrad-news.de\/f3\/6\/671\/671612-hpda8rwwykpa-unox_30-original.jpg\"   loading=\"lazy\" alt=\"Das Ridley Noah Fast von Jonas Abrahamsens bei Uno X Mobility.\" title=\"Das Ridley Noah Fast von Jonas Abrahamsens bei Uno X Mobility.\" data-photo-id=\"671612\" width=\"550\" height=\"367\"\/><br \/>\n        <\/a><\/p>\n<p>            <a href=\"#fa-photo-671612\" class=\"js__imageNumbering\">#<\/a><br \/>\n            <strong>Das Ridley Noah Fast von Jonas Abrahamsens bei Uno X Mobility.<\/strong>  \u2013 Das norwegische Team setzt auf das Aero-Rennrad aus Belgien.<\/p>\n<p>            <a id=\"fa-photo-671605\"\/><br \/>\n            <a href=\"https:\/\/fotos.rennrad-news.de\/p\/671605\" title=\"Auch hier gibt es eine dicke 56-43er \u201eM\u00fchle\u201c gepaart\u2026\" rel=\"nofollow noopener\" target=\"_blank\"><br \/>\n                <img decoding=\"async\" src=\"https:\/\/www.europesays.com\/de\/wp-content\/uploads\/2026\/07\/https:\/\/fotos.rennrad-news.de\/f3\/6\/671\/671605-4kh5wpv6cd3j-unox_37-original.jpg\"   loading=\"lazy\" alt=\"Auch hier gibt es eine dicke 56-43er \u201eM\u00fchle\u201c gepaart\u2026\" title=\"Auch hier gibt es eine dicke 56-43er \u201eM\u00fchle\u201c gepaart\u2026\" data-photo-id=\"671605\" height=\"367\" width=\"550\"\/><br \/>\n            <\/a><\/p>\n<p>                <a href=\"#fa-photo-671605\" class=\"js__imageNumbering\">#<\/a><br \/>\n                <strong>Auch hier gibt es eine dicke 56-43er \u201eM\u00fchle\u201c gepaart\u2026<\/strong> <\/p>\n<p>            <a id=\"fa-photo-671604\"\/><br \/>\n            <a href=\"https:\/\/fotos.rennrad-news.de\/p\/671604\" title=\"\u2026mit einer 10-36 Kassette am Antrieb.\" rel=\"nofollow noopener\" target=\"_blank\"><br \/>\n                <img decoding=\"async\" src=\"https:\/\/www.europesays.com\/de\/wp-content\/uploads\/2026\/07\/https:\/\/fotos.rennrad-news.de\/f3\/6\/671\/671604-c2clio6mrvyc-unox_38-original.jpg\"   loading=\"lazy\" alt=\"\u2026mit einer 10-36 Kassette am Antrieb.\" title=\"\u2026mit einer 10-36 Kassette am Antrieb.\" data-photo-id=\"671604\" height=\"367\" width=\"550\"\/><br \/>\n            <\/a><\/p>\n<p>                <a href=\"#fa-photo-671604\" class=\"js__imageNumbering\">#<\/a><br \/>\n                <strong>\u2026mit einer 10-36 Kassette am Antrieb.<\/strong> <\/p>\n<p>        <a id=\"fa-photo-671593\"\/><br \/>\n        <a href=\"https:\/\/fotos.rennrad-news.de\/p\/671593\" title=\"Norwegische Fahne als Kettenschutz.\" rel=\"nofollow noopener\" target=\"_blank\"><br \/>\n            <img decoding=\"async\" src=\"https:\/\/www.europesays.com\/de\/wp-content\/uploads\/2026\/07\/https:\/\/fotos.rennrad-news.de\/f3\/6\/671\/671593-nel8z10cih9s-unox_50-original.jpg\"   loading=\"lazy\" alt=\"Norwegische Fahne als Kettenschutz.\" title=\"Norwegische Fahne als Kettenschutz.\" data-photo-id=\"671593\" width=\"550\" height=\"367\"\/><br \/>\n        <\/a><\/p>\n<p>            <a href=\"#fa-photo-671593\" class=\"js__imageNumbering\">#<\/a><br \/>\n            <strong>Norwegische Fahne als Kettenschutz.<\/strong> <\/p>\n<p>            <a id=\"fa-photo-671602\"\/><br \/>\n            <a href=\"https:\/\/fotos.rennrad-news.de\/p\/671602\" title=\"Sattelst\u00fctze mit Setback\u2026\" rel=\"nofollow noopener\" target=\"_blank\"><br \/>\n                <img decoding=\"async\" src=\"https:\/\/www.europesays.com\/de\/wp-content\/uploads\/2026\/07\/https:\/\/fotos.rennrad-news.de\/f3\/6\/671\/671602-yv8jn5r8kdzk-unox_40-original.jpg\"   loading=\"lazy\" alt=\"Sattelst\u00fctze mit Setback\u2026\" title=\"Sattelst\u00fctze mit Setback\u2026\" data-photo-id=\"671602\" height=\"367\" width=\"550\"\/><br \/>\n            <\/a><\/p>\n<p>                <a href=\"#fa-photo-671602\" class=\"js__imageNumbering\">#<\/a><br \/>\n                <strong>Sattelst\u00fctze mit Setback\u2026<\/strong> <\/p>\n<p>            <a id=\"fa-photo-671597\"\/><br \/>\n            <a href=\"https:\/\/fotos.rennrad-news.de\/p\/671597\" title=\"\u2026und 140er Cockpitl\u00e4nge.\" rel=\"nofollow noopener\" target=\"_blank\"><br \/>\n                <img decoding=\"async\" src=\"https:\/\/www.europesays.com\/de\/wp-content\/uploads\/2026\/07\/https:\/\/fotos.rennrad-news.de\/f3\/6\/671\/671597-gznemoki0vy2-unox_45-original.jpg\"   loading=\"lazy\" alt=\"\u2026und 140er Cockpitl\u00e4nge.\" title=\"\u2026und 140er Cockpitl\u00e4nge.\" data-photo-id=\"671597\" height=\"367\" width=\"550\"\/><br \/>\n            <\/a><\/p>\n<p>                <a href=\"#fa-photo-671597\" class=\"js__imageNumbering\">#<\/a><br \/>\n                <strong>\u2026und 140er Cockpitl\u00e4nge.<\/strong> <\/p>\n<p>            <a id=\"fa-photo-671588\"\/><br \/>\n            <a href=\"https:\/\/fotos.rennrad-news.de\/p\/671588\" title=\"167,5er Kurbel\u2026\" rel=\"nofollow noopener\" target=\"_blank\"><br \/>\n                <img decoding=\"async\" src=\"https:\/\/www.europesays.com\/de\/wp-content\/uploads\/2026\/07\/https:\/\/fotos.rennrad-news.de\/f3\/6\/671\/671588-dwmohk2jmjjp-unox_53-original.jpg\"   loading=\"lazy\" alt=\"167,5er Kurbel\u2026\" title=\"167,5er Kurbel\u2026\" data-photo-id=\"671588\" height=\"367\" width=\"550\"\/><br \/>\n            <\/a><\/p>\n<p>                <a href=\"#fa-photo-671588\" class=\"js__imageNumbering\">#<\/a><br \/>\n                <strong>167,5er Kurbel\u2026<\/strong> <\/p>\n<p>            <a id=\"fa-photo-671595\"\/><br \/>\n            <a href=\"https:\/\/fotos.rennrad-news.de\/p\/671595\" title=\"\u2026und TT-Reifen f\u00fcr die gesamte Dauer der TdF.\" rel=\"nofollow noopener\" target=\"_blank\"><br \/>\n                <img decoding=\"async\" src=\"https:\/\/www.europesays.com\/de\/wp-content\/uploads\/2026\/07\/https:\/\/fotos.rennrad-news.de\/f3\/6\/671\/671595-jaint0up9ae9-unox_47-original.jpg\"   loading=\"lazy\" alt=\"\u2026und TT-Reifen f\u00fcr die gesamte Dauer der TdF.\" title=\"\u2026und TT-Reifen f\u00fcr die gesamte Dauer der TdF.\" data-photo-id=\"671595\" height=\"367\" width=\"550\"\/><br \/>\n            <\/a><\/p>\n<p>                <a href=\"#fa-photo-671595\" class=\"js__imageNumbering\">#<\/a><br \/>\n                <strong>\u2026und TT-Reifen f\u00fcr die gesamte Dauer der TdF.<\/strong> <\/p>\n<p>Cerv\u00e9lo S5 von Jonas Vingegaard<\/p>\n<p>Jonas Vingegaards Cerv\u00e9lo S5 ist im Kern das Rad, das wir schon aus dem Vorjahr kennen: ein kompromissloses Aero-Rennrad mit starkem Serien-Setup und auff\u00e4lliger Frontpartie. Das S5 bleibt damit eines der markantesten R\u00e4der im Tour-Peloton. Bei der \u00dcbersetzung bleibt Vingegaard etwas moderater als einige gr\u00f6\u00dfere und schwerere Fahrer im Feld. Montiert sind 54\/41 Z\u00e4hne vorne und eine 10-36-Kassette hinten \u2013 ein Setup, das im Peloton inzwischen fast zum Standard geworden ist. Ver\u00e4ndert hat sich im Vergleich zum Vorjahr vor allem die Bereifung: Statt der speziellen 29-mm-Vittoria-Corsa-Pro-Reifen setzt das Team nun offenbar auf 30-mm-Reifen auf Reserve 42\/47-Laufr\u00e4dern. Dazu kommen ein Prologo-Sattel in 140 mm Breite, sehr kurze 160-mm-Kurbeln und Wahoo-Speedplay-Pedale mit aerodynamischen Dimple-Strukturen. Mit Flaschen, Pedalen und Garmin haben wir das Rad mit 7,3 kg gewogen \u2013 leichter, als man es bei einem so aerodynamisch ausgelegten Setup vielleicht erwarten w\u00fcrde.<\/p>\n<ul>\n<li><strong>Gewicht:<\/strong> 7,3 kg mit Flaschen, Pedalen und Garmin<\/li>\n<li><strong>Kurbell\u00e4nge:<\/strong> 160 mm<\/li>\n<li><strong>\u00dcbersetzung:<\/strong> 54\/41 Z\u00e4hne vorn, 10-36 Kassette hinten<\/li>\n<li><strong>Reifen:<\/strong> Vittoria Corsa Pro, 30 mm<\/li>\n<li><strong>Laufr\u00e4der:<\/strong> Reserve 42\/47<\/li>\n<li><strong>Sattel:<\/strong> Prologo, 140 mm Breite<\/li>\n<li><strong>Pedale:<\/strong> Wahoo Speedplay mit Aero-Dimples<\/li>\n<\/ul>\n<p>        <a id=\"fa-photo-672197\"\/><br \/>\n        <a href=\"https:\/\/fotos.rennrad-news.de\/p\/672197\" title=\"Das Cerv\u00e9lo S5 von Jonas Vingegaard.\" rel=\"nofollow noopener\" target=\"_blank\"><br \/>\n            <img decoding=\"async\" src=\"https:\/\/www.europesays.com\/de\/wp-content\/uploads\/2026\/07\/https:\/\/fotos.rennrad-news.de\/f3\/6\/672\/672197-poypfeix1vf6-vismaleaseabike_2-original.jpg\"   loading=\"lazy\" alt=\"Das Cerv\u00e9lo S5 von Jonas Vingegaard.\" title=\"Das Cerv\u00e9lo S5 von Jonas Vingegaard.\" data-photo-id=\"672197\" width=\"550\" height=\"367\"\/><br \/>\n        <\/a><\/p>\n<p>            <a href=\"#fa-photo-672197\" class=\"js__imageNumbering\">#<\/a><br \/>\n            <strong>Das Cerv\u00e9lo S5 von Jonas Vingegaard.<\/strong>  \u2013 2025 erhielt es ein Update und ist nach wie vor eins der schnellsten Profi-Rennr\u00e4der im Peloton.<\/p>\n<p>            <a id=\"fa-photo-672199\"\/><br \/>\n            <a href=\"https:\/\/fotos.rennrad-news.de\/p\/672199\" title=\"Es hat eine charakteristische Front mit durchgehender Gabel\u2026\" rel=\"nofollow noopener\" target=\"_blank\"><br \/>\n                <img decoding=\"async\" src=\"https:\/\/www.europesays.com\/de\/wp-content\/uploads\/2026\/07\/https:\/\/fotos.rennrad-news.de\/f3\/6\/672\/672199-1kwqrewygcit-vismaleaseabike_4-original.jpg\"   loading=\"lazy\" alt=\"Es hat eine charakteristische Front mit durchgehender Gabel\u2026\" title=\"Es hat eine charakteristische Front mit durchgehender Gabel\u2026\" data-photo-id=\"672199\" height=\"367\" width=\"550\"\/><br \/>\n            <\/a><\/p>\n<p>                <a href=\"#fa-photo-672199\" class=\"js__imageNumbering\">#<\/a><br \/>\n                <strong>Es hat eine charakteristische Front mit durchgehender Gabel\u2026<\/strong> <\/p>\n<p>            <a id=\"fa-photo-672206\"\/><br \/>\n            <a href=\"https:\/\/fotos.rennrad-news.de\/p\/672206\" title=\"\u2026und dem Y-f\u00f6rmigen Cockpit.\" rel=\"nofollow noopener\" target=\"_blank\"><br \/>\n                <img decoding=\"async\" src=\"https:\/\/www.europesays.com\/de\/wp-content\/uploads\/2026\/07\/https:\/\/fotos.rennrad-news.de\/f3\/6\/672\/672206-83pg782aolh4-vismaleaseabike_11-original.jpg\"   loading=\"lazy\" alt=\"\u2026und dem Y-f\u00f6rmigen Cockpit.\" title=\"\u2026und dem Y-f\u00f6rmigen Cockpit.\" data-photo-id=\"672206\" height=\"367\" width=\"550\"\/><br \/>\n            <\/a><\/p>\n<p>                <a href=\"#fa-photo-672206\" class=\"js__imageNumbering\">#<\/a><br \/>\n                <strong>\u2026und dem Y-f\u00f6rmigen Cockpit.<\/strong> <\/p>\n<p>            <a id=\"fa-photo-672211\"\/><br \/>\n            <a href=\"https:\/\/fotos.rennrad-news.de\/p\/672211\" title=\"Moderat hohe Reserve 44 | 47 Laufr\u00e4der sparen Gewicht.\" rel=\"nofollow noopener\" target=\"_blank\"><br \/>\n                <img decoding=\"async\" src=\"https:\/\/www.europesays.com\/de\/wp-content\/uploads\/2026\/07\/https:\/\/fotos.rennrad-news.de\/f3\/6\/672\/672211-d6j54gjp47w6-vismaleaseabike_16-original.jpg\"   loading=\"lazy\" alt=\"Moderat hohe Reserve 44 | 47 Laufr\u00e4der sparen Gewicht.\" title=\"Moderat hohe Reserve 44 | 47 Laufr\u00e4der sparen Gewicht.\" data-photo-id=\"672211\" height=\"367\" width=\"550\"\/><br \/>\n            <\/a><\/p>\n<p>                <a href=\"#fa-photo-672211\" class=\"js__imageNumbering\">#<\/a><br \/>\n                <strong>Moderat hohe Reserve 44 | 47 Laufr\u00e4der sparen Gewicht.<\/strong> <\/p>\n<p>            <a id=\"fa-photo-672210\"\/><br \/>\n            <a href=\"https:\/\/fotos.rennrad-news.de\/p\/672210\" title=\"Das Team ist auf 30er Reifen gewechselt \u2013 statt des 29er Corsa Pro zuvor.\" rel=\"nofollow noopener\" target=\"_blank\"><br \/>\n                <img decoding=\"async\" src=\"https:\/\/www.europesays.com\/de\/wp-content\/uploads\/2026\/07\/https:\/\/fotos.rennrad-news.de\/f3\/6\/672\/672210-5gpgnozkqs3r-vismaleaseabike_15-original.jpg\"   loading=\"lazy\" alt=\"Das Team ist auf 30er Reifen gewechselt \u2013 statt des 29er Corsa Pro zuvor.\" title=\"Das Team ist auf 30er Reifen gewechselt \u2013 statt des 29er Corsa Pro zuvor.\" data-photo-id=\"672210\" height=\"367\" width=\"550\"\/><br \/>\n            <\/a><\/p>\n<p>                <a href=\"#fa-photo-672210\" class=\"js__imageNumbering\">#<\/a><br \/>\n                <strong>Das Team ist auf 30er Reifen gewechselt \u2013 statt des 29er Corsa Pro zuvor.<\/strong> <\/p>\n<p>Cerv\u00e9lo P5: Per Strand Hagenes\u2019 Zeitfahrrad<\/p>\n<p>68 Z\u00e4hne vorne: Am Zeitfahrrad von Per Strand Hagenes f\u00e4llt zuerst das riesige Kettenblatt ins Auge. Der Norweger von Team Visma | Lease a Bike soll im Mannschaftszeitfahren dabei helfen, Leader Jonas Vingegaard nach vorn zu bringen. Auch hinten setzt man auf eine gro\u00dfe Kassette. Spannend sind auch die Details am Kontaktpunkt zum Fahrer. Montiert ist ein Prologo Predator-Sattel mit rauer Oberfl\u00e4che f\u00fcr mehr Halt und einer Finne, die laut Hersteller aerodynamisch helfen soll. Bei den Reifen f\u00e4hrt Hagenes Vittoria Corsa Speed Pro in 30 mm Breite auf einer 25 mm breiten Innenfelge. Vorn ist ein Reserve 77 montiert, hinten eine Reserve-Scheibe. Am Cockpit sitzen individuell angepasste Handauflagen mit integrierten SRAM Blips; zus\u00e4tzlich kommen 3D-gedruckte Grip-Elemente zum Einsatz. Auff\u00e4llig kompakt wirkt das Setup trotzdem: F\u00fcr den 1,84 m gro\u00dfen Fahrer steht ein 56er-Rahmen bereit, dazu kommen sehr kurze 160-mm-Kurbeln.<\/p>\n<ul>\n<li><strong>Fahrergr\u00f6\u00dfe:<\/strong> 1,84 m<\/li>\n<li><strong>Rahmengr\u00f6\u00dfe:<\/strong> 56<\/li>\n<li><strong>Kurbell\u00e4nge:<\/strong> 160 mm<\/li>\n<li><strong>\u00dcbersetzung:<\/strong> 68 Z\u00e4hne vorn, gro\u00dfe Kassette hinten<\/li>\n<li><strong>Reifen:<\/strong> Vittoria Corsa Speed Pro, 30 mm<\/li>\n<li><strong>Felgeninnenweite:<\/strong> 25 mm<\/li>\n<li><strong>Laufr\u00e4der:<\/strong> Reserve 77 vorn, Reserve Disc hinten<\/li>\n<li><strong>Sattel:<\/strong> Prologo Predator<\/li>\n<\/ul>\n<p>        <a id=\"fa-photo-672226\"\/><br \/>\n        <a href=\"https:\/\/fotos.rennrad-news.de\/p\/672226\" title=\"Das Zeitfahrrad mit dem gr\u00f6\u00dften Kettenblatt bisher\" rel=\"nofollow noopener\" target=\"_blank\"><br \/>\n            <img decoding=\"async\" src=\"https:\/\/www.europesays.com\/de\/wp-content\/uploads\/2026\/07\/https:\/\/fotos.rennrad-news.de\/f3\/6\/672\/672226-i4ygjzmdv2si-vismaleaseabike_31-original.jpg\"   loading=\"lazy\" alt=\"Das Zeitfahrrad mit dem gr\u00f6\u00dften Kettenblatt bisher\" title=\"Das Zeitfahrrad mit dem gr\u00f6\u00dften Kettenblatt bisher\" data-photo-id=\"672226\" width=\"550\" height=\"367\"\/><br \/>\n        <\/a><\/p>\n<p>            <a href=\"#fa-photo-672226\" class=\"js__imageNumbering\">#<\/a><br \/>\n            <strong>Das Zeitfahrrad mit dem gr\u00f6\u00dften Kettenblatt bisher<\/strong>  \u2013 Cerv\u00e9lo P5 von Per Strand Hagenes.<\/p>\n<p>            <a id=\"fa-photo-672237\"\/><br \/>\n            <a href=\"https:\/\/fotos.rennrad-news.de\/p\/672237\" title=\"Per wird ein 68er Blatt den Montjuic hoch treten.\" rel=\"nofollow noopener\" target=\"_blank\"><br \/>\n                <img decoding=\"async\" src=\"https:\/\/www.europesays.com\/de\/wp-content\/uploads\/2026\/07\/https:\/\/fotos.rennrad-news.de\/f3\/6\/672\/672237-fegsn5v9kvq2-vismaleaseabike_42-original.jpg\"   loading=\"lazy\" alt=\"Per wird ein 68er Blatt den Montjuic hoch treten.\" title=\"Per wird ein 68er Blatt den Montjuic hoch treten.\" data-photo-id=\"672237\" height=\"367\" width=\"550\"\/><br \/>\n            <\/a><\/p>\n<p>                <a href=\"#fa-photo-672237\" class=\"js__imageNumbering\">#<\/a><br \/>\n                <strong>Per wird ein 68er Blatt den Montjuic hoch treten.<\/strong>  \u2013 Gr\u00f6\u00dfere Bl\u00e4tter gibt es bei SRAM nicht.<\/p>\n<p>            <a id=\"fa-photo-672231\"\/><br \/>\n            <a href=\"https:\/\/fotos.rennrad-news.de\/p\/672231\" title=\"Auch der Sattel ist Speed pur.\" rel=\"nofollow noopener\" target=\"_blank\"><br \/>\n                <img decoding=\"async\" src=\"https:\/\/www.europesays.com\/de\/wp-content\/uploads\/2026\/07\/https:\/\/fotos.rennrad-news.de\/f3\/6\/672\/672231-zvonvu72stxg-vismaleaseabike_36-original.jpg\"   loading=\"lazy\" alt=\"Auch der Sattel ist Speed pur.\" title=\"Auch der Sattel ist Speed pur.\" data-photo-id=\"672231\" height=\"367\" width=\"550\"\/><br \/>\n            <\/a><\/p>\n<p>                <a href=\"#fa-photo-672231\" class=\"js__imageNumbering\">#<\/a><br \/>\n                <strong>Auch der Sattel ist Speed pur.<\/strong>  \u2013 Der Name: Predator.<\/p>\n<p>        <a id=\"fa-photo-672241\"\/><br \/>\n        <a href=\"https:\/\/fotos.rennrad-news.de\/p\/672241\" title=\"3D-Druck-L\u00f6sung f\u00fcr die Griffe am Cockpit.\" rel=\"nofollow noopener\" target=\"_blank\"><br \/>\n            <img decoding=\"async\" src=\"https:\/\/www.europesays.com\/de\/wp-content\/uploads\/2026\/07\/https:\/\/fotos.rennrad-news.de\/f3\/6\/672\/672241-9glvmp5csfas-vismaleaseabike_46-original.jpg\"   loading=\"lazy\" alt=\"3D-Druck-L\u00f6sung f\u00fcr die Griffe am Cockpit.\" title=\"3D-Druck-L\u00f6sung f\u00fcr die Griffe am Cockpit.\" data-photo-id=\"672241\" width=\"550\" height=\"367\"\/><br \/>\n        <\/a><\/p>\n<p>            <a href=\"#fa-photo-672241\" class=\"js__imageNumbering\">#<\/a><br \/>\n            <strong>3D-Druck-L\u00f6sung f\u00fcr die Griffe am Cockpit.<\/strong> <\/p>\n<p>            <a id=\"fa-photo-672239\"\/><br \/>\n            <a href=\"https:\/\/fotos.rennrad-news.de\/p\/672239\" title=\"Visma - Lease a Bike setzt nur am TT Bike auf die TT-Reifen.\" rel=\"nofollow noopener\" target=\"_blank\"><br \/>\n                <img decoding=\"async\" src=\"https:\/\/www.europesays.com\/de\/wp-content\/uploads\/2026\/07\/https:\/\/fotos.rennrad-news.de\/f3\/6\/672\/672239-qa792i7rgni3-vismaleaseabike_44-original.jpg\"   loading=\"lazy\" alt=\"Visma - Lease a Bike setzt nur am TT Bike auf die TT-Reifen.\" title=\"Visma - Lease a Bike setzt nur am TT Bike auf die TT-Reifen.\" data-photo-id=\"672239\" height=\"367\" width=\"550\"\/><br \/>\n            <\/a><\/p>\n<p>                <a href=\"#fa-photo-672239\" class=\"js__imageNumbering\">#<\/a><br \/>\n                <strong>Visma &#8211; Lease a Bike setzt nur am TT Bike auf die TT-Reifen.<\/strong> <\/p>\n<p>            <a id=\"fa-photo-672235\"\/><br \/>\n            <a href=\"https:\/\/fotos.rennrad-news.de\/p\/672235\" title=\"In 28 mm passen sie noch durch den Hinterbau.\" rel=\"nofollow noopener\" target=\"_blank\"><br \/>\n                <img decoding=\"async\" src=\"https:\/\/www.europesays.com\/de\/wp-content\/uploads\/2026\/07\/https:\/\/fotos.rennrad-news.de\/f3\/6\/672\/672235-apqx2mpc14zo-vismaleaseabike_40-original.jpg\"   loading=\"lazy\" alt=\"In 28 mm passen sie noch durch den Hinterbau.\" title=\"In 28 mm passen sie noch durch den Hinterbau.\" data-photo-id=\"672235\" height=\"367\" width=\"550\"\/><br \/>\n            <\/a><\/p>\n<p>                <a href=\"#fa-photo-672235\" class=\"js__imageNumbering\">#<\/a><br \/>\n                <strong>In 28 mm passen sie noch durch den Hinterbau.<\/strong> <\/p>\n<p>        <a id=\"fa-photo-672243\"\/><br \/>\n        <a href=\"https:\/\/fotos.rennrad-news.de\/p\/672243\" title=\"Cockpit mit gro\u00dfen Armschalen.\" rel=\"nofollow noopener\" target=\"_blank\"><br \/>\n            <img decoding=\"async\" src=\"https:\/\/www.europesays.com\/de\/wp-content\/uploads\/2026\/07\/https:\/\/fotos.rennrad-news.de\/f3\/6\/672\/672243-is7jp1uk75fj-vismaleaseabike_48-original.jpg\"   loading=\"lazy\" alt=\"Cockpit mit gro\u00dfen Armschalen.\" title=\"Cockpit mit gro\u00dfen Armschalen.\" data-photo-id=\"672243\" width=\"550\" height=\"367\"\/><br \/>\n        <\/a><\/p>\n<p>            <a href=\"#fa-photo-672243\" class=\"js__imageNumbering\">#<\/a><br \/>\n            <strong>Cockpit mit gro\u00dfen Armschalen.<\/strong> <\/p>\n<p>            <a id=\"fa-photo-672242\"\/><br \/>\n            <a href=\"https:\/\/fotos.rennrad-news.de\/p\/672242\" title=\"Griffe aus dem 3D-Drucker mit Blips\u2026\" rel=\"nofollow noopener\" target=\"_blank\"><br \/>\n                <img decoding=\"async\" src=\"https:\/\/www.europesays.com\/de\/wp-content\/uploads\/2026\/07\/https:\/\/fotos.rennrad-news.de\/f3\/6\/672\/672242-tfwxb6fimxkn-vismaleaseabike_47-original.jpg\"   loading=\"lazy\" alt=\"Griffe aus dem 3D-Drucker mit Blips\u2026\" title=\"Griffe aus dem 3D-Drucker mit Blips\u2026\" data-photo-id=\"672242\" height=\"367\" width=\"550\"\/><br \/>\n            <\/a><\/p>\n<p>                <a href=\"#fa-photo-672242\" class=\"js__imageNumbering\">#<\/a><br \/>\n                <strong>Griffe aus dem 3D-Drucker mit Blips\u2026<\/strong> <\/p>\n<p>            <a id=\"fa-photo-672232\"\/><br \/>\n            <a href=\"https:\/\/fotos.rennrad-news.de\/p\/672232\" title=\"\u2026und elegante H\u00f6henverstellung.\" rel=\"nofollow noopener\" target=\"_blank\"><br \/>\n                <img decoding=\"async\" src=\"https:\/\/www.europesays.com\/de\/wp-content\/uploads\/2026\/07\/https:\/\/fotos.rennrad-news.de\/f3\/6\/672\/672232-deoqj0497x7v-vismaleaseabike_37-original.jpg\"   loading=\"lazy\" alt=\"\u2026und elegante H\u00f6henverstellung.\" title=\"\u2026und elegante H\u00f6henverstellung.\" data-photo-id=\"672232\" height=\"367\" width=\"550\"\/><br \/>\n            <\/a><\/p>\n<p>                <a href=\"#fa-photo-672232\" class=\"js__imageNumbering\">#<\/a><br \/>\n                <strong>\u2026und elegante H\u00f6henverstellung.<\/strong> <\/p>\n<p>        <a id=\"fa-photo-672248\"\/><br \/>\n        <a href=\"https:\/\/fotos.rennrad-news.de\/p\/672248\" title=\"\u00dcber 2.000 Trinkflaschen geben die Teams w\u00e4hrend einer Tour de France aus.\" rel=\"nofollow noopener\" target=\"_blank\"><br \/>\n            <img decoding=\"async\" src=\"https:\/\/www.europesays.com\/de\/wp-content\/uploads\/2026\/07\/https:\/\/fotos.rennrad-news.de\/f3\/6\/672\/672248-2rwgjaj5537s-vismaleaseabike_53-original.jpg\"   loading=\"lazy\" alt=\"\u00dcber 2.000 Trinkflaschen geben die Teams w\u00e4hrend einer Tour de France aus.\" title=\"\u00dcber 2.000 Trinkflaschen geben die Teams w\u00e4hrend einer Tour de France aus.\" data-photo-id=\"672248\" width=\"550\" height=\"367\"\/><br \/>\n        <\/a><\/p>\n<p>            <a href=\"#fa-photo-672248\" class=\"js__imageNumbering\">#<\/a><br \/>\n            <strong>\u00dcber 2.000 Trinkflaschen geben die Teams w\u00e4hrend einer Tour de France aus.<\/strong> <\/p>\n<p>        <a id=\"fa-photo-672249\"\/><br \/>\n        <a href=\"https:\/\/fotos.rennrad-news.de\/p\/672249\" title=\"Visma \u2013 Lease a Bike muss bei der Tour die gelbe Trikot-Farbe gegen ein weniger gelbes Design wechseln.\" rel=\"nofollow noopener\" target=\"_blank\"><br \/>\n            <img decoding=\"async\" src=\"https:\/\/www.europesays.com\/de\/wp-content\/uploads\/2026\/07\/https:\/\/fotos.rennrad-news.de\/f3\/6\/672\/672249-6dx0oqkrziox-vismaleaseabike_54-original.jpg\"   loading=\"lazy\" alt=\"Visma \u2013 Lease a Bike muss bei der Tour die gelbe Trikot-Farbe gegen ein weniger gelbes Design wechseln.\" title=\"Visma \u2013 Lease a Bike muss bei der Tour die gelbe Trikot-Farbe gegen ein weniger gelbes Design wechseln.\" data-photo-id=\"672249\" width=\"550\" height=\"367\"\/><br \/>\n        <\/a><\/p>\n<p>            <a href=\"#fa-photo-672249\" class=\"js__imageNumbering\">#<\/a><br \/>\n            <strong>Visma \u2013 Lease a Bike muss bei der Tour die gelbe Trikot-Farbe gegen ein weniger gelbes Design wechseln.<\/strong> <\/p>\n<p>S-Works Tarmac SL9: Tim Merliers neues Sprint-Rad<\/p>\n<p>Kurz vor der Tour de France hat Specialized das neue <a href=\"https:\/\/www.rennrad-news.de\/news\/neues-s-works-tarmac-sl9-erster-test-der-perfekte-aero-allrounder\/\" title=\"Neues S-Works Tarmac SL9 \u2013 erster Test: Der perfekte Aero-Allrounder?\" rel=\"noopener nofollow\" target=\"_blank\">S-Works Tarmac SL9<\/a> vorgestellt \u2013 vorerst nur als S-Works-Modell. Wir konnten am Team-Truck das Rad von Tim Merlier in Augenschein nehmen, dem Sprinter von Soudal Quick-Step. Passend zu seinem Fahrer ist eine gro\u00dfe Sprint-\u00dcbersetzung montiert: 54\/40 Z\u00e4hne vorn.<\/p>\n<p>Gegen\u00fcber dem Tarmac SL8 fallen einige neue Details auf. Der markante Speed Sniffer am Steuerrohr ist in dieser Form verschwunden, stattdessen gibt es einen glatteren \u00dcbergang an der Front. Die Gabel baut tiefer, dazu kommen die neue Win Fin am Sitzrohr und eine weiterentwickelte Verkleidung im Hinterradbereich. Laut Specialized soll das SL9 dadurch aerodynamisch besser sein; 4 Watt gegen\u00fcber dem Vorg\u00e4nger werden genannt. Merliers Rad ist mit Roval Rapide-Cockpit, hohen Roval-Laufr\u00e4dern und Specialized Turbo Cotton SLR-Reifen aufgebaut. In Rahmengr\u00f6\u00dfe 58 haben wir es mit Computer, Pedalen und kompletter Rennausstattung mit 7,3 kg gewogen. Zum Vergleich: Das <a href=\"https:\/\/www.rennrad-news.de\/news\/neues-s-works-tarmac-sl9-erster-test-der-perfekte-aero-allrounder\/\" rel=\"noopener nofollow\" target=\"_blank\">Rennrad-News-Testrad<\/a> kam ohne Pedale und Zubeh\u00f6r auf 6,58 kg in Gr\u00f6\u00dfe 54.<\/p>\n<ul>\n<li><strong>Rahmengr\u00f6\u00dfe:<\/strong> 58<\/li>\n<li><strong>Gewicht:<\/strong> 7,3 kg mit Pedalen, Computer und Rennausstattung<\/li>\n<li><strong>\u00dcbersetzung:<\/strong> 54\/40 Z\u00e4hne vorn<\/li>\n<li><strong>Laufr\u00e4der:<\/strong> Roval Rapide CLX III<\/li>\n<li><strong>Reifen:<\/strong> Specialized Turbo Cotton SLR<\/li>\n<\/ul>\n<p>        <a id=\"fa-photo-672165\"\/><br \/>\n        <a href=\"https:\/\/fotos.rennrad-news.de\/p\/672165\" title=\"S-Works Tarmac SL9 von Tim Merlier bei Soudal - Quick-Step.\" rel=\"nofollow noopener\" target=\"_blank\"><br \/>\n            <img decoding=\"async\" src=\"https:\/\/www.europesays.com\/de\/wp-content\/uploads\/2026\/07\/https:\/\/fotos.rennrad-news.de\/f3\/6\/672\/672165-vmspuxnpzqa5-soudalquickstep_5-original.jpg\"   loading=\"lazy\" alt=\"S-Works Tarmac SL9 von Tim Merlier bei Soudal - Quick-Step.\" title=\"S-Works Tarmac SL9 von Tim Merlier bei Soudal - Quick-Step.\" data-photo-id=\"672165\" width=\"550\" height=\"367\"\/><br \/>\n        <\/a><\/p>\n<p>            <a href=\"#fa-photo-672165\" class=\"js__imageNumbering\">#<\/a><br \/>\n            <strong>S-Works Tarmac SL9 von Tim Merlier bei Soudal &#8211; Quick-Step.<\/strong>  \u2013 Das neue Tarmac erschien kurz vor der TdF.<\/p>\n<p>            <a id=\"fa-photo-672177\"\/><br \/>\n            <a href=\"https:\/\/fotos.rennrad-news.de\/p\/672177\" title=\"Specialized hat die Aero-Formen noch einmal optimiert.\" rel=\"nofollow noopener\" target=\"_blank\"><br \/>\n                <img decoding=\"async\" src=\"https:\/\/www.europesays.com\/de\/wp-content\/uploads\/2026\/07\/https:\/\/fotos.rennrad-news.de\/f3\/6\/672\/672177-ded0bku6osmx-soudalquickstep_17-original.jpg\"   loading=\"lazy\" alt=\"Specialized hat die Aero-Formen noch einmal optimiert.\" title=\"Specialized hat die Aero-Formen noch einmal optimiert.\" data-photo-id=\"672177\" height=\"367\" width=\"550\"\/><br \/>\n            <\/a><\/p>\n<p>                <a href=\"#fa-photo-672177\" class=\"js__imageNumbering\">#<\/a><br \/>\n                <strong>Specialized hat die Aero-Formen noch einmal optimiert.<\/strong>  \u2013 Der Speed Sniffer wurde kaschiert.<\/p>\n<p>            <a id=\"fa-photo-672166\"\/><br \/>\n            <a href=\"https:\/\/fotos.rennrad-news.de\/p\/672166\" title=\"Daf\u00fcr gibt es am Hinterbau jetzt eine Win Fin.\" rel=\"nofollow noopener\" target=\"_blank\"><br \/>\n                <img decoding=\"async\" src=\"https:\/\/www.europesays.com\/de\/wp-content\/uploads\/2026\/07\/https:\/\/fotos.rennrad-news.de\/f3\/6\/672\/672166-wcyaqc93azxj-soudalquickstep_6-original.jpg\"   loading=\"lazy\" alt=\"Daf\u00fcr gibt es am Hinterbau jetzt eine Win Fin.\" title=\"Daf\u00fcr gibt es am Hinterbau jetzt eine Win Fin.\" data-photo-id=\"672166\" height=\"367\" width=\"550\"\/><br \/>\n            <\/a><\/p>\n<p>                <a href=\"#fa-photo-672166\" class=\"js__imageNumbering\">#<\/a><br \/>\n                <strong>Daf\u00fcr gibt es am Hinterbau jetzt eine Win Fin.<\/strong>  \u2013 Das Rad soll 4 Watt gegen\u00fcber dem Vorg\u00e4nger sparen.<\/p>\n<p>        <a id=\"fa-photo-672173\"\/><br \/>\n        <a href=\"https:\/\/fotos.rennrad-news.de\/p\/672173\" title=\"Merlier soll f\u00fcr das Wolfpack Sprintsiege auf dem Tarmac SL9 einfahren.\" rel=\"nofollow noopener\" target=\"_blank\"><br \/>\n            <img decoding=\"async\" src=\"https:\/\/www.europesays.com\/de\/wp-content\/uploads\/2026\/07\/https:\/\/fotos.rennrad-news.de\/f3\/6\/672\/672173-8y6vnhublscj-soudalquickstep_13-original.jpg\"   loading=\"lazy\" alt=\"Merlier soll f\u00fcr das Wolfpack Sprintsiege auf dem Tarmac SL9 einfahren.\" title=\"Merlier soll f\u00fcr das Wolfpack Sprintsiege auf dem Tarmac SL9 einfahren.\" data-photo-id=\"672173\" width=\"550\" height=\"367\"\/><br \/>\n        <\/a><\/p>\n<p>            <a href=\"#fa-photo-672173\" class=\"js__imageNumbering\">#<\/a><br \/>\n            <strong>Merlier soll f\u00fcr das Wolfpack Sprintsiege auf dem Tarmac SL9 einfahren.<\/strong> <\/p>\n<p>            <a id=\"fa-photo-672169\"\/><br \/>\n            <a href=\"https:\/\/fotos.rennrad-news.de\/p\/672169\" title=\"Das Foto-Rad war sein Ersatzrad und mit 30er Turbo Cotton ausger\u00fcstet.\" rel=\"nofollow noopener\" target=\"_blank\"><br \/>\n                <img decoding=\"async\" src=\"https:\/\/www.europesays.com\/de\/wp-content\/uploads\/2026\/07\/https:\/\/fotos.rennrad-news.de\/f3\/6\/672\/672169-6zya8w0862yo-soudalquickstep_9-original.jpg\"   loading=\"lazy\" alt=\"Das Foto-Rad war sein Ersatzrad und mit 30er Turbo Cotton ausger\u00fcstet.\" title=\"Das Foto-Rad war sein Ersatzrad und mit 30er Turbo Cotton ausger\u00fcstet.\" data-photo-id=\"672169\" height=\"367\" width=\"550\"\/><br \/>\n            <\/a><\/p>\n<p>                <a href=\"#fa-photo-672169\" class=\"js__imageNumbering\">#<\/a><br \/>\n                <strong>Das Foto-Rad war sein Ersatzrad und mit 30er Turbo Cotton ausger\u00fcstet.<\/strong> <\/p>\n<p>            <a id=\"fa-photo-672167\"\/><br \/>\n            <a href=\"https:\/\/fotos.rennrad-news.de\/p\/672167\" title=\"Am ersten Rad f\u00e4hrt Merlier Rapid Air-Reifen von Specialized, sagte uns Mechaniker Guido Scherrer.\" rel=\"nofollow noopener\" target=\"_blank\"><br \/>\n                <img decoding=\"async\" src=\"https:\/\/www.europesays.com\/de\/wp-content\/uploads\/2026\/07\/https:\/\/fotos.rennrad-news.de\/f3\/6\/672\/672167-mt4b8ii76p3s-soudalquickstep_7-original.jpg\"   loading=\"lazy\" alt=\"Am ersten Rad f\u00e4hrt Merlier Rapid Air-Reifen von Specialized, sagte uns Mechaniker Guido Scherrer.\" title=\"Am ersten Rad f\u00e4hrt Merlier Rapid Air-Reifen von Specialized, sagte uns Mechaniker Guido Scherrer.\" data-photo-id=\"672167\" height=\"367\" width=\"550\"\/><br \/>\n            <\/a><\/p>\n<p>                <a href=\"#fa-photo-672167\" class=\"js__imageNumbering\">#<\/a><br \/>\n                <strong>Am ersten Rad f\u00e4hrt Merlier Rapid Air-Reifen von Specialized, sagte uns Mechaniker Guido Scherrer.<\/strong> <\/p>\n<p>            <a id=\"fa-photo-672171\"\/><br \/>\n            <a href=\"https:\/\/fotos.rennrad-news.de\/p\/672171\" title=\"Zero Setback und trotzdem Sattel ganz vorne.\" rel=\"nofollow noopener\" target=\"_blank\"><br \/>\n                <img decoding=\"async\" src=\"https:\/\/www.europesays.com\/de\/wp-content\/uploads\/2026\/07\/https:\/\/fotos.rennrad-news.de\/f3\/6\/672\/672171-4kbisxxqofcj-soudalquickstep_11-original.jpg\"   loading=\"lazy\" alt=\"Zero Setback und trotzdem Sattel ganz vorne.\" title=\"Zero Setback und trotzdem Sattel ganz vorne.\" data-photo-id=\"672171\" height=\"367\" width=\"550\"\/><br \/>\n            <\/a><\/p>\n<p>                <a href=\"#fa-photo-672171\" class=\"js__imageNumbering\">#<\/a><br \/>\n                <strong>Zero Setback und trotzdem Sattel ganz vorne.<\/strong> <\/p>\n<p>            <a id=\"fa-photo-672174\"\/><br \/>\n            <a href=\"https:\/\/fotos.rennrad-news.de\/p\/672174\" title=\"Aber eine 172,5er Kurbel.\" rel=\"nofollow noopener\" target=\"_blank\"><br \/>\n                <img decoding=\"async\" src=\"https:\/\/www.europesays.com\/de\/wp-content\/uploads\/2026\/07\/https:\/\/fotos.rennrad-news.de\/f3\/6\/672\/672174-xh4bmnq88k81-soudalquickstep_14-original.jpg\"   loading=\"lazy\" alt=\"Aber eine 172,5er Kurbel.\" title=\"Aber eine 172,5er Kurbel.\" data-photo-id=\"672174\" height=\"367\" width=\"550\"\/><br \/>\n            <\/a><\/p>\n<p>                <a href=\"#fa-photo-672174\" class=\"js__imageNumbering\">#<\/a><br \/>\n                <strong>Aber eine 172,5er Kurbel.<\/strong> <\/p>\n<p>        <a id=\"fa-photo-672185\"\/><br \/>\n        <a href=\"https:\/\/fotos.rennrad-news.de\/p\/672185\" title=\"Das Team hat 120 hei\u00df gewachste Ketten im Gep\u00e4ck, sagte uns Guido.\" rel=\"nofollow noopener\" target=\"_blank\"><br \/>\n            <img decoding=\"async\" src=\"https:\/\/www.europesays.com\/de\/wp-content\/uploads\/2026\/07\/https:\/\/fotos.rennrad-news.de\/f3\/6\/672\/672185-5rmrdjt4jcld-soudalquickstep_25-original.jpg\"   loading=\"lazy\" alt=\"Das Team hat 120 hei\u00df gewachste Ketten im Gep\u00e4ck, sagte uns Guido.\" title=\"Das Team hat 120 hei\u00df gewachste Ketten im Gep\u00e4ck, sagte uns Guido.\" data-photo-id=\"672185\" width=\"550\" height=\"367\"\/><br \/>\n        <\/a><\/p>\n<p>            <a href=\"#fa-photo-672185\" class=\"js__imageNumbering\">#<\/a><br \/>\n            <strong>Das Team hat 120 hei\u00df gewachste Ketten im Gep\u00e4ck, sagte uns Guido.<\/strong>  \u2013 Sie werden jeden Tag getauscht.<\/p>\n<p>            <a id=\"fa-photo-672189\"\/><br \/>\n            <a href=\"https:\/\/fotos.rennrad-news.de\/p\/672189\" title=\"Die Aufkleber\u2026\" rel=\"nofollow noopener\" target=\"_blank\"><br \/>\n                <img decoding=\"async\" src=\"https:\/\/www.europesays.com\/de\/wp-content\/uploads\/2026\/07\/https:\/\/fotos.rennrad-news.de\/f3\/6\/672\/672189-8qv39lsfqrex-soudalquickstep_29-original.jpg\"   loading=\"lazy\" alt=\"Die Aufkleber\u2026\" title=\"Die Aufkleber\u2026\" data-photo-id=\"672189\" height=\"367\" width=\"550\"\/><br \/>\n            <\/a><\/p>\n<p>                <a href=\"#fa-photo-672189\" class=\"js__imageNumbering\">#<\/a><br \/>\n                <strong>Die Aufkleber\u2026<\/strong> <\/p>\n<p>            <a id=\"fa-photo-672190\"\/><br \/>\n            <a href=\"https:\/\/fotos.rennrad-news.de\/p\/672190\" title=\"\u2026schonen die Felgen und sch\u00fctzen vor Klappern.\" rel=\"nofollow noopener\" target=\"_blank\"><br \/>\n                <img decoding=\"async\" src=\"https:\/\/www.europesays.com\/de\/wp-content\/uploads\/2026\/07\/https:\/\/fotos.rennrad-news.de\/f3\/6\/672\/672190-6j71o29p40uk-soudalquickstep_30-original.jpg\"   loading=\"lazy\" alt=\"\u2026schonen die Felgen und sch\u00fctzen vor Klappern.\" title=\"\u2026schonen die Felgen und sch\u00fctzen vor Klappern.\" data-photo-id=\"672190\" height=\"367\" width=\"550\"\/><br \/>\n            <\/a><\/p>\n<p>                <a href=\"#fa-photo-672190\" class=\"js__imageNumbering\">#<\/a><br \/>\n                <strong>\u2026schonen die Felgen und sch\u00fctzen vor Klappern.<\/strong> <\/p>\n<p>        <a id=\"fa-photo-672192\"\/><br \/>\n        <a href=\"https:\/\/fotos.rennrad-news.de\/p\/672192\" title=\"Nat\u00fcrlich f\u00e4hrt das Team schon den neuen Specialized S-Works Evade 4 Aero-Helm.\" rel=\"nofollow noopener\" target=\"_blank\"><br \/>\n            <img decoding=\"async\" src=\"https:\/\/www.europesays.com\/de\/wp-content\/uploads\/2026\/07\/https:\/\/fotos.rennrad-news.de\/f3\/6\/672\/672192-pu9k52h4wbrx-soudalquickstep_32-original.jpg\"   loading=\"lazy\" alt=\"Nat\u00fcrlich f\u00e4hrt das Team schon den neuen Specialized S-Works Evade 4 Aero-Helm.\" title=\"Nat\u00fcrlich f\u00e4hrt das Team schon den neuen Specialized S-Works Evade 4 Aero-Helm.\" data-photo-id=\"672192\" width=\"550\" height=\"367\"\/><br \/>\n        <\/a><\/p>\n<p>            <a href=\"#fa-photo-672192\" class=\"js__imageNumbering\">#<\/a><br \/>\n            <strong>Nat\u00fcrlich f\u00e4hrt das Team schon den neuen Specialized S-Works Evade 4 Aero-Helm.<\/strong> <\/p>\n<p>            <a id=\"fa-photo-672195\"\/><br \/>\n            <a href=\"https:\/\/fotos.rennrad-news.de\/p\/672195\" title=\"Seine K\u00fchlung soll um 2,4 % verbessert worden sein.\" rel=\"nofollow noopener\" target=\"_blank\"><br \/>\n                <img decoding=\"async\" src=\"https:\/\/www.europesays.com\/de\/wp-content\/uploads\/2026\/07\/https:\/\/fotos.rennrad-news.de\/f3\/6\/672\/672195-p303bv2e8mr9-soudalquickstep_35-original.jpg\"   loading=\"lazy\" alt=\"Seine K\u00fchlung soll um 2,4 % verbessert worden sein.\" title=\"Seine K\u00fchlung soll um 2,4 % verbessert worden sein.\" data-photo-id=\"672195\" height=\"367\" width=\"550\"\/><br \/>\n            <\/a><\/p>\n<p>                <a href=\"#fa-photo-672195\" class=\"js__imageNumbering\">#<\/a><br \/>\n                <strong>Seine K\u00fchlung soll um 2,4 % verbessert worden sein.<\/strong> <\/p>\n<p>            <a id=\"fa-photo-672193\"\/><br \/>\n            <a href=\"https:\/\/fotos.rennrad-news.de\/p\/672193\" title=\"Erkennbar auch an den neuen Lufteinl\u00e4ssen vorne.\" rel=\"nofollow noopener\" target=\"_blank\"><br \/>\n                <img decoding=\"async\" src=\"https:\/\/www.europesays.com\/de\/wp-content\/uploads\/2026\/07\/https:\/\/fotos.rennrad-news.de\/f3\/6\/672\/672193-40aqsnkgoe2h-soudalquickstep_33-original.jpg\"   loading=\"lazy\" alt=\"Erkennbar auch an den neuen Lufteinl\u00e4ssen vorne.\" title=\"Erkennbar auch an den neuen Lufteinl\u00e4ssen vorne.\" data-photo-id=\"672193\" height=\"367\" width=\"550\"\/><br \/>\n            <\/a><\/p>\n<p>                <a href=\"#fa-photo-672193\" class=\"js__imageNumbering\">#<\/a><br \/>\n                <strong>Erkennbar auch an den neuen Lufteinl\u00e4ssen vorne.<\/strong> <\/p>\n<p>Bianchi Specialissima RC: Damiano Carusos neues Kletterrad<\/p>\n<p>Das Bianchi Specialissima RC von Damiano Caruso ist eines der frischesten R\u00e4der im Tour-Peloton. Bahrain Victorious f\u00e4hrt 2026 auf Bianchi, und das neue Specialissima RC soll als leichtes Allround- beziehungsweise Kletterrad wieder n\u00e4her an die Spitze r\u00fccken. Laut Bianchi ist der neue Rahmen 40 g leichter als der Vorg\u00e4nger; aerodynamisch spricht der Hersteller von 16 Watt Vorteil bei 50 km\/h. Dazu kommt die f\u00fcr Bianchi typische Countervail-Technologie, die Vibrationen reduzieren soll. Auff\u00e4llig ist au\u00dferdem die Lackierung, die zwischen Blau und Gr\u00fcn changiert und bei unserem Video-Foto-Team f\u00fcr einige Begeisterung gesorgt hat.<\/p>\n<p>Carusos Rad ist mit 30-mm-Time-Trial-Reifen aufgebaut. Laut Team wird Bahrain Victorious die gesamte Tour auf TT-Reifen bestreiten und die Reifen alle f\u00fcnf Tage wechseln. Auch bei der Kette wird konsequent gearbeitet: Die Ketten sollen w\u00f6chentlich getauscht werden, am Rad ist eine gewachste Kette mit Liquid Wax, nur an den TT Bikes kommt Hei\u00dfwachs zum Einsatz. Bei der \u00dcbersetzung f\u00e4hrt Caruso 54\/40 Z\u00e4hne vorn. Spannend ist au\u00dferdem die Kurbel: Montiert ist eine Elilee-Kurbel mit Powermeter. Gewogen haben wir das Rad mit 7,05 kg.<\/p>\n<ul>\n<li><strong>Gewicht:<\/strong> 7,05 kg<\/li>\n<li><strong>\u00dcbersetzung:<\/strong> 54\/40 Z\u00e4hne vorn<\/li>\n<li><strong>Reifen:<\/strong> Continental Grandprix TT TR in 30 mm<\/li>\n<li><strong>Schaltung:<\/strong> Shimano Dura Ace Di2<\/li>\n<li><strong>Kurbel:<\/strong> Elilee<\/li>\n<\/ul>\n<p>        <a id=\"fa-photo-671996\"\/><br \/>\n        <a href=\"https:\/\/fotos.rennrad-news.de\/p\/671996\" title=\"Das Bianchi Specialissima RC ist ebenfalls frisch zur Tour bei Bahrain Victorious eingetroffen.\" rel=\"nofollow noopener\" target=\"_blank\"><br \/>\n            <img decoding=\"async\" src=\"https:\/\/www.europesays.com\/de\/wp-content\/uploads\/2026\/07\/https:\/\/fotos.rennrad-news.de\/f3\/6\/671\/671996-r9yopmw9vkll-bahrainvictorious_3-original.jpg\"   loading=\"lazy\" alt=\"Das Bianchi Specialissima RC ist ebenfalls frisch zur Tour bei Bahrain Victorious eingetroffen.\" title=\"Das Bianchi Specialissima RC ist ebenfalls frisch zur Tour bei Bahrain Victorious eingetroffen.\" data-photo-id=\"671996\" width=\"550\" height=\"367\"\/><br \/>\n        <\/a><\/p>\n<p>            <a href=\"#fa-photo-671996\" class=\"js__imageNumbering\">#<\/a><br \/>\n            <strong>Das Bianchi Specialissima RC ist ebenfalls frisch zur Tour bei Bahrain Victorious eingetroffen.<\/strong>  \u2013 Das Climbers Bike wurde ebenfalls deutlich aerodynamischer und soll schon auf Etappe 3 zum Einsatz kommen.<\/p>\n<p>            <a id=\"fa-photo-671998\"\/><br \/>\n            <a href=\"https:\/\/fotos.rennrad-news.de\/p\/671998\" title=\"Die Lackierung changiert zwischen Gr\u00fcn\u2026\" rel=\"nofollow noopener\" target=\"_blank\"><br \/>\n                <img decoding=\"async\" src=\"https:\/\/www.europesays.com\/de\/wp-content\/uploads\/2026\/07\/https:\/\/fotos.rennrad-news.de\/f3\/6\/671\/671998-6cq6t14nfp9s-bahrainvictorious_5-original.jpg\"   loading=\"lazy\" alt=\"Die Lackierung changiert zwischen Gr\u00fcn\u2026\" title=\"Die Lackierung changiert zwischen Gr\u00fcn\u2026\" data-photo-id=\"671998\" height=\"367\" width=\"550\"\/><br \/>\n            <\/a><\/p>\n<p>                <a href=\"#fa-photo-671998\" class=\"js__imageNumbering\">#<\/a><br \/>\n                <strong>Die Lackierung changiert zwischen Gr\u00fcn\u2026<\/strong> <\/p>\n<p>            <a id=\"fa-photo-672005\"\/><br \/>\n            <a href=\"https:\/\/fotos.rennrad-news.de\/p\/672005\" title=\"\u2026und Blau.\" rel=\"nofollow noopener\" target=\"_blank\"><br \/>\n                <img decoding=\"async\" src=\"https:\/\/www.europesays.com\/de\/wp-content\/uploads\/2026\/07\/https:\/\/fotos.rennrad-news.de\/f3\/6\/672\/672005-zmv85tveirb9-bahrainvictorious_12-original.jpg\"   loading=\"lazy\" alt=\"\u2026und Blau.\" title=\"\u2026und Blau.\" data-photo-id=\"672005\" height=\"367\" width=\"550\"\/><br \/>\n            <\/a><\/p>\n<p>                <a href=\"#fa-photo-672005\" class=\"js__imageNumbering\">#<\/a><br \/>\n                <strong>\u2026und Blau.<\/strong> <\/p>\n<p>        <a id=\"fa-photo-671995\"\/><br \/>\n        <a href=\"https:\/\/fotos.rennrad-news.de\/p\/671995\" title=\"\u2026und glitzert.\" rel=\"nofollow noopener\" target=\"_blank\"><br \/>\n            <img decoding=\"async\" src=\"https:\/\/www.europesays.com\/de\/wp-content\/uploads\/2026\/07\/https:\/\/fotos.rennrad-news.de\/f3\/6\/671\/671995-2f3fregkhij3-bahrainvictorious_2-original.jpg\"   loading=\"lazy\" alt=\"\u2026und glitzert.\" title=\"\u2026und glitzert.\" data-photo-id=\"671995\" width=\"550\" height=\"367\"\/><br \/>\n        <\/a><\/p>\n<p>            <a href=\"#fa-photo-671995\" class=\"js__imageNumbering\">#<\/a><br \/>\n            <strong>\u2026und glitzert.<\/strong> <\/p>\n<p>            <a id=\"fa-photo-672000\"\/><br \/>\n            <a href=\"https:\/\/fotos.rennrad-news.de\/p\/672000\" title=\"Wir konnten das Rad von Damiano Caruso fotografieren.\" rel=\"nofollow noopener\" target=\"_blank\"><br \/>\n                <img decoding=\"async\" src=\"https:\/\/www.europesays.com\/de\/wp-content\/uploads\/2026\/07\/https:\/\/fotos.rennrad-news.de\/f3\/6\/672\/672000-f36bs6qe1y02-bahrainvictorious_7-original.jpg\"   loading=\"lazy\" alt=\"Wir konnten das Rad von Damiano Caruso fotografieren.\" title=\"Wir konnten das Rad von Damiano Caruso fotografieren.\" data-photo-id=\"672000\" height=\"367\" width=\"550\"\/><br \/>\n            <\/a><\/p>\n<p>                <a href=\"#fa-photo-672000\" class=\"js__imageNumbering\">#<\/a><br \/>\n                <strong>Wir konnten das Rad von Damiano Caruso fotografieren.<\/strong> <\/p>\n<p>            <a id=\"fa-photo-672002\"\/><br \/>\n            <a href=\"https:\/\/fotos.rennrad-news.de\/p\/672002\" title=\"Bahrain f\u00e4hrt Elilee Kurbeln mit Spider Powermeter.\" rel=\"nofollow noopener\" target=\"_blank\"><br \/>\n                <img decoding=\"async\" src=\"https:\/\/www.europesays.com\/de\/wp-content\/uploads\/2026\/07\/https:\/\/fotos.rennrad-news.de\/f3\/6\/672\/672002-hfj06eughoyb-bahrainvictorious_9-original.jpg\"   loading=\"lazy\" alt=\"Bahrain f\u00e4hrt Elilee Kurbeln mit Spider Powermeter.\" title=\"Bahrain f\u00e4hrt Elilee Kurbeln mit Spider Powermeter.\" data-photo-id=\"672002\" height=\"367\" width=\"550\"\/><br \/>\n            <\/a><\/p>\n<p>                <a href=\"#fa-photo-672002\" class=\"js__imageNumbering\">#<\/a><br \/>\n                <strong>Bahrain f\u00e4hrt Elilee Kurbeln mit Spider Powermeter.<\/strong> <\/p>\n<p>        <a id=\"fa-photo-672006\"\/><br \/>\n        <a href=\"https:\/\/fotos.rennrad-news.de\/p\/672006\" title=\"F\u00fcr das Specialissima gibt es auch ein neues Cockpit.\" rel=\"nofollow noopener\" target=\"_blank\"><br \/>\n            <img decoding=\"async\" src=\"https:\/\/www.europesays.com\/de\/wp-content\/uploads\/2026\/07\/https:\/\/fotos.rennrad-news.de\/f3\/6\/672\/672006-2dx7sp8n7ldh-bahrainvictorious_13-original.jpg\"   loading=\"lazy\" alt=\"F\u00fcr das Specialissima gibt es auch ein neues Cockpit.\" title=\"F\u00fcr das Specialissima gibt es auch ein neues Cockpit.\" data-photo-id=\"672006\" width=\"550\" height=\"367\"\/><br \/>\n        <\/a><\/p>\n<p>            <a href=\"#fa-photo-672006\" class=\"js__imageNumbering\">#<\/a><br \/>\n            <strong>F\u00fcr das Specialissima gibt es auch ein neues Cockpit.<\/strong> <\/p>\n<p>            <a id=\"fa-photo-671999\"\/><br \/>\n            <a href=\"https:\/\/fotos.rennrad-news.de\/p\/671999\" title=\"Bahrain Victorious f\u00e4hrt die ganze Tour Grand Prix TT.\" rel=\"nofollow noopener\" target=\"_blank\"><br \/>\n                <img decoding=\"async\" src=\"https:\/\/www.europesays.com\/de\/wp-content\/uploads\/2026\/07\/https:\/\/fotos.rennrad-news.de\/f3\/6\/671\/671999-9frmg6ywyusk-bahrainvictorious_6-original.jpg\"   loading=\"lazy\" alt=\"Bahrain Victorious f\u00e4hrt die ganze Tour Grand Prix TT.\" title=\"Bahrain Victorious f\u00e4hrt die ganze Tour Grand Prix TT.\" data-photo-id=\"671999\" height=\"367\" width=\"550\"\/><br \/>\n            <\/a><\/p>\n<p>                <a href=\"#fa-photo-671999\" class=\"js__imageNumbering\">#<\/a><br \/>\n                <strong>Bahrain Victorious f\u00e4hrt die ganze Tour Grand Prix TT.<\/strong>  \u2013 Nur in Paris kommen andere Pneus dran.<\/p>\n<p>            <a id=\"fa-photo-671994\"\/><br \/>\n            <a href=\"https:\/\/fotos.rennrad-news.de\/p\/671994\" title=\"Mit diesem Werkzeug werden die R\u00e4der auf die Fahrer eingestellt.\" rel=\"nofollow noopener\" target=\"_blank\"><br \/>\n                <img decoding=\"async\" src=\"https:\/\/www.europesays.com\/de\/wp-content\/uploads\/2026\/07\/https:\/\/fotos.rennrad-news.de\/f3\/6\/671\/671994-n86y3mf3rr8d-bahrainvictorious_1-original.jpg\"   loading=\"lazy\" alt=\"Mit diesem Werkzeug werden die R\u00e4der auf die Fahrer eingestellt.\" title=\"Mit diesem Werkzeug werden die R\u00e4der auf die Fahrer eingestellt.\" data-photo-id=\"671994\" height=\"367\" width=\"550\"\/><br \/>\n            <\/a><\/p>\n<p>                <a href=\"#fa-photo-671994\" class=\"js__imageNumbering\">#<\/a><br \/>\n                <strong>Mit diesem Werkzeug werden die R\u00e4der auf die Fahrer eingestellt.<\/strong> <\/p>\n<p>        <a id=\"fa-photo-672007\"\/><br \/>\n        <a href=\"https:\/\/fotos.rennrad-news.de\/p\/672007\" title=\"Weil es so sch\u00f6n war.\" rel=\"nofollow noopener\" target=\"_blank\"><br \/>\n            <img decoding=\"async\" src=\"https:\/\/www.europesays.com\/de\/wp-content\/uploads\/2026\/07\/https:\/\/fotos.rennrad-news.de\/f3\/6\/672\/672007-knv7zrkvvchf-bahrainvictorious_14-original.jpg\"   loading=\"lazy\" alt=\"Weil es so sch\u00f6n war.\" title=\"Weil es so sch\u00f6n war.\" data-photo-id=\"672007\" width=\"550\" height=\"367\"\/><br \/>\n        <\/a><\/p>\n<p>            <a href=\"#fa-photo-672007\" class=\"js__imageNumbering\">#<\/a><br \/>\n            <strong>Weil es so sch\u00f6n war.<\/strong> <\/p>\n<p>Wilier Filante SLR ID2: Romain Gr\u00e9goires Sonderlackierung<\/p>\n<p>Das Wilier Filante SLR ID2 von Romain Gr\u00e9goire ist vor allem optisch ein Hingucker: Zur Tour de France fuhr der Franzose mit der neuen Sonderlackierung mit blau abgesetzten Chromfl\u00e4chen und matt-violetten Partien an der Front vor. Technisch ist das neue Filante SLR ID2 Wiliers aktuelles Aero-Allroundbike f\u00fcr die WorldTour. In der Serie startet das Filante SLR ID2 bei rund 9.900 Euro, die Topmodelle liegen bei etwa 13.000 Euro. Das leichteste Serienrad gibt Wilier mit 7,1 kg an.<\/p>\n<p>Ein interessantes Detail am Profi-Rennrad sind die zusammen mit Elite entwickelten Aero-Flaschenhalter und die dazu passenden eckigen Trinkflaschen. \u00c4hnlich wie beim <a href=\"https:\/\/www.rennrad-news.de\/news\/tag\/trek-madone\" rel=\"nofollow noopener\" target=\"_blank\">Trek Madone<\/a> sollen Flasche, Halter und Rahmen als System funktionieren und die Luftf\u00fchrung verbessern. Auch die Startnummernhalterung ist sauber integriert: Sie sitzt an der Sattelklemme und soll dort m\u00f6glichst aerodynamisch anschlie\u00dfen.<\/p>\n<p>        <a id=\"fa-photo-672017\"\/><br \/>\n        <a href=\"https:\/\/fotos.rennrad-news.de\/p\/672017\" title=\"Das Wilier Filante SLR ID2 von Romain Gr\u00e9goire in Sonderlackierung.\" rel=\"nofollow noopener\" target=\"_blank\"><br \/>\n            <img decoding=\"async\" src=\"https:\/\/www.europesays.com\/de\/wp-content\/uploads\/2026\/07\/https:\/\/fotos.rennrad-news.de\/f3\/6\/672\/672017-a13fg133uro4-fdjgroupama_2-original.jpg\"   loading=\"lazy\" alt=\"Das Wilier Filante SLR ID2 von Romain Gr\u00e9goire in Sonderlackierung.\" title=\"Das Wilier Filante SLR ID2 von Romain Gr\u00e9goire in Sonderlackierung.\" data-photo-id=\"672017\" width=\"550\" height=\"367\"\/><br \/>\n        <\/a><\/p>\n<p>            <a href=\"#fa-photo-672017\" class=\"js__imageNumbering\">#<\/a><br \/>\n            <strong>Das Wilier Filante SLR ID2 von Romain Gr\u00e9goire in Sonderlackierung.<\/strong>  \u2013 Hier erschien nur die Lackierung kurz vor der Tour, aber der Aero-Allrounder von Wilier ist ebenfalls noch jung.<\/p>\n<p>            <a id=\"fa-photo-672018\"\/><br \/>\n            <a href=\"https:\/\/fotos.rennrad-news.de\/p\/672018\" title=\"Cockpit in Rahmenfarbe\u2026\" rel=\"nofollow noopener\" target=\"_blank\"><br \/>\n                <img decoding=\"async\" src=\"https:\/\/www.europesays.com\/de\/wp-content\/uploads\/2026\/07\/https:\/\/fotos.rennrad-news.de\/f3\/6\/672\/672018-zhop5asn1boz-fdjgroupama_3-original.jpg\"   loading=\"lazy\" alt=\"Cockpit in Rahmenfarbe\u2026\" title=\"Cockpit in Rahmenfarbe\u2026\" data-photo-id=\"672018\" height=\"367\" width=\"550\"\/><br \/>\n            <\/a><\/p>\n<p>                <a href=\"#fa-photo-672018\" class=\"js__imageNumbering\">#<\/a><br \/>\n                <strong>Cockpit in Rahmenfarbe\u2026<\/strong> <\/p>\n<p>            <a id=\"fa-photo-672019\"\/><br \/>\n            <a href=\"https:\/\/fotos.rennrad-news.de\/p\/672019\" title=\"\u2026und Aero-Flaschenhalter f\u00fcr eckige Flaschen.\" rel=\"nofollow noopener\" target=\"_blank\"><br \/>\n                <img decoding=\"async\" src=\"https:\/\/www.europesays.com\/de\/wp-content\/uploads\/2026\/07\/https:\/\/fotos.rennrad-news.de\/f3\/6\/672\/672019-zv9j8iup7ncg-fdjgroupama_4-original.jpg\"   loading=\"lazy\" alt=\"\u2026und Aero-Flaschenhalter f\u00fcr eckige Flaschen.\" title=\"\u2026und Aero-Flaschenhalter f\u00fcr eckige Flaschen.\" data-photo-id=\"672019\" height=\"367\" width=\"550\"\/><br \/>\n            <\/a><\/p>\n<p>                <a href=\"#fa-photo-672019\" class=\"js__imageNumbering\">#<\/a><br \/>\n                <strong>\u2026und Aero-Flaschenhalter f\u00fcr eckige Flaschen.<\/strong> <\/p>\n<p>            <a id=\"fa-photo-672021\"\/><br \/>\n            <a href=\"https:\/\/fotos.rennrad-news.de\/p\/672021\" title=\"An den Sitzstreben\u2026\" rel=\"nofollow noopener\" target=\"_blank\"><br \/>\n                <img decoding=\"async\" src=\"https:\/\/www.europesays.com\/de\/wp-content\/uploads\/2026\/07\/https:\/\/fotos.rennrad-news.de\/f3\/6\/672\/672021-r0og8czfmfgn-fdjgroupama_6-original.jpg\"   loading=\"lazy\" alt=\"An den Sitzstreben\u2026\" title=\"An den Sitzstreben\u2026\" data-photo-id=\"672021\" height=\"367\" width=\"550\"\/><br \/>\n            <\/a><\/p>\n<p>                <a href=\"#fa-photo-672021\" class=\"js__imageNumbering\">#<\/a><br \/>\n                <strong>An den Sitzstreben\u2026<\/strong> <\/p>\n<p>            <a id=\"fa-photo-672029\"\/><br \/>\n            <a href=\"https:\/\/fotos.rennrad-news.de\/p\/672029\" title=\"\u2026werden Farbakzente gesetzt.\" rel=\"nofollow noopener\" target=\"_blank\"><br \/>\n                <img decoding=\"async\" src=\"https:\/\/www.europesays.com\/de\/wp-content\/uploads\/2026\/07\/https:\/\/fotos.rennrad-news.de\/f3\/6\/672\/672029-jds7j7tse5bl-fdjgroupama_14-original.jpg\"   loading=\"lazy\" alt=\"\u2026werden Farbakzente gesetzt.\" title=\"\u2026werden Farbakzente gesetzt.\" data-photo-id=\"672029\" height=\"367\" width=\"550\"\/><br \/>\n            <\/a><\/p>\n<p>                <a href=\"#fa-photo-672029\" class=\"js__imageNumbering\">#<\/a><br \/>\n                <strong>\u2026werden Farbakzente gesetzt.<\/strong> <\/p>\n<p>        <a id=\"fa-photo-672035\"\/><br \/>\n        <a href=\"https:\/\/fotos.rennrad-news.de\/p\/672035\" title=\"Farbakzente werden an der Front aufgenommen.\" rel=\"nofollow noopener\" target=\"_blank\"><br \/>\n            <img decoding=\"async\" src=\"https:\/\/www.europesays.com\/de\/wp-content\/uploads\/2026\/07\/https:\/\/fotos.rennrad-news.de\/f3\/6\/672\/672035-fozeiqjhn3vl-fdjgroupama_20-original.jpg\"   loading=\"lazy\" alt=\"Farbakzente werden an der Front aufgenommen.\" title=\"Farbakzente werden an der Front aufgenommen.\" data-photo-id=\"672035\" width=\"550\" height=\"367\"\/><br \/>\n        <\/a><\/p>\n<p>            <a href=\"#fa-photo-672035\" class=\"js__imageNumbering\">#<\/a><br \/>\n            <strong>Farbakzente werden an der Front aufgenommen.<\/strong> <\/p>\n<p>        <a id=\"fa-photo-672034\"\/><br \/>\n        <a href=\"https:\/\/fotos.rennrad-news.de\/p\/672034\" title=\"Das ist die normale Teambike-Farbe.\" rel=\"nofollow noopener\" target=\"_blank\"><br \/>\n            <img decoding=\"async\" src=\"https:\/\/www.europesays.com\/de\/wp-content\/uploads\/2026\/07\/https:\/\/fotos.rennrad-news.de\/f3\/6\/672\/672034-oy2madkj3cec-fdjgroupama_19-original.jpg\"   loading=\"lazy\" alt=\"Das ist die normale Teambike-Farbe.\" title=\"Das ist die normale Teambike-Farbe.\" data-photo-id=\"672034\" width=\"550\" height=\"367\"\/><br \/>\n        <\/a><\/p>\n<p>            <a href=\"#fa-photo-672034\" class=\"js__imageNumbering\">#<\/a><br \/>\n            <strong>Das ist die normale Teambike-Farbe.<\/strong> <\/p>\n<p>            <a id=\"fa-photo-672033\"\/><br \/>\n            <a href=\"https:\/\/fotos.rennrad-news.de\/p\/672033\" title=\"Groupama - FDJ \u2013 Team Nummer drei mit TT-Reifen der Grand Prix-Reihe am Start.\" rel=\"nofollow noopener\" target=\"_blank\"><br \/>\n                <img decoding=\"async\" src=\"https:\/\/www.europesays.com\/de\/wp-content\/uploads\/2026\/07\/https:\/\/fotos.rennrad-news.de\/f3\/6\/672\/672033-cpt2vxs5ayfu-fdjgroupama_18-original.jpg\"   loading=\"lazy\" alt=\"Groupama - FDJ \u2013 Team Nummer drei mit TT-Reifen der Grand Prix-Reihe am Start.\" title=\"Groupama - FDJ \u2013 Team Nummer drei mit TT-Reifen der Grand Prix-Reihe am Start.\" data-photo-id=\"672033\" height=\"367\" width=\"550\"\/><br \/>\n            <\/a><\/p>\n<p>                <a href=\"#fa-photo-672033\" class=\"js__imageNumbering\">#<\/a><br \/>\n                <strong>Groupama &#8211; FDJ \u2013 Team Nummer drei mit TT-Reifen der Grand Prix-Reihe am Start.<\/strong> <\/p>\n<p>            <a id=\"fa-photo-672023\"\/><br \/>\n            <a href=\"https:\/\/fotos.rennrad-news.de\/p\/672023\" title=\"Gregoire f\u00e4hrt eine 165er Kurbel.\" rel=\"nofollow noopener\" target=\"_blank\"><br \/>\n                <img decoding=\"async\" src=\"https:\/\/www.europesays.com\/de\/wp-content\/uploads\/2026\/07\/https:\/\/fotos.rennrad-news.de\/f3\/6\/672\/672023-gr5xfpnfw379-fdjgroupama_8-original.jpg\"   loading=\"lazy\" alt=\"Gregoire f\u00e4hrt eine 165er Kurbel.\" title=\"Gregoire f\u00e4hrt eine 165er Kurbel.\" data-photo-id=\"672023\" height=\"367\" width=\"550\"\/><br \/>\n            <\/a><\/p>\n<p>                <a href=\"#fa-photo-672023\" class=\"js__imageNumbering\">#<\/a><br \/>\n                <strong>Gregoire f\u00e4hrt eine 165er Kurbel.<\/strong> <\/p>\n<p>        <a id=\"fa-photo-672031\"\/><br \/>\n        <a href=\"https:\/\/fotos.rennrad-news.de\/p\/672031\" title=\"Kurze Pause.\" rel=\"nofollow noopener\" target=\"_blank\"><br \/>\n            <img decoding=\"async\" src=\"https:\/\/www.europesays.com\/de\/wp-content\/uploads\/2026\/07\/https:\/\/fotos.rennrad-news.de\/f3\/6\/672\/672031-epq7midscmgr-fdjgroupama_16-original.jpg\"   loading=\"lazy\" alt=\"Kurze Pause.\" title=\"Kurze Pause.\" data-photo-id=\"672031\" width=\"550\" height=\"367\"\/><br \/>\n        <\/a><\/p>\n<p>            <a href=\"#fa-photo-672031\" class=\"js__imageNumbering\">#<\/a><br \/>\n            <strong>Kurze Pause.<\/strong> <\/p>\n<p>        <a id=\"fa-photo-672011\"\/><br \/>\n        <a href=\"https:\/\/fotos.rennrad-news.de\/p\/672011\" title=\"Einige Team-Hotels liegen nicht weit von den Str\u00e4nden der Costa Brava.\" rel=\"nofollow noopener\" target=\"_blank\"><br \/>\n            <img decoding=\"async\" src=\"https:\/\/www.europesays.com\/de\/wp-content\/uploads\/2026\/07\/https:\/\/fotos.rennrad-news.de\/f3\/6\/672\/672011-0wxdgkz3sd3g-bahrainvictorious_18-original.jpg\"   loading=\"lazy\" alt=\"Einige Team-Hotels liegen nicht weit von den Str\u00e4nden der Costa Brava.\" title=\"Einige Team-Hotels liegen nicht weit von den Str\u00e4nden der Costa Brava.\" data-photo-id=\"672011\" width=\"550\" height=\"367\"\/><br \/>\n        <\/a><\/p>\n<p>            <a href=\"#fa-photo-672011\" class=\"js__imageNumbering\">#<\/a><br \/>\n            <strong>Einige Team-Hotels liegen nicht weit von den Str\u00e4nden der Costa Brava.<\/strong> <\/p>\n<p class=\"mtbn-call-to-action\">Was ist euer Favorit von den Bikes der Profis bei der Tour bisher?<\/p>\n<p><strong>Hier lest ihr mehr zur <a href=\"https:\/\/www.rennrad-news.de\/news\/rennrad\/profi-rennrad\/\" title=\"Tour de France Profi-Rennr\u00e4dern\" rel=\"noopener noreferrer nofollow\" target=\"_blank\"><a href=\"\" rel=\"noopener\" target=\"_blank\">Tour de France 2026 Rennrad-Technik<\/a> auf Rennrad-News:<\/strong><\/p>\n<p><img decoding=\"async\" class=\"wp-worthy-pixel-img skip-lazy \" src=\"https:\/\/www.europesays.com\/de\/wp-content\/uploads\/2026\/07\/9b94b0b019924a9c81b45d8de9c1b71b.gif\" loading=\"eager\" data-no-lazy=\"1\" data-skip-lazy=\"1\" height=\"1\" width=\"1\" alt=\"\"\/><\/p>\n<ul class=\"get_posts_class\">\n<li><a href=\"https:\/\/www.rennrad-news.de\/news\/tour-de-france-2026-regeln-zeiten-strecke\/\" rel=\"nofollow noopener\" target=\"_blank\">Tour de France 2026 \u2013 Einblick: Was beim Mannschaftszeitfahren anders ist<\/a><\/li>\n<li><a href=\"https:\/\/www.rennrad-news.de\/news\/tour-de-france-2026-arbeitsgeraete-11-profi-rennraeder-und-tt-bikes\/\" rel=\"nofollow noopener\" target=\"_blank\">Tour de France 2026 \u2013 Arbeitsger\u00e4te: 11 Profi-Rennr\u00e4der und TT Bikes<\/a><\/li>\n<\/ul>\n","protected":false},"excerpt":{"rendered":"Inhaltsverzeichnis Video: Tour de France Profi-Rennr\u00e4der 2026 &#8222;&gt; Tour de France 2026: 13 Profi-Rennr\u00e4der aus Barcelona bewertet! Wir&hellip;\n","protected":false},"author":2,"featured_media":1142248,"comment_status":"","ping_status":"","sticky":false,"template":"","format":"standard","meta":{"footnotes":"","_share_on_mastodon":"0"},"categories":[134],"tags":[175,170,169,29,30,709,171,174,708,34902,240224,173,172],"class_list":["post-1142247","post","type-post","status-publish","format-standard","has-post-thumbnail","category-unternehmen-maerkte","tag-business","tag-companies","tag-companies-markets","tag-deutschland","tag-germany","tag-magazin_feature","tag-markets","tag-maerkte","tag-popular","tag-tour-de-france","tag-tourdefrance_2026","tag-unternehmen","tag-unternehmen-maerkte"],"share_on_mastodon":{"url":"https:\/\/pubeurope.com\/@de\/116861533151242470","error":""},"_links":{"self":[{"href":"https:\/\/www.europesays.com\/de\/wp-json\/wp\/v2\/posts\/1142247","targetHints":{"allow":["GET"]}}],"collection":[{"href":"https:\/\/www.europesays.com\/de\/wp-json\/wp\/v2\/posts"}],"about":[{"href":"https:\/\/www.europesays.com\/de\/wp-json\/wp\/v2\/types\/post"}],"author":[{"embeddable":true,"href":"https:\/\/www.europesays.com\/de\/wp-json\/wp\/v2\/users\/2"}],"replies":[{"embeddable":true,"href":"https:\/\/www.europesays.com\/de\/wp-json\/wp\/v2\/comments?post=1142247"}],"version-history":[{"count":0,"href":"https:\/\/www.europesays.com\/de\/wp-json\/wp\/v2\/posts\/1142247\/revisions"}],"wp:featuredmedia":[{"embeddable":true,"href":"https:\/\/www.europesays.com\/de\/wp-json\/wp\/v2\/media\/1142248"}],"wp:attachment":[{"href":"https:\/\/www.europesays.com\/de\/wp-json\/wp\/v2\/media?parent=1142247"}],"wp:term":[{"taxonomy":"category","embeddable":true,"href":"https:\/\/www.europesays.com\/de\/wp-json\/wp\/v2\/categories?post=1142247"},{"taxonomy":"post_tag","embeddable":true,"href":"https:\/\/www.europesays.com\/de\/wp-json\/wp\/v2\/tags?post=1142247"}],"curies":[{"name":"wp","href":"https:\/\/api.w.org\/{rel}","templated":true}]}}