{"id":1142424,"date":"2026-07-04T13:34:17","date_gmt":"2026-07-04T13:34:17","guid":{"rendered":"https:\/\/www.europesays.com\/de\/1142424\/"},"modified":"2026-07-04T13:34:17","modified_gmt":"2026-07-04T13:34:17","slug":"emotionale-entlassfeier-in-werther-gesamtschule-verabschiedet-80-absolventen-haller-kreisblatt","status":"publish","type":"post","link":"https:\/\/www.europesays.com\/de\/1142424\/","title":{"rendered":"Emotionale Entlassfeier in Werther: Gesamtschule verabschiedet 80 Absolventen | Haller Kreisblatt"},"content":{"rendered":"<p id=\"absatz1\" class=\"em_text\">Werther. Am PAB-Standort in Werther hei\u00dft es Abschied nehmen. 80 Sch\u00fclerinnen und Sch\u00fcler haben die zehnte Klasse abgeschlossen. Jetzt werden sie sich neuen Herausforderungen stellen. Vier Sch\u00fcler haben den Ersten Schulabschluss erlangt, 13 den Erweiterten Ersten Schulabschluss. 25 Sch\u00fcler haben au\u00dferdem die mittlere Reife erlangt. Weitere 38 haben zus\u00e4tzlich einen Qualifikationsvermerk f\u00fcr die gymnasiale Oberstufe erhalten.<\/p>\n<p id=\"absatz2\" class=\"em_text\">Bei der Entlassfeier (Donnerstag, 2. Juli) in der schuleigenen Aula schwelgten Lehrkr\u00e4fte, P\u00e4dagogen und Eltern in Erinnerung an die bisherige Schulzeit ihrer Sch\u00fctzlinge und Kinder.<\/p>\n<p id=\"absatz3\" class=\"em_text\">Ein wiederkehrendes Thema bei den Rednern waren die widrigen Umst\u00e4nde, unter denen die Kinder ihre Zeit an der PAB-Gesamtschule beginnen mussten. Stichwort: Corona. Aber auch die merkw\u00fcrdige und gew\u00f6hnungsbed\u00fcrftige Zeit, in der die Zehntkl\u00e4ssler nun ihre Abschl\u00fcsse gemacht haben. So er\u00f6ffnete Michael Strangmann, stellvertretender Schulleiter, die Er\u00f6ffnungsrede der Feier mit einem \u00dcberraschungseffekt. Im Dunkeln ert\u00f6nte aus dem Off pl\u00f6tzlich die Stimme des Lehrers, und einige drehten sich verwundert von links nach rechts, um herauszufinden, von wo Strangmann wohl zu ihnen sprach.<\/p>\n<p>Urteilsf\u00e4higkeit wichtiger denn je<\/p>\n<p class=\"em_text\">Nach ein paar einleitenden Worten trat er dann auf die B\u00fchne und brachte \u2013 buchst\u00e4blich \u2013 Licht ins Dunkel. \u201eWas Sie geh\u00f6rt haben, war eine k\u00fcnstliche Intelligenz\u201c, sagte Strangmann. Diese hatte er vorab mit seiner Stimme einen vorgefertigten Text aufsagen lassen. \u201eWillkommen im Jahr 2026\u201c, f\u00fcgte er trocken hinzu.<\/p>\n<p id=\"absatz5\" class=\"em_text\">Strangmann ist nicht der Erste, der den rasanten Fortschritt der KI bei einer schulischen Entlassfeier zum Thema macht \u2013 und wird wohl kaum der Letzte gewesen sein. Das Thema besch\u00e4ftigt die ganze Welt \u2013 und Bildungseinrichtungen ganz besonders. \u201eHeute reicht ein Computer, um die Wirklichkeit komplett zu ver\u00e4ndern\u201c, fuhr Strangmann fort. \u201eHeute fragt man sich, ob es \u00fcberhaupt echt ist, was man sieht, liest und h\u00f6rt.\u201c<\/p>\n<p id=\"absatz6\" class=\"em_text\">Die eigentliche Kunst sei es heutzutage nicht mehr, an Informationen zu kommen, sondern zu entscheiden, ob das Gefundene denn \u00fcberhaupt verl\u00e4sslich ist. Das Internet und k\u00fcnstliche Intelligenz h\u00e4tten Schule bei der Wissensvermittlung schon abgeh\u00e4ngt, gibt er zu. Vielmehr sei es die Aufgabe von Schule, Urteilsf\u00e4higkeit und kritisches Denken zu f\u00f6rdern. Die richtigen Fragen zu stellen und ob der Masse an verf\u00fcgbaren Fehlinformationen die richtigen Entscheidungen zu treffen.<\/p>\n<p>Schwieriger Anfang w\u00e4hrend Corona<\/p>\n<p id=\"absatz7\" class=\"em_text\">Die Elternvertreterinnen Nicole Austmann und Tina Wannke erinnerten sich vor allem an die Zeit des Distanzunterrichtes w\u00e4hrend der Corona-Pandemie. Schlie\u00dflich mussten ihre Kinder w\u00e4hrenddessen im h\u00e4uslichen Umfeld vor Bildschirmen lernen \u2013 meist nur wenige Meter von ihrem Schlafplatz entfernt, der verlockend zum Liegenbleiben einlud und dem Lernfortschritt nicht unbedingt dienlich war. Demnach seien die Kinder in dieser Zeit ziemlich findig im Suchen von Ausreden gewesen. Verschwundene Dateien und streikende Technik sind da nur zwei vieler genannter Beispiele.<\/p>\n<p id=\"absatz8\"><b class=\"bold\">Die PAB-Absolventen in Borgholzhausen:<\/b> <a href=\"https:\/\/www.haller-kreisblatt.de\/lokal\/borgholzhausen\/24366660_Das-sollen-Schueler-aus-Borgholzhausen-nach-ihrem-Schulabschluss-mitnehmen.html\" rel=\"nofollow noopener\" target=\"_blank\">Das sollen Sch\u00fcler nach ihrem Schulabschluss mitnehmen <\/a><\/p>\n<p id=\"absatz9\" class=\"em_text\">Nicole Austermann bedankte sich vor diesem Hintergrund bei den Lehrkr\u00e4ften: \u201eIhr habt unseren Kindern in dieser Zeit Orientierung gegeben.\u201c Dann wandte sie sich abschlie\u00dfend nochmals den Sch\u00fclern zu. \u201eIhr geht jetzt unterschiedliche Wege. Egal, welchen \u2013 es gibt nicht den einen perfekten.\u201c Wannke erg\u00e4nzte: \u201eAuch Erwachsene machen Fehler, nennen sie dann aber Erfahrungen. Die Welt braucht nicht nur gute Noten und Abschl\u00fcsse.\u201c<\/p>\n<p>        <a href=\"https:\/\/www.haller-kreisblatt.de\/_em_daten\/_cache\/image\/1xelByaDl1aEVxOU1XVXRXazA4YVBHOG16MHhVd1N3MFBKdGF0bHVsMnprc2NIMnBaQ2hXVUtmSTBpUzVEaFM0VCt3MG5wRXJKVUwvUGI1QjZJZjhieWhGM0tiUEJSU0dKcFVmTXNwcGRhaXc9\/260703-1535-912865285.jpg\" class=\"nw-article-image\" title=\"Oliver Cannova und Onur Adig\u00fczel sangen ihren eigenen Song \" die=\"\" zeit=\"\" fliegt=\"\" und=\"\" lie=\"\" sich=\"\" auch=\"\" von=\"\" tonproblemen=\"\" nicht=\"\" aus=\"\" der=\"\" ruhe=\"\" bringen.=\"\" data-glightbox=\"type: image; description: Oliver Cannova und Onur Adig\u00fczel sangen ihren eigenen Song &quot;Die Zeit fliegt&quot; und lie\u00dfen sich auch von Tonproblemen nicht aus der Ruhe bringen.  | \u00a9 Tobias Barrelmeyer \" rel=\"nofollow noopener\" target=\"_blank\"><br \/>\n            <img decoding=\"async\" src=\"https:\/\/www.europesays.com\/de\/wp-content\/uploads\/2026\/07\/260703-1535-912865285.jpg\" class=\"nw-img-fluid nw-w-full nw-lazy nw-rounded-t-md\" alt=\"Oliver Cannova und Onur Adig\u00fczel sangen ihren eigenen Song &quot;Die Zeit fliegt&quot; und lie\u00dfen sich auch von Tonproblemen nicht aus der Ruhe bringen. - \u00a9 Tobias Barrelmeyer\" data-format=\"16:9\"\/><br \/>\n        <\/a><\/p>\n<p>                Oliver Cannova und Onur Adig\u00fczel sangen ihren eigenen Song &#8222;Die Zeit fliegt&#8220; und lie\u00dfen sich auch von Tonproblemen nicht aus der Ruhe bringen.<br \/>\n                                    | \u00a9 Tobias Barrelmeyer<\/p>\n<p id=\"absatz10\" class=\"em_text\">Emotional und auch lustig wurde es, als Silke Andres, die als Integrationsfachkraft eine Sch\u00fclerin durch ihren Schulalltag begleitet hatte, von ihren Erlebnissen in der Klasse \u201eAqua\u201c erz\u00e4hlte. Die Klassen erhalten auf der PAB-Gesamtschule Namen, die sich mit verschiedenen Farben assoziieren lassen \u2013 Blau im Fall des Abschlussjahrgangs.<\/p>\n<p>Aufregende F\u00fcnf-Minuten-Pausen<\/p>\n<p id=\"absatz11\" class=\"em_text\">Pointen \u2013 und gestenreich berichtete sie von F\u00fcnf-Minuten-Pausen, in denen sie Blut und Wasser geschwitzt habe. Als etwa ein Sch\u00fcler aus dem Fenster auf ein Vordach springen wollte, um einen Fu\u00dfball wieder heraufzuholen, mit dem eben noch im Klassenzimmer gebolzt worden war. Mit \u00dcberzeugungsarbeit und der Mithilfe eines weiteren Sch\u00fclers habe sie dieses Vorhaben schlie\u00dflich noch abwenden k\u00f6nnen.<\/p>\n<p id=\"absatz12\" class=\"em_text\">Au\u00dferdem habe die P\u00e4dagogin oft mit n\u00fctzlichen Alltagsgegenst\u00e4nden aushelfen m\u00fcssen. Ihr Top-f\u00fcnf-Ranking: Handcreme, Nagelfeile, Haargummis, Taschent\u00fccher und \u2013 auf Platz eins \u2013 Traubenzucker. F\u00fcr den Stress nach, vor und w\u00e4hrend der Pr\u00fcfungen.<\/p>\n<p id=\"absatz13\" class=\"em_text\">Schlie\u00dflich verabschiedeten sich auch die Lehrkr\u00e4fte von den Sch\u00fclern \u2013 und das kreativ mit einem Videobeitrag im Stile eines \u00fcberdrehten Influencers, gespielt von Lehrer Felix Rinke. Auf die Fragen von Rinke hin rekapitulierten die Klassenlehrer im Videobeitrag ihre peinlichsten und sch\u00f6nsten Erinnerungen mit den Absolventen.<\/p>\n<p>Lehrer vergeben besondere Auszeichnungen<\/p>\n<p id=\"absatz14\" class=\"em_text\">Nach der Zeugnisvergabe wurden einige Sch\u00fcler noch mit besonderen Auszeichnungen versehen. Geehrt wurde Marielle Fast f\u00fcr besondere Kraft und Disziplin trotz widriger Lernumst\u00e4nde. Oliver Cannova erhielt eine Ehrung f\u00fcr den bestm\u00f6glichen Abschluss. F\u00fcr eine enorme Leistungsentwicklung w\u00e4hrend der Schulzeit wurden Luis Spilker und Henrik Sokoll ausgezeichnet. Besonderes Engagement im Schulalltag und dar\u00fcber hinaus hatten nach Ansicht der Lehrer Jannick Habermann und Leandra Strate an den Tag gelegt.<\/p>\n<p>        <a href=\"https:\/\/www.haller-kreisblatt.de\/_em_daten\/_cache\/image\/1xay90VnNUSm5Jak04MUlHRUU3QWhsWlpQSXVwOW5WRTJXbkVyOWdmemEvdFV0UnVYTTVuUTZndDRIOWhtUlVWbjNxK3NZby9HUnkwWUpwYm5Fb3NleGQvVDcvTU4zMGROYlRYN2JkWGQ3NWc9\/260703-1535-912865189.jpg\" class=\"nw-article-image\" title=\"Marielle Fast, Oliver Cannova, Luis Spilker, Jannick Habermann, Leandra Strate und Henrik Sokoll erhielten besondere Auszeichnungen f\u00fcr Engangement, Durchhalteverm\u00f6gen oder eine besonders beeindruckende Leistungsentwicklung.\" data-glightbox=\"type: image; description: Marielle Fast, Oliver Cannova, Luis Spilker, Jannick Habermann, Leandra Strate und Henrik Sokoll erhielten besondere Auszeichnungen f\u00fcr Engangement, Durchhalteverm\u00f6gen oder eine besonders beeindruckende Leistungsentwicklung.  | \u00a9 Tobias Barrelmeyer \" rel=\"nofollow noopener\" target=\"_blank\"><br \/>\n            <img decoding=\"async\" src=\"https:\/\/www.europesays.com\/de\/wp-content\/uploads\/2026\/07\/260703-1535-912865189.jpg\" class=\"nw-img-fluid nw-w-full nw-lazy nw-rounded-t-md\" alt=\"Marielle Fast, Oliver Cannova, Luis Spilker, Jannick Habermann, Leandra Strate und Henrik Sokoll erhielten besondere Auszeichnungen f\u00fcr Engangement, Durchhalteverm\u00f6gen oder eine besonders beeindruckende Leistungsentwicklung. - \u00a9 Tobias Barrelmeyer\" data-format=\"16:9\"\/><br \/>\n        <\/a><\/p>\n<p>                Marielle Fast, Oliver Cannova, Luis Spilker, Jannick Habermann, Leandra Strate und Henrik Sokoll erhielten besondere Auszeichnungen f\u00fcr Engangement, Durchhalteverm\u00f6gen oder eine besonders beeindruckende Leistungsentwicklung.<br \/>\n                                    | \u00a9 Tobias Barrelmeyer<\/p>\n<p id=\"absatz15\"><b class=\"bold\">Aktuelle News bekommen Sie t\u00e4glich \u00fcber den<\/b><b class=\"bold\"> <\/b><a data-auth=\"NotApplicable\" data-linkindex=\"0\" href=\"https:\/\/whatsapp.com\/channel\/0029VagU0FW1SWsxhmHz2v0q\" rel=\"noreferrer noopener nofollow\" target=\"_blank\" title=\"https:\/\/whatsapp.com\/channel\/0029VagU0FW1SWsxhmHz2v0q\"><b class=\"bold\">WhatsApp-Kanal des HK<\/b><\/a> <\/p>\n<p class=\"nw-text-xl nw-uppercase nw-font-bold\" style=\"font-size:24px !important; line-height:32px; padding-bottom: 0px;   margin-bottom: 0 \">INFORMATION<\/p>\n<p class=\"nw-text-lg nw-font-bold nw-pb-2\" style=\"font-size:20px !important; line-height:28px; padding-bottom: 8px; font-weight:700;\">Die Absolventen- und Absolventinnen<\/p>\n<p><b class=\"bold\">Klasse Marlin:<\/b><\/p>\n<p>Onur Adig\u00fczel, Elenia Attimonelli, Simon Blank, Jean B\u00fcter\u00f6we, Oliver Cannova, Liliana Eveline Dittrich, Shuajb Dullovi, Marielle-Mailys Fast, Selina Gasi, Pari Vash Ghafori, Parniyan Ghafori, Justus Hardieck, Martti Jungclaus, Maximilian Kadziszewski, Dian Kanisicak, Kalle Jonathan Kunze, Lennja Kurginski, Colin Jayden Metauge, Neo Sky Bennet Moldenhauer, Tayron Van Preston Moldenhauer, David Neitsel, Felix Nestripke, Katharina Shvets, Maja Lotta Storck, Konstantin Walz<\/p>\n<p><b class=\"bold\">Klasse Alecedo:<\/b><\/p>\n<p>Rojin Aboush, Emma Sophie Austmann, Jonas Bach, Enrico Carlile, Andrej Evert, Laura Marie Feibig, Meryem G\u00f6rmez, Lisa Marie Grobel, Isabel Gu\u00dfmann, Jannick Habermann, John Hartwig, Jannis Hillebrand, Leefke Hoffmann, Felix Lennart H\u00f6ltmann, Kateryna Ivanchenko, Lia Kamp, Ole Quentin Meyer zur M\u00fcdehorst, Louisa Niestrath, Blessed Omoibolo Eronmonsele Okosun, Hlieb Paskal, Louis Nemo Raab, Sophia Sch\u00f6ttelndreier, Ole Janus Schroeder, Moritz Maximilan Schwarze, Linus Luis Spilker Nunes, Torben Stoll, Joel Vo\u00df, Lars Oliver Zacharias<\/p>\n<p><b class=\"bold\">Klasse Aqua:<\/b><\/p>\n<p>Kian Sherhat Acar, Shawn Bergmann, Ole Jona Blanke, David Aiden Dost\u00e1l, Semra-Selin G\u00fcng\u00f6r, Diego Ha\u00df, Hannah Heier, Leni Kellermann, Tamina Kreft, Yannick Lindemann, Malvina Meziu, Hannes Oehl, Mac-Anthony Okosun, Lukas Potthoff, Louis Mika Prasse, Sophie Ribeiro dos Santos, Silas Sasikumar, Lukas Sch\u00e4fer, Maya Katharina Schr\u00f6der, Henrik Sokoll, Leandra Strate, Philipp Th\u00f6rner, Julia Beatrice Voth, Lia Wannke, Finn Wiegand, Callie-Majell Wolf, Moritz W\u00f6mpener<\/p>\n","protected":false},"excerpt":{"rendered":"Werther. Am PAB-Standort in Werther hei\u00dft es Abschied nehmen. 80 Sch\u00fclerinnen und Sch\u00fcler haben die zehnte Klasse abgeschlossen.&hellip;\n","protected":false},"author":2,"featured_media":1142425,"comment_status":"","ping_status":"","sticky":false,"template":"","format":"standard","meta":{"footnotes":"","_share_on_mastodon":"0"},"categories":[1841],"tags":[1605,102404,5308,3364,29,240237,30,9022,198343,19081,164252,229797,25952,737,75563,1209,6715],"class_list":["post-1142424","post","type-post","status-publish","format-standard","has-post-thumbnail","category-bielefeld","tag-bielefeld","tag-cnt_top-artikel","tag-computer","tag-de","tag-deutschland","tag-entlassfeier","tag-germany","tag-gesamtschule","tag-meta_artikelklasse_aboanker","tag-meta_copyrights_hk","tag-meta_eo_zusammenfassung","tag-meta_prio_1","tag-meta_themen_uni_bildung","tag-meta_userneeds_lenkeab","tag-michael-strangmann","tag-nordrhein-westfalen","tag-werther"],"share_on_mastodon":{"url":"https:\/\/pubeurope.com\/@de\/116861972029021424","error":""},"_links":{"self":[{"href":"https:\/\/www.europesays.com\/de\/wp-json\/wp\/v2\/posts\/1142424","targetHints":{"allow":["GET"]}}],"collection":[{"href":"https:\/\/www.europesays.com\/de\/wp-json\/wp\/v2\/posts"}],"about":[{"href":"https:\/\/www.europesays.com\/de\/wp-json\/wp\/v2\/types\/post"}],"author":[{"embeddable":true,"href":"https:\/\/www.europesays.com\/de\/wp-json\/wp\/v2\/users\/2"}],"replies":[{"embeddable":true,"href":"https:\/\/www.europesays.com\/de\/wp-json\/wp\/v2\/comments?post=1142424"}],"version-history":[{"count":0,"href":"https:\/\/www.europesays.com\/de\/wp-json\/wp\/v2\/posts\/1142424\/revisions"}],"wp:featuredmedia":[{"embeddable":true,"href":"https:\/\/www.europesays.com\/de\/wp-json\/wp\/v2\/media\/1142425"}],"wp:attachment":[{"href":"https:\/\/www.europesays.com\/de\/wp-json\/wp\/v2\/media?parent=1142424"}],"wp:term":[{"taxonomy":"category","embeddable":true,"href":"https:\/\/www.europesays.com\/de\/wp-json\/wp\/v2\/categories?post=1142424"},{"taxonomy":"post_tag","embeddable":true,"href":"https:\/\/www.europesays.com\/de\/wp-json\/wp\/v2\/tags?post=1142424"}],"curies":[{"name":"wp","href":"https:\/\/api.w.org\/{rel}","templated":true}]}}