{"id":1142495,"date":"2026-07-04T14:16:18","date_gmt":"2026-07-04T14:16:18","guid":{"rendered":"https:\/\/www.europesays.com\/de\/1142495\/"},"modified":"2026-07-04T14:16:18","modified_gmt":"2026-07-04T14:16:18","slug":"frankfurt-motorradfahrer-kollidiert-mit-polizeiauto-auf-einsatzfahrt","status":"publish","type":"post","link":"https:\/\/www.europesays.com\/de\/1142495\/","title":{"rendered":"Frankfurt: Motorradfahrer kollidiert mit Polizeiauto auf Einsatzfahrt"},"content":{"rendered":"<p>Unfall im Bahnhofsviertel <\/p>\n<p>Motorradfahrer kollidiert mit Polizeiauto \u2013 drei Verletzte<\/p>\n<p>04.07.2026 &#8211; 14:48 UhrLesedauer: 1 Min.<\/p>\n<p><a href=\"#focus-0\" class=\"transition-colors block text-current relative\" data-sctrack=\"FocusGalleryImage.Reference\"><img fetchpriority=\"high\" data-testid=\"Opener.Image\"   loading=\"eager\" src=\"https:\/\/www.europesays.com\/de\/wp-content\/uploads\/2026\/07\/bei-dem-unfall-wurden-der-motorradfahrer-und-die-beamten-verletzt-symbolbild.jpg\" alt=\"Polizei - Symbolbild\" title=\"Polizei - Symbolbild\" width=\"2048\" height=\"1152\" class=\"bg-[url:var(--lqipURL)] bg-cover bg-center flex h-full w-full max-w-full\" style=\"--lqipURL:url('https:\/\/images.t-online.de\/2026\/07\/87lGgyBrqD0b\/0x51:2048x1152\/fit-in\/150x0\/filters:blur(25)\/bei-dem-unfall-wurden-der-motorradfahrer-und-die-beamten-verletzt-symbolbild.jpg')\" decoding=\"async\"\/><img loading=\"lazy\" src=\"https:\/\/frankfurt.t-online.de\/s\/paper\/_next\/static\/media\/zoom-in.f7dae02f.svg\" alt=\"Vergr\u00f6\u00dfern des Bildes\" title=\"Vergr\u00f6\u00dfern des Bildes\" class=\"block h-[calc(var(--height)_\/_16_*_1rem)] w-[calc(var(--width)_\/_16_*_1rem)] max-w-none absolute right-8 bottom-8 rounded-4 bg-snow p-8\" style=\"--width:32;--height:32\" decoding=\"async\"\/><\/a><\/p>\n<p>Blaulicht auf einem Streifenwagen (Symbolbild): Die Beamten hatten auch das Martinshorn eingeschaltet. (Quelle: Friso Gentsch\/dpa\/dpa-bilder)<\/p>\n<p class=\"font-bold text-18 leading-17 user-text-lg:text-22 user-text-xl:text-24\">Bei gr\u00fcner Ampel wird ein Motorradfahrer in Frankfurt von einem Polizeiwagen erfasst und verletzt. Auch die Beamten m\u00fcssen nach dem Zusammensto\u00df behandelt werden.<\/p>\n<p class=\"text-18 leading-17 user-text-lg:text-22 user-text-xl:text-24\">Ein 51 Jahre alter Motorradfahrer ist im Frankfurter <a href=\"https:\/\/www.t-online.de\/themen\/frankfurt-bahnhofsviertel\/\" class=\"transition-colors cursor-pointer no-underline md:hover:text-magenta md:focus:text-magenta border-b border-solid border-current text-salemsfur md:hover:border-magenta\" data-tracking=\"{&quot;action&quot;:&quot;click&quot;,&quot;category&quot;:&quot;intextLink&quot;,&quot;label&quot;:&quot;https:\/\/www.t-online.de\/themen\/frankfurt-bahnhofsviertel\/&quot;}\" data-sctrack=\"BodyAnchor\" rel=\"nofollow noopener\" target=\"_blank\">Bahnhofsviertel<\/a> mit einem Polizeistreifenwagen zusammengesto\u00dfen und verletzt worden. Der Mann kam nach dem Unfall in ein Krankenhaus.<\/p>\n<p class=\"text-18 leading-17 user-text-lg:text-22 user-text-xl:text-24\">Der Streifenwagen war nach Polizeiangaben mit Blaulicht und Martinshorn im Kreuzungsbereich Gallusanlage\/Taunusstra\u00dfe unterwegs. Der Motorradfahrer fuhr den Angaben zufolge zeitgleich bei gr\u00fcner Ampel in die Kreuzung ein \u2013 dort stie\u00dfen beide Fahrzeuge zusammen, der 51-J\u00e4hrige st\u00fcrzte.<\/p>\n<p class=\"text-18 leading-17 user-text-lg:text-22 user-text-xl:text-24\">Die Beamten erlitten nach Polizeiangaben leichte Verletzungen. Zur Schwere der Verletzungen des Motorradfahrers wurden keine Angaben gemacht. Beide Fahrzeuge waren nach dem Unfall nicht mehr fahrbereit und wurden abgeschleppt.<\/p>\n","protected":false},"excerpt":{"rendered":"Unfall im Bahnhofsviertel Motorradfahrer kollidiert mit Polizeiauto \u2013 drei Verletzte 04.07.2026 &#8211; 14:48 UhrLesedauer: 1 Min. Blaulicht auf&hellip;\n","protected":false},"author":2,"featured_media":1142496,"comment_status":"","ping_status":"","sticky":false,"template":"","format":"standard","meta":{"footnotes":"","_share_on_mastodon":"0"},"categories":[1829],"tags":[722,17161,7025,29,13384,514,2050,2051,7029,30,2052,151723,15580,7190,1284],"class_list":["post-1142495","post","type-post","status-publish","format-standard","has-post-thumbnail","category-frankfurt-am-main","tag-722","tag-17161","tag-bahnhofsviertel","tag-deutschland","tag-einsatzfahrt","tag-fahrzeug","tag-frankfurt","tag-frankfurt-am-main","tag-frankfurt-bahnhofsviertel","tag-germany","tag-hessen","tag-martinshorn","tag-polizeiauto","tag-polizeiwagen","tag-unfall"],"share_on_mastodon":{"url":"","error":""},"_links":{"self":[{"href":"https:\/\/www.europesays.com\/de\/wp-json\/wp\/v2\/posts\/1142495","targetHints":{"allow":["GET"]}}],"collection":[{"href":"https:\/\/www.europesays.com\/de\/wp-json\/wp\/v2\/posts"}],"about":[{"href":"https:\/\/www.europesays.com\/de\/wp-json\/wp\/v2\/types\/post"}],"author":[{"embeddable":true,"href":"https:\/\/www.europesays.com\/de\/wp-json\/wp\/v2\/users\/2"}],"replies":[{"embeddable":true,"href":"https:\/\/www.europesays.com\/de\/wp-json\/wp\/v2\/comments?post=1142495"}],"version-history":[{"count":0,"href":"https:\/\/www.europesays.com\/de\/wp-json\/wp\/v2\/posts\/1142495\/revisions"}],"wp:featuredmedia":[{"embeddable":true,"href":"https:\/\/www.europesays.com\/de\/wp-json\/wp\/v2\/media\/1142496"}],"wp:attachment":[{"href":"https:\/\/www.europesays.com\/de\/wp-json\/wp\/v2\/media?parent=1142495"}],"wp:term":[{"taxonomy":"category","embeddable":true,"href":"https:\/\/www.europesays.com\/de\/wp-json\/wp\/v2\/categories?post=1142495"},{"taxonomy":"post_tag","embeddable":true,"href":"https:\/\/www.europesays.com\/de\/wp-json\/wp\/v2\/tags?post=1142495"}],"curies":[{"name":"wp","href":"https:\/\/api.w.org\/{rel}","templated":true}]}}