{"id":1142554,"date":"2026-07-04T14:49:16","date_gmt":"2026-07-04T14:49:16","guid":{"rendered":"https:\/\/www.europesays.com\/de\/1142554\/"},"modified":"2026-07-04T14:49:16","modified_gmt":"2026-07-04T14:49:16","slug":"ole-party-moenchengladbach-2026-mallorca-stars-live","status":"publish","type":"post","link":"https:\/\/www.europesays.com\/de\/1142554\/","title":{"rendered":"Ol\u00e9-Party M\u00f6nchengladbach 2026: Mallorca-Stars live"},"content":{"rendered":"<p class=\"text_ohne_einzug richtext text-em-55 !leading-serif mx-6 desktop:mx-0\">Besser k\u00f6nnte das Wetter nicht sein: Die br\u00fctende Hitze des vergangenen Wochenendes ist vorbei, es ist warm, der Himmel strahlt blau und dazu weht eine erfrischende Brise. Bereits seit dem Vormittag wimmelt es an diesem Samstag (4. Juli) rund um den Nordpark vor Menschen in wei\u00dfen T-Shirts, mit Sonnenh\u00fcten und in Strand-Outfits, die nur eins wollen: Bis in die Nacht feiern mit ihren Stars.<\/p>\n<p>Mia Julia, Lorenz B\u00fcffel und Mickie Krause auf der B\u00fchne in M\u00f6nchengladbach      <\/p>\n<p class=\"richtext text-em-55 !leading-serif mx-6 desktop:mx-0\">Denn im Sparkassenpark ist heute die legend\u00e4re Ol\u00e9-Party, da ist Stimmung garantiert. Denn die Top-Acts vom Ballermann auf <a href=\"https:\/\/rp-online.de\/thema\/mallorca\/\" rel=\"nofollow noopener\" target=\"_blank\">Mallorca<\/a> geben sich an diesem Tag quasi die Mikros in die Hand. Die Setlist liest sich wie ein \u201eWho\u2019s who\u201c dieses Genres: Julian <a href=\"https:\/\/rp-online.de\/thema\/sommer\/\" rel=\"nofollow noopener\" target=\"_blank\">Sommer<\/a>, Calvin Kleinen, <a href=\"https:\/\/rp-online.de\/thema\/mickie-krause\/\" rel=\"nofollow noopener\" target=\"_blank\">Mickie Krause<\/a>, Lorenz B\u00fcffel und als H\u00f6hepunkt am sp\u00e4ten Abend Mia Julia. Insgesamt 15 Auftritte hat Sparkassenpark-Chef Michael Hilgers mit seinem Team in diesem Jahr gebucht. Die Ol\u00e9-Party hat am Sitz des Event-Unternehmens in M\u00f6nchengladbach zwar eine lange Tradition, sie tourt aber l\u00e4ngst durch ganz Deutschland: Zw\u00f6lf weitere St\u00e4dte stehen in diesem Jahr auf der Tourliste.<\/p>\n<p class=\"richtext text-em-55 !leading-serif mx-6 desktop:mx-0\">Einlass ist um 12 Uhr. Der Hockeypark verwandelt sich nach und nach in eine lebendige Malle-Hochburg. In ihren bunten Party-Shirts str\u00f6men die Feiernden vor die B\u00fchne, wo bereits die ersten Mallorca-Hits und Schlagerklassiker erklingen und die Vorfreude sp\u00fcrbar steigt. W\u00e4hrend die Stimmung von Minute zu Minute ausgelassener wird, sichern sich die G\u00e4ste noch schnell k\u00fchle Getr\u00e4nke und die besten Pl\u00e4tze direkt vor der B\u00fchne. Auch die kleinsten Partyg\u00e4ste sind mittendrin: Auf den Schultern ihrer Eltern genie\u00dfen sie den besten Blick, schunkeln, singen mit und feiern gemeinsam den Beginn eines unvergesslichen Partytags.<\/p>\n<p class=\"richtext text-em-55 !leading-serif mx-6 desktop:mx-0\">Dann ist der gro\u00dfe Moment endlich gekommen: Manuela De Pietro feiert ihr Deb\u00fct auf der gro\u00dfen MG-Ol\u00e9-B\u00fchne. Als \u201eLocal Hero\u201c hatte sie sich zuvor im Wettbewerb durchgesetzt und er\u00f6ffnet die Party mit jeder Menge Energie. Mit ihrer Performance bringt sie die Menge in Stimmung und sorgt daf\u00fcr, dass die Vorfreude auf den offiziellen Start der Ol\u00e9-Party immer weiterw\u00e4chst.<\/p>\n<p>Julian Sommer macht den Start im Sparkassenpark      <\/p>\n<p class=\"richtext text-em-55 !leading-serif mx-6 desktop:mx-0\">P\u00fcnktlich um 13 Uhr betritt schlie\u00dflich der erste Star die B\u00fchne: Julian Sommer. Bei seinen Hits wie \u201eDicht im Flieger\u201c und \u201eDachdecker\u201c singt das Publikum jede Zeile lautstark mit, feiert, tanzt und schwenkt die Arme im Takt. Auch Anna-Maria Zimmermann sorgt im Anschluss f\u00fcr beste Stimmung. Mit ihren beliebten Schlagersongs bringt sie den Sparkassenpark zum Beben und zeigt einmal mehr, warum sie seit mittlerweile 16 Jahren fest zur Ol\u00e9-Familie geh\u00f6rt. Gemeinsam mit den Tausenden Feiernden macht sie den Mittag zu einem stimmungsvollen Schlagerfest.<\/p>\n","protected":false},"excerpt":{"rendered":"Besser k\u00f6nnte das Wetter nicht sein: Die br\u00fctende Hitze des vergangenen Wochenendes ist vorbei, es ist warm, der&hellip;\n","protected":false},"author":2,"featured_media":1142555,"comment_status":"","ping_status":"","sticky":false,"template":"","format":"standard","meta":{"footnotes":"","_share_on_mastodon":"0"},"categories":[1849],"tags":[96,3364,29,548,663,3934,1221,30,13,1330,474,25222,4455,14,15,1209,50211,2450,94474,240248,12,2715,50210,33605,240247],"class_list":["post-1142554","post","type-post","status-publish","format-standard","has-post-thumbnail","category-moenchengladbach","tag-buehne","tag-de","tag-deutschland","tag-eu","tag-europa","tag-europe","tag-gaeste","tag-germany","tag-headlines","tag-julia","tag-mallorca","tag-mia","tag-moenchengladbach","tag-nachrichten","tag-news","tag-nordrhein-westfalen","tag-ole","tag-party","tag-partygaeste","tag-partytags","tag-schlagzeilen","tag-sommer","tag-sparkassenpark","tag-stimmung","tag-stimmungsvollen"],"share_on_mastodon":{"url":"https:\/\/pubeurope.com\/@de\/116862266040865649","error":""},"_links":{"self":[{"href":"https:\/\/www.europesays.com\/de\/wp-json\/wp\/v2\/posts\/1142554","targetHints":{"allow":["GET"]}}],"collection":[{"href":"https:\/\/www.europesays.com\/de\/wp-json\/wp\/v2\/posts"}],"about":[{"href":"https:\/\/www.europesays.com\/de\/wp-json\/wp\/v2\/types\/post"}],"author":[{"embeddable":true,"href":"https:\/\/www.europesays.com\/de\/wp-json\/wp\/v2\/users\/2"}],"replies":[{"embeddable":true,"href":"https:\/\/www.europesays.com\/de\/wp-json\/wp\/v2\/comments?post=1142554"}],"version-history":[{"count":0,"href":"https:\/\/www.europesays.com\/de\/wp-json\/wp\/v2\/posts\/1142554\/revisions"}],"wp:featuredmedia":[{"embeddable":true,"href":"https:\/\/www.europesays.com\/de\/wp-json\/wp\/v2\/media\/1142555"}],"wp:attachment":[{"href":"https:\/\/www.europesays.com\/de\/wp-json\/wp\/v2\/media?parent=1142554"}],"wp:term":[{"taxonomy":"category","embeddable":true,"href":"https:\/\/www.europesays.com\/de\/wp-json\/wp\/v2\/categories?post=1142554"},{"taxonomy":"post_tag","embeddable":true,"href":"https:\/\/www.europesays.com\/de\/wp-json\/wp\/v2\/tags?post=1142554"}],"curies":[{"name":"wp","href":"https:\/\/api.w.org\/{rel}","templated":true}]}}