{"id":1142562,"date":"2026-07-04T14:53:16","date_gmt":"2026-07-04T14:53:16","guid":{"rendered":"https:\/\/www.europesays.com\/de\/1142562\/"},"modified":"2026-07-04T14:53:16","modified_gmt":"2026-07-04T14:53:16","slug":"kunterbunte-kita-welt-warum-hier-das-runde-nicht-ins-sondern-ans-eckige-muss-ludwigshafen","status":"publish","type":"post","link":"https:\/\/www.europesays.com\/de\/1142562\/","title":{"rendered":"Kunterbunte Kita-Welt: Warum hier das Runde nicht ins, sondern ans Eckige muss &#8211; Ludwigshafen"},"content":{"rendered":"<p class=\"rhp-dpa-teaser\"><b>Das Runde muss ins Eckige: Das gilt nicht nur im Fu\u00dfball, sondern in abgewandelter Form  auch in der Kunst. Genauer gesagt: in der Kita-Kunst. Bunt ist das Ding auch.<\/b><\/p>\n<p>Wenn derzeit in <a class=\"rtr-entity\" data-rtr-entity=\"Ludwigshafen\" data-rtr-id=\"26b4406521e36b503c690e53e1b9dec3bdb26dfe\" data-rtr-score=\"59.70258283328985\" data-rtr-etype=\"location\" data-rtr-index=\"2\" href=\"http:\/\/rheinpfalz.de\/lokal\/ludwigshafen.html\" rel=\"nofollow noopener\" target=\"_blank\">Ludwigshafen<\/a> von Kitas die Rede ist, dann klingt das vor allem nach Krise, Notstand, Personalmangel, frustrierten Eltern und manchmal auch nach ver\u00e4rgerten Anwohnern \u2013 <a href=\"https:\/\/www.rheinpfalz.de\/lokal\/ludwigshafen_artikel,-kita-pl%C3%A4ne-am-mittasch-park-f%C3%BCr-die-kritiker-das-v%C3%B6llig-falsche-signal-_arid,5901693.html\" class=\"external-link-new-window\" title=\"\" target=\"_self\" rel=\"nofollow noopener\">wie beim umstrittenen Kita-Bau am Alwin-Mittasch-Park in Friesenheim<\/a>. Fakt ist: In Ludwigshafen fehlen nach Lesart der Verwaltung fast 900 Kita-Pl\u00e4tze, perspektivisch sind es sogar \u00fcber 1200, und jede Menge Erzieherinnen und Erzieher. Von mehreren Tausend fehlenden Kita-Pl\u00e4tzen sprechen andere.<\/p>\n<p>Die guten Nachrichten gehen im Schatten<\/p>\n<p class=\"rhp-teaser\"><b>Das Runde muss ins Eckige: Das gilt nicht nur im Fu\u00dfball, sondern in abgewandelter Form  auch in der Kunst. Genauer gesagt: in der Kita-Kunst. Bunt ist das Ding auch.<\/b><\/p>\n","protected":false},"excerpt":{"rendered":"Das Runde muss ins Eckige: Das gilt nicht nur im Fu\u00dfball, sondern in abgewandelter Form auch in der&hellip;\n","protected":false},"author":2,"featured_media":1142563,"comment_status":"","ping_status":"","sticky":false,"template":"","format":"standard","meta":{"footnotes":"","_share_on_mastodon":"0"},"categories":[1845],"tags":[1634,3364,29,548,663,3934,38692,30,13,4060,25476,2096,14,15,12,9914],"class_list":["post-1142562","post","type-post","status-publish","format-standard","has-post-thumbnail","category-mannheim","tag-baden-wuerttemberg","tag-de","tag-deutschland","tag-eu","tag-europa","tag-europe","tag-friesenheim","tag-germany","tag-headlines","tag-lokal","tag-ludwigshafen","tag-mannheim","tag-nachrichten","tag-news","tag-schlagzeilen","tag-sued"],"share_on_mastodon":{"url":"https:\/\/pubeurope.com\/@de\/116862281733030398","error":""},"_links":{"self":[{"href":"https:\/\/www.europesays.com\/de\/wp-json\/wp\/v2\/posts\/1142562","targetHints":{"allow":["GET"]}}],"collection":[{"href":"https:\/\/www.europesays.com\/de\/wp-json\/wp\/v2\/posts"}],"about":[{"href":"https:\/\/www.europesays.com\/de\/wp-json\/wp\/v2\/types\/post"}],"author":[{"embeddable":true,"href":"https:\/\/www.europesays.com\/de\/wp-json\/wp\/v2\/users\/2"}],"replies":[{"embeddable":true,"href":"https:\/\/www.europesays.com\/de\/wp-json\/wp\/v2\/comments?post=1142562"}],"version-history":[{"count":0,"href":"https:\/\/www.europesays.com\/de\/wp-json\/wp\/v2\/posts\/1142562\/revisions"}],"wp:featuredmedia":[{"embeddable":true,"href":"https:\/\/www.europesays.com\/de\/wp-json\/wp\/v2\/media\/1142563"}],"wp:attachment":[{"href":"https:\/\/www.europesays.com\/de\/wp-json\/wp\/v2\/media?parent=1142562"}],"wp:term":[{"taxonomy":"category","embeddable":true,"href":"https:\/\/www.europesays.com\/de\/wp-json\/wp\/v2\/categories?post=1142562"},{"taxonomy":"post_tag","embeddable":true,"href":"https:\/\/www.europesays.com\/de\/wp-json\/wp\/v2\/tags?post=1142562"}],"curies":[{"name":"wp","href":"https:\/\/api.w.org\/{rel}","templated":true}]}}