{"id":1142573,"date":"2026-07-04T15:00:20","date_gmt":"2026-07-04T15:00:20","guid":{"rendered":"https:\/\/www.europesays.com\/de\/1142573\/"},"modified":"2026-07-04T15:00:20","modified_gmt":"2026-07-04T15:00:20","slug":"london-medien-prinz-harry-kommt-ohne-seine-familie-nach-london","status":"publish","type":"post","link":"https:\/\/www.europesays.com\/de\/1142573\/","title":{"rendered":"London | Medien: Prinz Harry kommt ohne seine Familie nach London"},"content":{"rendered":"<p>London (dpa) &#8211; Der britische Prinz Harry (41) reist in der kommenden Woche laut Medienberichten ohne seine Frau und die beiden Kinder des Paars nach London. Meghan (44) sowie Prinz Archie (7) und Prinzessin Lilibet (5) begleiteten den Sohn von K\u00f6nig Charles III. nicht in die britische Hauptstadt, berichteten die Nachrichtenagentur PA sowie die BBC.<\/p>\n<p>Unklar ist demnach, ob Harrys Familie ihn beim Rest des f\u00fcnft\u00e4gigen Trips begleitet. Harry und Meghan hatten sich 2020 von ihren royalen Pflichten losgesagt, sie leben in Kalifornien. Es w\u00e4re das erste Mal seit vier Jahren, dass das Paar mit den Kindern ins Vereinigte K\u00f6nigreich reist. Seinen Vater hatte Harry zuletzt im September 2025 in London getroffen. Das Verh\u00e4ltnis des Prinzen zu seiner Familie gilt nach wie vor als zerr\u00fcttet. Im vergangenen Jahr hatte er aber den Wunsch nach einer Auss\u00f6hnung ge\u00e4u\u00dfert.\u00a0<\/p>\n<p>Anlass des jetzigen Besuchs sind den Angaben zufolge mehrere Termine von Prinz Harry, darunter Feierlichkeiten rund um den von ihm gegr\u00fcndeten Sportwettbewerb Invictus Games f\u00fcr kriegsversehrte Veteranen.<\/p>\n<p>In den vergangenen Jahren hatte Harry immer wieder betont, seine Familie aufgrund von Sicherheitsbedenken nicht nach Gro\u00dfbritannien bringen zu wollen. 2025 wies das Berufungsgericht etwa seinen Einspruch gegen eine Entscheidung des Innenministeriums ab, wonach er und seine Familie bei Reisen nach Gro\u00dfbritannien nicht mehr automatisch den gleichen Sicherheitsstatus bekommen wie der Rest der Royals.<\/p>\n","protected":false},"excerpt":{"rendered":"London (dpa) &#8211; Der britische Prinz Harry (41) reist in der kommenden Woche laut Medienberichten ohne seine Frau&hellip;\n","protected":false},"author":2,"featured_media":1142574,"comment_status":"","ping_status":"","sticky":false,"template":"","format":"standard","meta":{"footnotes":"","_share_on_mastodon":"0"},"categories":[1841],"tags":[37777,1605,3364,29,30,551,2549,1209,64],"class_list":["post-1142573","post","type-post","status-publish","format-standard","has-post-thumbnail","category-bielefeld","tag-adel","tag-bielefeld","tag-de","tag-deutschland","tag-germany","tag-grossbritannien","tag-leute","tag-nordrhein-westfalen","tag-usa"],"share_on_mastodon":{"url":"https:\/\/pubeurope.com\/@de\/116862309297927625","error":""},"_links":{"self":[{"href":"https:\/\/www.europesays.com\/de\/wp-json\/wp\/v2\/posts\/1142573","targetHints":{"allow":["GET"]}}],"collection":[{"href":"https:\/\/www.europesays.com\/de\/wp-json\/wp\/v2\/posts"}],"about":[{"href":"https:\/\/www.europesays.com\/de\/wp-json\/wp\/v2\/types\/post"}],"author":[{"embeddable":true,"href":"https:\/\/www.europesays.com\/de\/wp-json\/wp\/v2\/users\/2"}],"replies":[{"embeddable":true,"href":"https:\/\/www.europesays.com\/de\/wp-json\/wp\/v2\/comments?post=1142573"}],"version-history":[{"count":0,"href":"https:\/\/www.europesays.com\/de\/wp-json\/wp\/v2\/posts\/1142573\/revisions"}],"wp:featuredmedia":[{"embeddable":true,"href":"https:\/\/www.europesays.com\/de\/wp-json\/wp\/v2\/media\/1142574"}],"wp:attachment":[{"href":"https:\/\/www.europesays.com\/de\/wp-json\/wp\/v2\/media?parent=1142573"}],"wp:term":[{"taxonomy":"category","embeddable":true,"href":"https:\/\/www.europesays.com\/de\/wp-json\/wp\/v2\/categories?post=1142573"},{"taxonomy":"post_tag","embeddable":true,"href":"https:\/\/www.europesays.com\/de\/wp-json\/wp\/v2\/tags?post=1142573"}],"curies":[{"name":"wp","href":"https:\/\/api.w.org\/{rel}","templated":true}]}}