{"id":1142598,"date":"2026-07-04T15:19:20","date_gmt":"2026-07-04T15:19:20","guid":{"rendered":"https:\/\/www.europesays.com\/de\/1142598\/"},"modified":"2026-07-04T15:19:20","modified_gmt":"2026-07-04T15:19:20","slug":"nationalelf-umbruch-nach-dem-debakel-auf-diese-spieler-muss-deutschland-setzen","status":"publish","type":"post","link":"https:\/\/www.europesays.com\/de\/1142598\/","title":{"rendered":"Nationalelf: Umbruch nach dem Debakel \u2013 Auf diese Spieler muss Deutschland setzen"},"content":{"rendered":"<p>Nach dem blamablen WM-Aus und dem R\u00fccktritt von Bundestrainer Julian Nagelsmann muss sich die Nationalmannschaft ver\u00e4ndern. WELT erkl\u00e4rt, wer gute Chancen besitzt, k\u00fcnftig nominiert zu werden und eine Schl\u00fcsselrolle einzunehmen.<\/p>\n<p class=\"is-first-paragraph\" data-external=\"Article.FirstParagraph\">Die Party steigt ohne die G\u00e4ste, die so von einem rauschenden Fest getr\u00e4umt hatten. An diesem Samstag feiern die USA ihren Unabh\u00e4ngigkeitstag, ihr 250-j\u00e4hriges Bestehen. In Philadelphia, wo einst die Unabh\u00e4ngigkeitserkl\u00e4rung verk\u00fcndet wurde, war vieles geschm\u00fcckt. Feuerwerk, Musik, tanzende Menschen \u2013 es h\u00e4tte der perfekte Abend f\u00fcr die deutschen Fu\u00dfball-Nationalspieler zum Zelebrieren eines gro\u00dfen Sieges werden k\u00f6nnen. WM-Achtelfinale gegen Frankreich, ein \u00fcberraschender Erfolg, und das ausgerechnet in Philadelphia, ausgerechnet an diesem Tag. Amerika und Deutschland h\u00e4tten gefeiert.<\/p>\n<p>Stattdessen nur Frust und Entt\u00e4uschung bei den Deutschen. Ein Sieg \u00fcber Frankreich \u2013 davon ist diese Mannschaft extrem weit entfernt. Nach dem peinlichen Turnieraus im Sechzehntelfinale in der Nacht zum vergangenen Dienstag ist <a class=\"is-link c-block-items__link c-link--rich-text-renderer\" href=\"https:\/\/www.welt.de\/sport\/fussball\/wm\/article6a4826390b14ed961bb511f4\/juergen-klopp-sagt-ja-zum-dfb-ich-bin-mittlerweile-mehr-als-aufgetankt-ich-bin-bereit.html\" data-internal-tracking-enabled=\"true\" data-internal-tracking=\"{&quot;action&quot;:&quot;click&quot;,&quot;label&quot;:&quot;link&quot;,&quot;name&quot;:&quot;Inline Element&quot;,&quot;data&quot;:{&quot;source&quot;:&quot;&quot;,&quot;target&quot;:&quot;https:\/\/www.welt.de\/sport\/fussball\/wm\/article6a4826390b14ed961bb511f4\/juergen-klopp-sagt-ja-zum-dfb-ich-bin-mittlerweile-mehr-als-aufgetankt-ich-bin-bereit.html&quot;,&quot;trackingName&quot;:&quot;&quot;,&quot;trackingLabel&quot;:&quot;&quot;}}\" rel=\"nofollow noopener\" target=\"_blank\">der deutsche Fu\u00dfball am Boden.<\/a> Diese Woche markiert den Tiefpunkt einer einst gro\u00dfen und stolzen Fu\u00dfballnation. In Philadelphia spielt nun Frankreich gegen Paraguay.<\/p>\n<p>Die Zeit dr\u00e4ngt<\/p>\n<p>Die deutschen Spieler sind l\u00e4ngst im Urlaub, in der Heimat ist Ferienzeit. Doch die Verantwortlichen des Deutschen Fu\u00dfball-Bundes (DFB) haben kaum Zeit zum Entspannen. Es gilt, nach dem R\u00fccktritt von Bundestrainer Julian Nagelsmann den richtigen Nachfolger zu finden. In den vergangenen Tagen besprachen sich die Verantwortlichen um DFB-Vizepr\u00e4sident Hans-Joachim Watzke. Sie hoffen, den neuen Bundestrainer in J\u00fcrgen Klopp zu finden. Und der bekundete am Freitagabend auch schon seine Bereitschaft, den Job zu \u00fcbernehmen. <\/p>\n<p>Die Aufgabe der Verbandsbosse und des Nagelsmann-Nachfolgers ist es, alles daf\u00fcr zu tun, dass Deutschland endlich wieder eine Mannschaft entwickelt, die in der Lage ist, bei einem gro\u00dfen Turnier weit zu kommen. Die n\u00e4chste EM steigt in zwei Jahren in Gro\u00dfbritannien, die n\u00e4chste WM in vier Jahren auf drei Kontinenten, wobei Spanien, Marokko und Portugal die Hauptgastgeber sind.<\/p>\n<p>Vieles muss sich rund um die Nationalelf \u00e4ndern. Es k\u00f6nnte R\u00fccktritte erfahrener Spieler geben. Ein Teil des WM-Kaders wird zwar bleiben. Doch es braucht einen Umbruch. Die Blamage bietet Chancen f\u00fcr junge Spieler. WELT zeigt, wie die Mannschaft der Zukunft aussehen k\u00f6nnte. Wer aus dem WM-Kader noch eine Perspektive hat \u2013 und welche Talente mittel- und langfristig vielversprechend sind.<\/p>\n<p>TOR<\/p>\n<p>Manuel Neuer wird mit 40 Jahren seine Karriere in der Nationalelf beenden, seine R\u00fcckkehr war ausschlie\u00dflich f\u00fcr die WM. Oliver Baumann, 36, k\u00f6nnte in n\u00e4chster Zeit die Nummer eins der Auswahl sein. Oder Jonas Urbig, 22. \u201eBeim n\u00e4chsten L\u00e4nderspiel muss Jonas Urbig vom FC Bayern als neue deutsche Nummer eins im Tor stehen\u201c, schrieb Ex-Nationalspieler Stefan Effenberg in seiner Kolumne bei T-Online. Die L\u00f6sung Baumann ergebe langfristig keinen Sinn. \u201eJetzt muss Urbig ran \u2013 wenn er seine starken Leistungen aus der vergangenen Saison beim FC Bayern best\u00e4tigt und vermehrt Spielzeit neben Neuer bekommt.\u201c<\/p>\n<p>Neuer agiert als eine Art Mentor seines Klubkollegen. Im WM-Teamquartier in Winston-Salem in North Carolina verbrachten beide viel Freizeit miteinander. Urbig, der nicht zum offiziellen WM-Kader geh\u00f6rte und als \u201eTrainingstorwart\u201c dabei war, soll in der neuen Saison dem Vernehmen nach mehr Spiele beim deutschen Fu\u00dfball-Rekordmeister bekommen. Noah Atubolu, 24, vom SC Freiburg k\u00f6nnte auch Chancen in der Nationalelf erhalten. Gleiches gilt f\u00fcr Dennis Seimen, 20, vom VfB Stuttgart.<\/p>\n<p>ABWEHR<\/p>\n<p>Deutsche Gewinner gibt es nach dieser desastr\u00f6sen WM nicht. Doch einen, der viel lernen konnte und mehr spielte als von vielen erwartet: Nathaniel Brown. Endlich wieder ein mutiger Au\u00dfenverteidiger. Der 23-J\u00e4hrige wechselt jetzt zum FC Bayern und d\u00fcrfte auch dank Eins\u00e4tzen in der Champions League weiter reifen. Er kann vor allem links in der Abwehrkette zu einer festen Gr\u00f6\u00dfe der Auswahl werden. Auf der rechten Abwehrseite k\u00f6nnte Philipp Treu, 25, vom SC Freiburg eine Option sein. Die Optionen auf dieser Position sind weiterhin rar.<\/p>\n<p>In der Innenverteidigung kann Nico Schlotterbeck, 26, von Borussia Dortmund mit Jonathan Tah, 30, vom FC Bayern auch k\u00fcnftig gemeinsam agieren. Zudem k\u00f6nnten sein BVB-Klubkollege Waldemar Anton, 29, und Malick Thiaw, 24, von Newcastle United mehr spielen. Der Auswahlr\u00fccktritt von Antonio R\u00fcdiger (33, Real Madrid) gilt daher als denkbar. Er hatte seinen Stammplatz vor der WM verloren.<\/p>\n<p>Der 25-j\u00e4hrige Innenverteidiger Yann Bisseck gewann mit Inter Mailand gerade das Double in Italien. Nagelsmann verzichtete bei der WM dennoch auf ihn. Mittel- und langfristig trauen Experten im Verband Karim Coulibaly von Werder Bremen den Sprung in die Nationalelf zu. Der Innenverteidiger entwickelte sich in seiner ersten Bundesliga-Saison 2025\/2026 zum wertvollsten Spieler in Werders Aufgebot, der gesch\u00e4tzte Marktwert des 19-J\u00e4hrigen stieg auf 28 Millionen Euro.<\/p>\n<p>Auch Finn Jeltsch, 19, Innenverteidiger des VfB Stuttgart hat zuletzt sehr auf sich aufmerksam gemacht. Nnamdi Collins, 22, von Eintracht Frankfurt ist defensiv vielseitig einsetzbar und spielte bereits f\u00fcr die Nationalelf. Ebenfalls vielversprechend ist der 18-j\u00e4hrige Rechtsverteidiger Rafael Pinto Pedrosa vom Karlsruher SC.<\/p>\n<p>MITTELFELD<\/p>\n<p>Die Generation um Kapit\u00e4n Joshua Kimmich ist in Bezug auf die Bilanz bei gro\u00dfen Turnieren eine titellose Generation. Die \u201eKlasse von 1995\u201c, dazu der Jahrgang 1996, zu denen auch Leon Goretzka, Leroy San\u00e9 sowie der verletzte Serge Gnabry geh\u00f6ren. Weltmeister Mats Hummels sagte bei MagentaTV in Bezug auf die Mannschaft: \u201eDa kann ich mir schon vorstellen, dass einige zur\u00fccktreten werden.\u201c Kimmich schloss einen R\u00fccktritt allerdings aus. Seinen Klubkollegen Tom Bischof, 21, den Nagelsmann nicht f\u00fcr die WM nominierte, sehen viele in einigen Jahren als \u201eneuen Kimmich\u201c.<\/p>\n<p>Im WM-Kader finden sich einige Spieler, die ihre beste Zeit wohl noch vor sich haben. Aleksandar Pavlovic vom FC Bayern hat sich in den vergangenen Jahren enorm entwickelt. Bei diesem Turnier begann er stark, lie\u00df dann immer mehr nach. Er ist 22, bei der EM in zwei Jahren in Gro\u00dfbritannien k\u00f6nnte er im zentralen Mittelfeld eine wichtige Rolle spielen. Gleiches gilt f\u00fcr seinen Nebenmann Felix Nmecha, der ebenfalls abbaute, jedoch auch seine St\u00e4rken zeigte. Beide m\u00fcssen sich in der Nationalelf zum Teil neu beweisen. Weniger zum Einsatz kam Angelo Stiller vom VfB Stuttgart \u2013 der 25-J\u00e4hrige ist k\u00fcnftig wohl eine Alternative im Mittelfeld.<\/p>\n<p>AUSSENBAHN UND ZENTRALE OFFENSIVE<\/p>\n<p>Auf der Au\u00dfenbahn d\u00fcrfte es einen Umbruch geben. Der 18-j\u00e4hrige Lennart Karl w\u00e4re wohl Teil der WM-Startelf gewesen, verletzte sich aber kurz vor dem Turnier. Ihm geh\u00f6rt die Zukunft, er bringt die Leichtigkeit und \u00dcberraschungsmomente mit, die der deutschen Mannschaft in den USA fehlten. Gleiches gilt f\u00fcr den 19-j\u00e4hrigen Said El Mala vom 1. FC K\u00f6ln, den Nagelsmann zur \u00dcberraschung einiger Experten nicht f\u00fcr die WM nominierte, und Jamie Leweling, 25, vom VfB Stuttgart sowie Assan Ouedraogo, 20, von RB Leipzig. Entscheidende Spieler bleiben die 23-j\u00e4hrigen Florian Wirtz vom FC Liverpool und Jamal Musiala vom FC Bayern. Dazu kommen k\u00f6nnte bald Kennet Eichhorn. Er ist gerade mal 16 Jahre und gerade von Hertha BSC zu Bayer Leverkusen gewechselt.<\/p>\n<p>Im DFB halten sie zudem sehr viel von Wael Mohya. Der 17-J\u00e4hrige von Borussia M\u00f6nchengladbach k\u00f6nnte auch f\u00fcr Marokko spielen. Er soll ein Gesicht seines Klubs werden. Sein Marktwert wird bereits auf rund 17 Millionen Euro gesch\u00e4tzt. Die marokkanische Seite lockt mit einer Perspektive f\u00fcr die \u201eHeim-WM 2030\u201c. Der DFB steht nun unter Zugzwang, Mohya zeitnah eine klare sportliche Zukunft aufzuzeigen.<\/p>\n<p>Paris Brunner, 20, von AS Monaco war in den Jugend-Auswahlen herausragend und bleibt ein Thema f\u00fcr die Nationalelf. Vor der WM fiel er einige Wochen verletzt aus.<\/p>\n<p>STURM<\/p>\n<p>Der 27-j\u00e4hrige Kai Havertz bleibt weiter wichtig f\u00fcr die k\u00fcnftige Nationalelf. Im Sturm kam Nick Woltemade bei der WM erst gegen Paraguay zu seinem ersten Einsatz \u2013 als Einwechselspieler. Er hatte Deutschland mit seinen Toren in der Qualifikation zum Turnier geschossen. Mit 24 Jahren und seinen Qualit\u00e4ten hat er eine Zukunft in der Mannschaft. Auch Deniz Undav, 29, vom VfB Stuttgart wird wohl weiter Teil des Kaders bleiben.<\/p>\n<p>Einer der vielen Kritikpunkte an Nagelsmann: Er nominierte Kevin Schade, 24, nicht f\u00fcr die WM und schaute sich offenbar kein Spiel des St\u00fcrmers vom FC Brentford vor Ort an. Der St\u00fcrmer k\u00f6nnte k\u00fcnftig wieder nominiert werden, er kommt bislang auf f\u00fcnf L\u00e4nderspiele.<\/p>\n<p>Der 21-j\u00e4hrige Jugendnationalspieler Nicol\u00f2 Tresoldi vom FC Br\u00fcgge wird im DFB ebenfalls sehr gesch\u00e4tzt. Er \u00fcberzeugt in der belgischen Liga und der U21, einige hatten ihn bereits f\u00fcr die WM gefordert. Brajan Gruda, 22, zuletzt bei RB Leipzig, darf ebenfalls hoffen. <\/p>\n<p>Das n\u00e4chste Mal trifft sich die Nationalmannschaft im September. Dann stehen gleich vier Spiele in der Nations League auf dem Programm, unter anderem gegen die Niederlande. Bis dahin d\u00fcrfte sich manches ge\u00e4ndert haben \u2013 beim DFB und innerhalb des Aufgebots.<\/p>\n<p>Gro\u00dfe Spiele mit Party im Anschluss sollen kein Traum bleiben.<\/p>\n","protected":false},"excerpt":{"rendered":"Nach dem blamablen WM-Aus und dem R\u00fccktritt von Bundestrainer Julian Nagelsmann muss sich die Nationalmannschaft ver\u00e4ndern. WELT erkl\u00e4rt,&hellip;\n","protected":false},"author":2,"featured_media":1142599,"comment_status":"","ping_status":"","sticky":false,"template":"","format":"standard","meta":{"footnotes":"","_share_on_mastodon":"0"},"categories":[2],"tags":[331,3924,332,3922,3364,29,50501,38029,30,13,54233,15435,15434,14,3923,54232,15,3921,12,45,227052,8691],"class_list":["post-1142598","post","type-post","status-publish","format-standard","has-post-thumbnail","category-deutschland","tag-aktuelle-nachrichten","tag-aktuelle-nachrichten-aus-deutschland","tag-aktuelle-news","tag-aktuelle-news-aus-deutschland","tag-de","tag-deutschland","tag-deutschland-fussballnationalmannschaft","tag-fussball-wm-2026","tag-germany","tag-headlines","tag-julian-trainer","tag-juergen","tag-klopp","tag-nachrichten","tag-nachrichten-aus-deutschland","tag-nagelsmann","tag-news","tag-news-aus-deutschland","tag-schlagzeilen","tag-texttospeech","tag-wm-2026-ad","tag-wolff-julien"],"share_on_mastodon":{"url":"https:\/\/pubeurope.com\/@de\/116862384041253220","error":""},"_links":{"self":[{"href":"https:\/\/www.europesays.com\/de\/wp-json\/wp\/v2\/posts\/1142598","targetHints":{"allow":["GET"]}}],"collection":[{"href":"https:\/\/www.europesays.com\/de\/wp-json\/wp\/v2\/posts"}],"about":[{"href":"https:\/\/www.europesays.com\/de\/wp-json\/wp\/v2\/types\/post"}],"author":[{"embeddable":true,"href":"https:\/\/www.europesays.com\/de\/wp-json\/wp\/v2\/users\/2"}],"replies":[{"embeddable":true,"href":"https:\/\/www.europesays.com\/de\/wp-json\/wp\/v2\/comments?post=1142598"}],"version-history":[{"count":0,"href":"https:\/\/www.europesays.com\/de\/wp-json\/wp\/v2\/posts\/1142598\/revisions"}],"wp:featuredmedia":[{"embeddable":true,"href":"https:\/\/www.europesays.com\/de\/wp-json\/wp\/v2\/media\/1142599"}],"wp:attachment":[{"href":"https:\/\/www.europesays.com\/de\/wp-json\/wp\/v2\/media?parent=1142598"}],"wp:term":[{"taxonomy":"category","embeddable":true,"href":"https:\/\/www.europesays.com\/de\/wp-json\/wp\/v2\/categories?post=1142598"},{"taxonomy":"post_tag","embeddable":true,"href":"https:\/\/www.europesays.com\/de\/wp-json\/wp\/v2\/tags?post=1142598"}],"curies":[{"name":"wp","href":"https:\/\/api.w.org\/{rel}","templated":true}]}}