{"id":1142719,"date":"2026-07-04T16:28:11","date_gmt":"2026-07-04T16:28:11","guid":{"rendered":"https:\/\/www.europesays.com\/de\/1142719\/"},"modified":"2026-07-04T16:28:11","modified_gmt":"2026-07-04T16:28:11","slug":"bielefelds-tempofallen-ab-montag-6-juli-mobile-messungen-an-42-strassen","status":"publish","type":"post","link":"https:\/\/www.europesays.com\/de\/1142719\/","title":{"rendered":"Bielefelds Tempofallen ab Montag, 6. Juli: Mobile Messungen an 42 Stra\u00dfen"},"content":{"rendered":"<p id=\"absatz1\" class=\"em_text\">Bielefeld. Das Ordnungsamt der Stadt Bielefeld f\u00fchrt in der Woche von Montag, 6. Juli, bis Sonntag, 12. Juli, erneut mobile Geschwindigkeitsmessungen in mehreren Stra\u00dfen der Stadt durch. Vorsicht ist auch an drei Hauptverkehrsstra\u00dfen geboten. Insgesamt k\u00fcndigt das Ordnungsamt an 42 Stellen Tempokontrollen an. Das sind die Standorte.<\/p>\n<p>An diesen Hauptverkehrsstra\u00dfen in Bielefeld stehen Blitzer<\/p>\n<ul>\n<li>Detmolder Stra\u00dfe<\/li>\n<li>Herforder Stra\u00dfe<\/li>\n<li>Stadtring<\/li>\n<\/ul>\n<p>An diesen weiteren Bielefelder Stra\u00dfen stehen die Blitzer<\/p>\n<ul>\n<li>Am Flugplatz<\/li>\n<li>Am gro\u00dfen Feld<\/li>\n<li>Am Venn<\/li>\n<li>Am Waldschl\u00f6\u00dfchen<\/li>\n<li>Am Walkenm\u00fchle<\/li>\n<li>An der Windfl\u00f6te<\/li>\n<li>Beckendorfstra\u00dfe<\/li>\n<li>Bentruperheider Weg<\/li>\n<li>Bollstra\u00dfe<\/li>\n<li>Braker Stra\u00dfe<\/li>\n<li>Breede<\/li>\n<li>B\u00fcnder Stra\u00dfe<\/li>\n<li>Eggeweg<\/li>\n<li>Eickumer Stra\u00dfe<\/li>\n<li>Gl\u00fcckst\u00e4dter Stra\u00dfe<\/li>\n<li>Hohes Feld<\/li>\n<li>Husumer Stra\u00dfe<\/li>\n<li>Karolinenstra\u00dfe<\/li>\n<li>Koblenzer Stra\u00dfe<\/li>\n<li>Liethst\u00fcck<\/li>\n<li>Lipper Hellweg<\/li>\n<li>Marienfelder Stra\u00dfe<\/li>\n<li>Mehlstra\u00dfe<\/li>\n<li>Melanchthonstra\u00dfe<\/li>\n<li>Oerkenweg<\/li>\n<li>Prie\u00dfallee<\/li>\n<li>Queller Stra\u00dfe<\/li>\n<li>Sandbrink<\/li>\n<li>Schlo\u00dfhofstra\u00dfe<\/li>\n<li>Senner Hellweg<\/li>\n<li>Splittenbrede<\/li>\n<li>Stedefreunder Stra\u00dfe<\/li>\n<li>Stieghorster Stra\u00dfe<\/li>\n<li>Twellbachtal<\/li>\n<li>Vennhofallee<\/li>\n<li>Vilsendorfer Stra\u00dfe<\/li>\n<li>Werther Stra\u00dfe<\/li>\n<li>Weststra\u00dfe<\/li>\n<li>Ziegelstra\u00dfe<\/li>\n<\/ul>\n<p class=\"em_text\">\u00c4nderungen und kurzfristige Anpassungen sind m\u00f6glich. Zudem ist im gesamten Stadtgebiet mit weiteren Messungen zu rechnen, die der Verkehrssicherheit dienen und unangepasstes Tempo eind\u00e4mmen sollen.<\/p>\n<p>\n        \u00d7\n    <\/p>\n<p>\n            Sie erhalten in wenigen Minuten eine E-Mail zur Best\u00e4tigung Ihrer Anmeldung.\n        <\/p>\n<p>Erst danach ist diese abgeschlossen.<\/p>\n<p>Bitte pr\u00fcfen Sie auch den Spam-Ordner.<\/p>\n<p>\n        \u00d7\n    <\/p>\n<p>\n            Sie haben bisher Ihre E-Mail-Adresse noch nicht best\u00e4tigt.\n        <\/p>\n<p>Erst danach ist diese abgeschlossen.<\/p>\n<p>Bitte pr\u00fcfen Sie auch den Spam-Ordner.<\/p>\n<p>\n        \u00d7\n    <\/p>\n<p>\n            Es ist einen Fehler aufgetreten\n        <\/p>\n<p>Bei Fragen hilft unser Newsletter-Support<\/p>\n<p> Newsletter<\/p>\n<p> Aus Bielefeld<\/p>\n<p>W\u00f6chentliche News direkt aus der Redaktion Bielefeld.<\/p>\n<p>                Jetzt anmelden<\/p>\n<p id=\"absatz5\"><b class=\"bold\">Lesen Sie auch:<\/b> <a href=\"https:\/\/www.nw.de\/lokal\/bielefeld\/mitte\/24078322_Hochmoderne-Blitzersaeulen-in-Bielefeld-Das-sind-die-Standorte-im-Ueberblick.html\" rel=\"nofollow noopener\" target=\"_blank\">Hochmoderne Blitzers\u00e4ulen in Bielefeld: Das sind die Standorte im \u00dcberblick<\/a><\/p>\n<p>Feste Blitzer-Standorte in Bielefeld im \u00dcberblick<\/p>\n<p> Geschwindigkeitsverst\u00f6\u00dfe: Strafen f\u00fcr Tempos\u00fcnder<\/p>\n<p id=\"absatz6\" class=\"em_text\">\n","protected":false},"excerpt":{"rendered":"Bielefeld. Das Ordnungsamt der Stadt Bielefeld f\u00fchrt in der Woche von Montag, 6. Juli, bis Sonntag, 12. Juli,&hellip;\n","protected":false},"author":2,"featured_media":1142720,"comment_status":"","ping_status":"","sticky":false,"template":"","format":"standard","meta":{"footnotes":"","_share_on_mastodon":"0"},"categories":[1841],"tags":[9147,6027,1605,3364,29,30,63512,70168,198079,736,26093,1613,1209,29221],"class_list":["post-1142719","post","type-post","status-publish","format-standard","has-post-thumbnail","category-bielefeld","tag-blitzer","tag-ordnungsamt","tag-bielefeld","tag-de","tag-deutschland","tag-germany","tag-hauptverkehrsstrasse","tag-messung","tag-meta_artikelklasse_seo","tag-meta_copyrights_nw","tag-meta_themen_verkehr_mobilitaet","tag-meta_userneeds_informieremich","tag-nordrhein-westfalen","tag-tempofalle"],"share_on_mastodon":{"url":"https:\/\/pubeurope.com\/@de\/116862655288267538","error":""},"_links":{"self":[{"href":"https:\/\/www.europesays.com\/de\/wp-json\/wp\/v2\/posts\/1142719","targetHints":{"allow":["GET"]}}],"collection":[{"href":"https:\/\/www.europesays.com\/de\/wp-json\/wp\/v2\/posts"}],"about":[{"href":"https:\/\/www.europesays.com\/de\/wp-json\/wp\/v2\/types\/post"}],"author":[{"embeddable":true,"href":"https:\/\/www.europesays.com\/de\/wp-json\/wp\/v2\/users\/2"}],"replies":[{"embeddable":true,"href":"https:\/\/www.europesays.com\/de\/wp-json\/wp\/v2\/comments?post=1142719"}],"version-history":[{"count":0,"href":"https:\/\/www.europesays.com\/de\/wp-json\/wp\/v2\/posts\/1142719\/revisions"}],"wp:featuredmedia":[{"embeddable":true,"href":"https:\/\/www.europesays.com\/de\/wp-json\/wp\/v2\/media\/1142720"}],"wp:attachment":[{"href":"https:\/\/www.europesays.com\/de\/wp-json\/wp\/v2\/media?parent=1142719"}],"wp:term":[{"taxonomy":"category","embeddable":true,"href":"https:\/\/www.europesays.com\/de\/wp-json\/wp\/v2\/categories?post=1142719"},{"taxonomy":"post_tag","embeddable":true,"href":"https:\/\/www.europesays.com\/de\/wp-json\/wp\/v2\/tags?post=1142719"}],"curies":[{"name":"wp","href":"https:\/\/api.w.org\/{rel}","templated":true}]}}