{"id":1142777,"date":"2026-07-04T17:02:26","date_gmt":"2026-07-04T17:02:26","guid":{"rendered":"https:\/\/www.europesays.com\/de\/1142777\/"},"modified":"2026-07-04T17:02:26","modified_gmt":"2026-07-04T17:02:26","slug":"grosse-suchaktion-taucher-bergen-toten-aus-dortmund-ems-kanal","status":"publish","type":"post","link":"https:\/\/www.europesays.com\/de\/1142777\/","title":{"rendered":"Gro\u00dfe Suchaktion: Taucher bergen Toten aus Dortmund-Ems-Kanal"},"content":{"rendered":"<p>            Schlie\u00dfen<\/p>\n<p>            Ver\u00f6ffentlicht am<br \/>\n                <\/p>\n<p>        Sie k\u00f6nnen sich Artikel der ZEIT in der Google-Suche nun bevorzugt anzeigen lassen.<\/p>\n<p>        <a class=\"zps-widget__icon\" href=\"https:\/\/www.google.com\/preferences\/source?q=zeit.de\" data-ct-label=\"Google Preferred Source Onboarding Widget Icon\" id=\"zps-link-icon-activate\" aria-label=\"ZEIT als bevorzugte Quelle bei Google aktivieren\" target=\"_blank\" rel=\"nofollow noopener\"><\/p>\n<p>        <\/a><\/p>\n<p>        Hinweis<\/p>\n<p class=\"article-notice__text\">DIE ZEIT hat diese Meldung redaktionell nicht bearbeitet. Sie wurde automatisch von der Deutschen Presse-Agentur (dpa) \u00fcbernommen.<\/p>\n<p>            <img decoding=\"async\" class=\"article__media-item\" src=\"https:\/\/www.europesays.com\/de\/wp-content\/uploads\/2026\/07\/1783184546_442_wide__660x371.jpeg\" alt=\"Gro\u00dfe Suchaktion: Zahlreiche Einsatzkr\u00e4fte hatten am Samstag \u00fcber Stunden nach einer vermissten Person gesucht. (Symbolbild)\"\/><\/p>\n<p>                    Zahlreiche Einsatzkr\u00e4fte hatten am Samstag \u00fcber Stunden nach einer vermissten Person gesucht. (Symbolbild)<br \/>\n            \u00a9\u00a0David Young\/\u200bdpa<\/p>\n<p class=\"paragraph article__item\">Nach einer gro\u00dfangelegten Suchaktion haben Taucher einen Toten aus dem Dortmund-Ems-Kanal geborgen. Es handele sich um einen Mann, sagte ein Sprecher der Wasserschutzpolizei. Die Identit\u00e4t war zun\u00e4chst unklar.\n<\/p>\n<p>Aktuelles<\/p>\n<p>                <a href=\"https:\/\/www.zeit.de\/gesellschaft\/zeitgeschehen\/2026-06\/badeunfaelle-hitze-deutschland-tote\" data-ct-label=\"Badeunf\u00e4lle in Deutschland: Mindestens 15 Menschen bei Badeunf\u00e4llen gestorben\" data-uuid=\"d471e078-fbfb-4640-bb7d-4cee73d61bd1\" rel=\"nofollow noopener\" target=\"_blank\"><\/p>\n<p>                        Badeunf\u00e4lle in Deutschland:<br \/>\n                        Mindestens 15 Menschen bei Badeunf\u00e4llen gestorben<\/p>\n<p>                <\/a><\/p>\n<p>                <a href=\"https:\/\/www.zeit.de\/zeit-magazin\/leben\/2026-06\/hitze-unfaelle-baden-rettungseinsaetze-todesfaelle\" data-ct-label=\"Badeunf\u00e4lle bei Hitze: Ein Wochenende in Deutschland, 41 Grad, 35 Badetote\" data-uuid=\"129a7002-9f80-4cc1-bcd7-3af6dd7aa2ba\" rel=\"nofollow noopener\" target=\"_blank\"><\/p>\n<p>        Z+ (abopflichtiger Inhalt);<\/p>\n<p>    Badeunf\u00e4lle bei Hitze:<br \/>\n                        Ein Wochenende in Deutschland, 41 Grad, 35 Badetote<\/p>\n<p>                <\/a><\/p>\n<p>                <a href=\"https:\/\/www.zeit.de\/wissenschaft\/2026-06\/weisser-hai-sizilien-mittelmeer-taucher\" data-ct-label=\"Wei\u00dfer Hai vor Sizilien: Wei\u00dfer Hai vor Sizilien? Was f\u00fcr ein Gl\u00fcck! \" data-uuid=\"e469c8b8-04e6-4764-bccc-fbc58e0ba42c\" rel=\"nofollow noopener\" target=\"_blank\"><\/p>\n<p>        Z+ (abopflichtiger Inhalt);<\/p>\n<p>    Wei\u00dfer Hai vor Sizilien:<br \/>\n                        Wei\u00dfer Hai vor Sizilien? Was f\u00fcr ein Gl\u00fcck! <\/p>\n<p>                <\/a><\/p>\n<p class=\"paragraph article__item\">Zahlreiche Einsatzkr\u00e4fte hatten am Samstag \u00fcber Stunden nach einer vermissten Person gesucht. Am Vormittag h\u00e4tten Zeugen beobachtet, wie ein Schlauchboot im Gebiet zwischen <a class=\"rtr-entity\" href=\"https:\/\/www.zeit.de\/thema\/dortmund\" rel=\"nofollow noopener\" target=\"_blank\">Dortmund<\/a> und Waltrop gegen eine Spundwand gefahren sei, hie\u00df es. Eine Person sei herausgefallen und nicht wieder aufgetaucht.\n<\/p>\n<p class=\"paragraph article__item\">Bei der Suche im und am Kanal setzten die Rettungskr\u00e4fte Taucher, Sp\u00fcrhunde, eine Drohne und einen Hubschrauber ein.\n<\/p>\n<p class=\"paragraph article__item\">\u00a9 dpa-infocom, dpa:260704-930-333895\/2<\/p>\n","protected":false},"excerpt":{"rendered":"Schlie\u00dfen Ver\u00f6ffentlicht am Sie k\u00f6nnen sich Artikel der ZEIT in der Google-Suche nun bevorzugt anzeigen lassen. Hinweis DIE&hellip;\n","protected":false},"author":2,"featured_media":1142778,"comment_status":"","ping_status":"","sticky":false,"template":"","format":"standard","meta":{"footnotes":"","_share_on_mastodon":"0"},"categories":[1833],"tags":[3364,29,217,19365,2540,30,240283,15,1209,55617],"class_list":["post-1142777","post","type-post","status-publish","format-standard","has-post-thumbnail","category-dortmund","tag-de","tag-deutschland","tag-dortmund","tag-dortmund-ems-kanal","tag-einsatzkraft","tag-germany","tag-grosse-suchaktion","tag-news","tag-nordrhein-westfalen","tag-suchaktion"],"share_on_mastodon":{"url":"https:\/\/pubeurope.com\/@de\/116862789043762967","error":""},"_links":{"self":[{"href":"https:\/\/www.europesays.com\/de\/wp-json\/wp\/v2\/posts\/1142777","targetHints":{"allow":["GET"]}}],"collection":[{"href":"https:\/\/www.europesays.com\/de\/wp-json\/wp\/v2\/posts"}],"about":[{"href":"https:\/\/www.europesays.com\/de\/wp-json\/wp\/v2\/types\/post"}],"author":[{"embeddable":true,"href":"https:\/\/www.europesays.com\/de\/wp-json\/wp\/v2\/users\/2"}],"replies":[{"embeddable":true,"href":"https:\/\/www.europesays.com\/de\/wp-json\/wp\/v2\/comments?post=1142777"}],"version-history":[{"count":0,"href":"https:\/\/www.europesays.com\/de\/wp-json\/wp\/v2\/posts\/1142777\/revisions"}],"wp:featuredmedia":[{"embeddable":true,"href":"https:\/\/www.europesays.com\/de\/wp-json\/wp\/v2\/media\/1142778"}],"wp:attachment":[{"href":"https:\/\/www.europesays.com\/de\/wp-json\/wp\/v2\/media?parent=1142777"}],"wp:term":[{"taxonomy":"category","embeddable":true,"href":"https:\/\/www.europesays.com\/de\/wp-json\/wp\/v2\/categories?post=1142777"},{"taxonomy":"post_tag","embeddable":true,"href":"https:\/\/www.europesays.com\/de\/wp-json\/wp\/v2\/tags?post=1142777"}],"curies":[{"name":"wp","href":"https:\/\/api.w.org\/{rel}","templated":true}]}}