{"id":1142839,"date":"2026-07-04T17:36:15","date_gmt":"2026-07-04T17:36:15","guid":{"rendered":"https:\/\/www.europesays.com\/de\/1142839\/"},"modified":"2026-07-04T17:36:15","modified_gmt":"2026-07-04T17:36:15","slug":"afd-parteitag-in-erfurt-parteitag-wird-am-sonntag-fortgesetzt-polizei-erwartet-ruhige-nacht","status":"publish","type":"post","link":"https:\/\/www.europesays.com\/de\/1142839\/","title":{"rendered":"AfD-Parteitag in Erfurt: Parteitag wird am Sonntag fortgesetzt \u2013 Polizei erwartet ruhige Nacht"},"content":{"rendered":"<p>Proteste bleiben friedlichW\u00e4hrend der Erfurter Demonstrationen hat es nach Polizeiangaben\u00a0<strong>kaum Zwischenf\u00e4lle<\/strong> gegeben.\u00a0<strong>Vereinzelt sei Pfefferspray<\/strong> eingesetzt worden, um Rettungswege f\u00fcr Einsatzfahrzeuge freizuhalten, teilte die Polizei mit. Nach Aufrufen im Internet hatte es im Vorfeld Bef\u00fcrchtungen \u00fcber gewaltt\u00e4tige Ausschreitungen gegeben. Anwohnende und Angereiste <strong>demonstrierten friedlich auf nahezu allen zentralen Pl\u00e4tzen der Innenstadt<\/strong>.<\/p>\n<p>Im Laufe des Tages berichtete die Polizei von Angriffen auf Journalisten. Auch ein B\u00fcrgerb\u00fcro der AfD sowie Beamte sollen nach Angaben der Polizei mit Pyrotechnik und Farbbeuteln angegriffen worden seien.<\/p>\n<p>Polizeisprecher an Blockaden und Demonstrationsrouten hingegen sprachen von einem friedlichen Verlauf. <strong>Erfurts Oberb\u00fcrgermeister Andreas Horn (CDU) sagte, die Grundstimmung sei \u00bbwunderbar entspannt\u00ab. <\/strong>Der bunte Protest sei eine \u00bbWerbung f\u00fcr die Stadt\u00ab. Auch <strong>Th\u00fcringens Innenminister Georg Maier (SPD)<\/strong> sagte, die Demonstrationen seien bisher <strong>weitgehend friedlich<\/strong> verlaufen. \u00bbMan kann zufrieden sein. Es ist bunt und laut.\u00ab Er hoffe, dass auch die weiteren geplanten Aktionen bis Sonntag gewaltfrei blieben.<\/p>\n<p>Gewerkschaften, Initiativen und B\u00fcndnisse hatten bundesweit zu den Protesten aufgerufen. Auf den Kundgebungen sprachen unter anderem Th\u00fcringens Ex-Ministerpr\u00e4sident Bodo Ramelow (Linke), DGB-Chefin Yasmin Fahimi, Katrin G\u00f6ring-Eckardt (Gr\u00fcne) und Bundesumweltminister Carsten Schneider (SPD).\u00a0<\/p>\n","protected":false},"excerpt":{"rendered":"Proteste bleiben friedlichW\u00e4hrend der Erfurter Demonstrationen hat es nach Polizeiangaben\u00a0kaum Zwischenf\u00e4lle gegeben.\u00a0Vereinzelt sei Pfefferspray eingesetzt worden, um Rettungswege&hellip;\n","protected":false},"author":2,"featured_media":1142840,"comment_status":"","ping_status":"","sticky":false,"template":"","format":"standard","meta":{"footnotes":"","_share_on_mastodon":"0"},"categories":[5],"tags":[186,240289,150,39488,7137,13,851,19399,3272,14,15,7784,16,12,41829,10,8,9,11],"class_list":["post-1142839","post","type-post","status-publish","format-standard","has-post-thumbnail","category-nachrichten","tag-afd","tag-afd-parteitag-in-erfurt","tag-alternative-fuer-deutschland","tag-bundesparteitag","tag-erfurt","tag-headlines","tag-herbst","tag-landtagswahl","tag-liveblog","tag-nachrichten","tag-news","tag-parteitag","tag-politik","tag-schlagzeilen","tag-sitzblockade","tag-top-news","tag-top-meldungen","tag-topmeldungen","tag-topnews"],"share_on_mastodon":{"url":"https:\/\/pubeurope.com\/@de\/116862922907364791","error":""},"_links":{"self":[{"href":"https:\/\/www.europesays.com\/de\/wp-json\/wp\/v2\/posts\/1142839","targetHints":{"allow":["GET"]}}],"collection":[{"href":"https:\/\/www.europesays.com\/de\/wp-json\/wp\/v2\/posts"}],"about":[{"href":"https:\/\/www.europesays.com\/de\/wp-json\/wp\/v2\/types\/post"}],"author":[{"embeddable":true,"href":"https:\/\/www.europesays.com\/de\/wp-json\/wp\/v2\/users\/2"}],"replies":[{"embeddable":true,"href":"https:\/\/www.europesays.com\/de\/wp-json\/wp\/v2\/comments?post=1142839"}],"version-history":[{"count":0,"href":"https:\/\/www.europesays.com\/de\/wp-json\/wp\/v2\/posts\/1142839\/revisions"}],"wp:featuredmedia":[{"embeddable":true,"href":"https:\/\/www.europesays.com\/de\/wp-json\/wp\/v2\/media\/1142840"}],"wp:attachment":[{"href":"https:\/\/www.europesays.com\/de\/wp-json\/wp\/v2\/media?parent=1142839"}],"wp:term":[{"taxonomy":"category","embeddable":true,"href":"https:\/\/www.europesays.com\/de\/wp-json\/wp\/v2\/categories?post=1142839"},{"taxonomy":"post_tag","embeddable":true,"href":"https:\/\/www.europesays.com\/de\/wp-json\/wp\/v2\/tags?post=1142839"}],"curies":[{"name":"wp","href":"https:\/\/api.w.org\/{rel}","templated":true}]}}