{"id":1142848,"date":"2026-07-04T17:41:17","date_gmt":"2026-07-04T17:41:17","guid":{"rendered":"https:\/\/www.europesays.com\/de\/1142848\/"},"modified":"2026-07-04T17:41:17","modified_gmt":"2026-07-04T17:41:17","slug":"pizza-backen-demonstrieren-basteln-30-000-menschen-gehen-in-erfurt-gegen-die-afd-auf-die-strasse","status":"publish","type":"post","link":"https:\/\/www.europesays.com\/de\/1142848\/","title":{"rendered":"Pizza backen, demonstrieren, basteln: 30.000 Menschen gehen in Erfurt gegen die AfD auf die Stra\u00dfe"},"content":{"rendered":"<p class=\"text text--s\">\n\t\t\t\tFreie Presse auf Google News folgen\n\t\t\t<\/p>\n<p class=\"bold\">\n\t\t\t\t\t\t\t\t\t\tTausende Menschen aus ganz Deutschland versammelten sich in Erfurt, um gegen den AfD-Bundesparteitag zu demonstrieren \u2013 darunter auch die \u201eOmas gegen Rechts\u201c und Zimmerer auf Wanderschaft.\t\t\t\t<\/p>\n<p>\t\t\t\t Eine Blindenlehrerin aus Heidelberg berichtet, wie Menschen mit Behinderung Angst haben. Student Sebastian erz\u00e4hlt, wie Neonazis in einer Weimarer Kneipe einen B\u00f6ller gez\u00fcndet haben. Der Erfurter Altenpfleger Christian bangt um seinen Arbeitskollegen, dem die Abschiebung droht. Professorin Naika Foroutan versucht, mit ihrer Forschung&#8230;<\/p>\n<p>\t\t<img decoding=\"async\" loading=\"lazy\" class=\"fp-plus-logo\" src=\"https:\/\/www.freiepresse.de\/img\/fpplus.svg\" alt=\"Freie Presse plus Logo\"\/><\/p>\n<p>Registrieren und testen.<\/p>\n<p>Jetzt mit Ihrer Registrierung 1 Monat gratis testen und alle Beitr\u00e4ge lesen.<\/p>\n<p>Schon Abonnent? Melden Sie sich mit ihren Zugangsdaten an.<\/p>\n","protected":false},"excerpt":{"rendered":"Freie Presse auf Google News folgen Tausende Menschen aus ganz Deutschland versammelten sich in Erfurt, um gegen den&hellip;\n","protected":false},"author":2,"featured_media":1142849,"comment_status":"","ping_status":"","sticky":false,"template":"","format":"standard","meta":{"footnotes":"","_share_on_mastodon":"0"},"categories":[1850],"tags":[6429,3364,3388,29,548,663,3934,30,13,14,15,1411,12],"class_list":["post-1142848","post","type-post","status-publish","format-standard","has-post-thumbnail","category-braunschweig","tag-braunschweig","tag-de","tag-demos","tag-deutschland","tag-eu","tag-europa","tag-europe","tag-germany","tag-headlines","tag-nachrichten","tag-news","tag-niedersachsen","tag-schlagzeilen"],"share_on_mastodon":{"url":"https:\/\/pubeurope.com\/@de\/116862942403651583","error":""},"_links":{"self":[{"href":"https:\/\/www.europesays.com\/de\/wp-json\/wp\/v2\/posts\/1142848","targetHints":{"allow":["GET"]}}],"collection":[{"href":"https:\/\/www.europesays.com\/de\/wp-json\/wp\/v2\/posts"}],"about":[{"href":"https:\/\/www.europesays.com\/de\/wp-json\/wp\/v2\/types\/post"}],"author":[{"embeddable":true,"href":"https:\/\/www.europesays.com\/de\/wp-json\/wp\/v2\/users\/2"}],"replies":[{"embeddable":true,"href":"https:\/\/www.europesays.com\/de\/wp-json\/wp\/v2\/comments?post=1142848"}],"version-history":[{"count":0,"href":"https:\/\/www.europesays.com\/de\/wp-json\/wp\/v2\/posts\/1142848\/revisions"}],"wp:featuredmedia":[{"embeddable":true,"href":"https:\/\/www.europesays.com\/de\/wp-json\/wp\/v2\/media\/1142849"}],"wp:attachment":[{"href":"https:\/\/www.europesays.com\/de\/wp-json\/wp\/v2\/media?parent=1142848"}],"wp:term":[{"taxonomy":"category","embeddable":true,"href":"https:\/\/www.europesays.com\/de\/wp-json\/wp\/v2\/categories?post=1142848"},{"taxonomy":"post_tag","embeddable":true,"href":"https:\/\/www.europesays.com\/de\/wp-json\/wp\/v2\/tags?post=1142848"}],"curies":[{"name":"wp","href":"https:\/\/api.w.org\/{rel}","templated":true}]}}