{"id":1143047,"date":"2026-07-04T19:51:43","date_gmt":"2026-07-04T19:51:43","guid":{"rendered":"https:\/\/www.europesays.com\/de\/1143047\/"},"modified":"2026-07-04T19:51:43","modified_gmt":"2026-07-04T19:51:43","slug":"messe-mit-millionenverlust-gelaende-soll-verkleinert-werden-2","status":"publish","type":"post","link":"https:\/\/www.europesays.com\/de\/1143047\/","title":{"rendered":"Messe mit Millionenverlust \u2013 Gel\u00e4nde soll verkleinert werden"},"content":{"rendered":"<p class=\"\">\n                    Die Deutsche Messe rechnet dieses Jahr mit einem Verlust von rund 25 Millionen Euro. Das Gel\u00e4nde soll verkleinert werden, k\u00fcndigte ein Sprecher der Messe an. Wie das rund 450.000 Quadratmeter gro\u00dfe Areal in Hannover k\u00fcnftig aussehen soll, werde in den kommenden Monaten entschieden. Zuerst hatte die \u201eHannoversche Allgemeine Zeitung\u201c berichtet.\n            <\/p>\n<p class=\"\">\n                    Das Unternehmen geht nach eigenen Angaben von einem Umsatz von 234 Millionen Euro aus &#8211; das w\u00e4re fast ein Viertel weniger als noch im vergangenen Jahr. Damals erl\u00f6ste die Messe 305 Millionen Euro. Das Land Niedersachsen h\u00e4lt 50 Prozent der Anteile an der Deutschen Messe.\n            <\/p>\n<p class=\"\">\n                    F\u00fcr den Verlust gibt es laut Messe mehrere Gr\u00fcnde: Sondereffekte fallen weg, der Abriss einer maroden Halle kostet Millionen und umsatzstarke Messen wie die Landwirtschaftsmesse Agritechnica finden erst wieder kommendes Jahr statt.\n            <\/p>\n","protected":false},"excerpt":{"rendered":"Die Deutsche Messe rechnet dieses Jahr mit einem Verlust von rund 25 Millionen Euro. Das Gel\u00e4nde soll verkleinert&hellip;\n","protected":false},"author":2,"featured_media":1143048,"comment_status":"","ping_status":"","sticky":false,"template":"","format":"standard","meta":{"footnotes":"","_share_on_mastodon":"0"},"categories":[1836],"tags":[3364,29,30,46,11618,1411,5928,17545],"class_list":["post-1143047","post","type-post","status-publish","format-standard","has-post-thumbnail","category-hannover","tag-de","tag-deutschland","tag-germany","tag-hannover","tag-investition","tag-niedersachsen","tag-umsatz","tag-verlust"],"share_on_mastodon":{"url":"https:\/\/pubeurope.com\/@de\/116863453543674690","error":""},"_links":{"self":[{"href":"https:\/\/www.europesays.com\/de\/wp-json\/wp\/v2\/posts\/1143047","targetHints":{"allow":["GET"]}}],"collection":[{"href":"https:\/\/www.europesays.com\/de\/wp-json\/wp\/v2\/posts"}],"about":[{"href":"https:\/\/www.europesays.com\/de\/wp-json\/wp\/v2\/types\/post"}],"author":[{"embeddable":true,"href":"https:\/\/www.europesays.com\/de\/wp-json\/wp\/v2\/users\/2"}],"replies":[{"embeddable":true,"href":"https:\/\/www.europesays.com\/de\/wp-json\/wp\/v2\/comments?post=1143047"}],"version-history":[{"count":0,"href":"https:\/\/www.europesays.com\/de\/wp-json\/wp\/v2\/posts\/1143047\/revisions"}],"wp:featuredmedia":[{"embeddable":true,"href":"https:\/\/www.europesays.com\/de\/wp-json\/wp\/v2\/media\/1143048"}],"wp:attachment":[{"href":"https:\/\/www.europesays.com\/de\/wp-json\/wp\/v2\/media?parent=1143047"}],"wp:term":[{"taxonomy":"category","embeddable":true,"href":"https:\/\/www.europesays.com\/de\/wp-json\/wp\/v2\/categories?post=1143047"},{"taxonomy":"post_tag","embeddable":true,"href":"https:\/\/www.europesays.com\/de\/wp-json\/wp\/v2\/tags?post=1143047"}],"curies":[{"name":"wp","href":"https:\/\/api.w.org\/{rel}","templated":true}]}}