{"id":1143098,"date":"2026-07-04T20:24:17","date_gmt":"2026-07-04T20:24:17","guid":{"rendered":"https:\/\/www.europesays.com\/de\/1143098\/"},"modified":"2026-07-04T20:24:17","modified_gmt":"2026-07-04T20:24:17","slug":"babylon-in-berlin-kinderwagenkino-vivaldi-und-ich","status":"publish","type":"post","link":"https:\/\/www.europesays.com\/de\/1143098\/","title":{"rendered":"BABYLON in Berlin &#8211; Kinderwagenkino: Vivaldi und ich"},"content":{"rendered":"<p>\t\t\t\t\t\t\t <img decoding=\"async\" src=\"https:\/\/www.europesays.com\/de\/wp-content\/uploads\/2026\/07\/Vivaldi_und_ich.jpg\" alt=\"\" itemprop=\"image\"\/> <\/p>\n<p>Kinderwagenkino: Vivaldi und ich [Primavera] [OmU] I 2025, R: Damiano Michieletto mit Tecla Insolia, Michele Riondino, Fabrizia Sacchi, 110 Min<\/p>\n<p>Es ist ein au\u00dfergew\u00f6hnlicher Ort, das Ospedale della Piet\u00e0 in Venedig. Es handelt sich dabei um ein Waisenheim f\u00fcr M\u00e4dchen, in dem zugleich Musikvermittlung an oberster Stelle steht. Das M\u00e4dchenorchester der Einrichtung genie\u00dft einen weltweit exzellenten Ruf. Im 18. Jahrhundert lernt doch Cecilia (Tecla Insolia) die Kunst des Violinespielens. Das Talent der M\u00e4dchen und somit auch Cecilias wird unter anderem dazu genutzt, mit Konzerten f\u00fcr gut betuchte Menschen Geld f\u00fcr das Ospedale della Piet\u00e0 einzusammeln. Es scheint ein System, das mehr am Selbsterhalt als am Leben der M\u00e4dchen interessiert scheint. F\u00fcr Cecilia \u00e4ndert sich das, als Antonio Vivaldi (Michele Riondino) neuer Leiter des Orchesters wird, der ihr eine Zukunft au\u00dferhalb des Heims er\u00f6ffnen will.<\/p>\n<p>Trailer:<\/p><\/p>\n","protected":false},"excerpt":{"rendered":"Kinderwagenkino: Vivaldi und ich [Primavera] [OmU] I 2025, R: Damiano Michieletto mit Tecla Insolia, Michele Riondino, Fabrizia Sacchi,&hellip;\n","protected":false},"author":2,"featured_media":1143099,"comment_status":"","ping_status":"","sticky":false,"template":"","format":"standard","meta":{"footnotes":"","_share_on_mastodon":"0"},"categories":[1825],"tags":[27921,27669,296,27919,29,5561,30,27920,95,27924,27922,27925,27923,27926,3699],"class_list":["post-1143098","post","type-post","status-publish","format-standard","has-post-thumbnail","category-berlin","tag-anime","tag-babylon","tag-berlin","tag-cinemaperitivo","tag-deutschland","tag-festival","tag-germany","tag-indogerman","tag-kino","tag-kino-babylon","tag-kinoorgel","tag-rosa-luxemburg-strasse-30","tag-stummfilm","tag-timothy-grossman","tag-veranstaltung"],"share_on_mastodon":{"url":"https:\/\/pubeurope.com\/@de\/116863583483637179","error":""},"_links":{"self":[{"href":"https:\/\/www.europesays.com\/de\/wp-json\/wp\/v2\/posts\/1143098","targetHints":{"allow":["GET"]}}],"collection":[{"href":"https:\/\/www.europesays.com\/de\/wp-json\/wp\/v2\/posts"}],"about":[{"href":"https:\/\/www.europesays.com\/de\/wp-json\/wp\/v2\/types\/post"}],"author":[{"embeddable":true,"href":"https:\/\/www.europesays.com\/de\/wp-json\/wp\/v2\/users\/2"}],"replies":[{"embeddable":true,"href":"https:\/\/www.europesays.com\/de\/wp-json\/wp\/v2\/comments?post=1143098"}],"version-history":[{"count":0,"href":"https:\/\/www.europesays.com\/de\/wp-json\/wp\/v2\/posts\/1143098\/revisions"}],"wp:featuredmedia":[{"embeddable":true,"href":"https:\/\/www.europesays.com\/de\/wp-json\/wp\/v2\/media\/1143099"}],"wp:attachment":[{"href":"https:\/\/www.europesays.com\/de\/wp-json\/wp\/v2\/media?parent=1143098"}],"wp:term":[{"taxonomy":"category","embeddable":true,"href":"https:\/\/www.europesays.com\/de\/wp-json\/wp\/v2\/categories?post=1143098"},{"taxonomy":"post_tag","embeddable":true,"href":"https:\/\/www.europesays.com\/de\/wp-json\/wp\/v2\/tags?post=1143098"}],"curies":[{"name":"wp","href":"https:\/\/api.w.org\/{rel}","templated":true}]}}