{"id":1143363,"date":"2026-07-04T23:16:17","date_gmt":"2026-07-04T23:16:17","guid":{"rendered":"https:\/\/www.europesays.com\/de\/1143363\/"},"modified":"2026-07-04T23:16:17","modified_gmt":"2026-07-04T23:16:17","slug":"radiobeitrag-zu-einfach-heiraten-am-11-juli-segen-unter-freiem-himmel-fuer-paare","status":"publish","type":"post","link":"https:\/\/www.europesays.com\/de\/1143363\/","title":{"rendered":"Radiobeitrag zu \u201eEinfach heiraten\u201c am 11. Juli: Segen unter freiem Himmel f\u00fcr Paare"},"content":{"rendered":"<p>\t<a href=\"https:\/\/www.kirche-koeln.de\/einfach-heiraten-am-11-juli-segen-unter-freiem-himmel-fuer-paare\/?print=pdf\" class=\"pdfprnt-button pdfprnt-button-pdf\" target=\"_blank\" rel=\"nofollow noopener\"><img decoding=\"async\" src=\"https:\/\/www.europesays.com\/de\/wp-content\/uploads\/2026\/07\/1783121297_528_pdf.png\" alt=\"image_pdf\" title=\"View PDF\"\/><\/a><a href=\"https:\/\/www.kirche-koeln.de\/einfach-heiraten-am-11-juli-segen-unter-freiem-himmel-fuer-paare\/?print=print\" class=\"pdfprnt-button pdfprnt-button-print\" target=\"_blank\" rel=\"nofollow noopener\"><img decoding=\"async\" src=\"https:\/\/www.europesays.com\/de\/wp-content\/uploads\/2026\/07\/1783121298_782_print.png\" alt=\"image_print\" title=\"Print Content\"\/><\/a><\/p>\n<p>Ein kleines \u201eJa\u201c kann manchmal mehr brauchen als ein gro\u00dfes Fest: einen sch\u00f6nen Ort, einen Moment zu zweit \u2013 und jemanden, der Gottes Segen zuspricht. Genau darum geht es bei \u201eEinfach heiraten\u201c vom Segensb\u00fcro H\u00e4tzjef\u00f6hl. Am 11. Juli ist die Pop-up Hochzeit in Volberg bei R\u00f6srath zu Gast. Pfarrer Sebastian Baer-Henney vom Segensb\u00fcro hat das Fest mit vorbereitet: \u201eWir planen ein Hochzeitsfest, eine Hochzeit im Gr\u00fcnen. Wir haben das vor ein paar Jahren schon mal in der Stadt gemacht. Und wir wollen es diesmal im Gr\u00fcnen machen. Da, wo die Menschen sonst zur Erholung hinfahren, haben wir gedacht, da lassen wir die Leute ihr Gl\u00fcck finden. Und sie heiraten und werden von uns gesegnet als Paare\u201c<\/p>\n<p>Volberg liegt im Rheinisch-Bergischer Kreis, ein wenig vertr\u00e4umt mit einer alten evangelischen Kirche. F\u00fcr die Aktion wird ein Ort genutzt, der nicht nach gro\u00dfer Eventhalle klingt, sondern nach Ruhe, Geschichte und Landschaft. F\u00fcr Pfarrer Sebastian Baer-Henney passt das gut: \u201eIch wei\u00df nicht, wer die Kirche in Volberg kennt. Das ist ein kleines Dorfkirchlein mit irrsinnig langer Geschichte. Es ist eingebettet in eine wundersch\u00f6ne Landschaft. Es ist eine Hochzeit, wie man sie sich eigentlich besser nicht ertr\u00e4umen kann. Und wer mal in diesem Kirchlein drin gewesen ist, der wird das nicht vergessen. Es ist wie in einem kleinen verwunschenen Traum.\u201c<\/p>\n<p>Bei \u201eEinfach Heirate\u201cn geht es nicht darum, Paare in ein festes Schema zu pressen. Die evangelische Kirche will ihnen einen Raum \u00f6ffnen: pers\u00f6nlich, unkompliziert und ohne H\u00fcrde an der Kirchent\u00fcr. Wer kommen kann, erkl\u00e4rt Pfarrer Sebastian Baer-Henney: \u201eSegnen lassen k\u00f6nnen sich alle Menschen, die sich als Paar verstehen. Das hei\u00dft, wer f\u00fcr sich beschlie\u00dft, wir m\u00f6chten gerne dieses Leben zusammen verbringen oder die n\u00e4chsten Jahre zusammen verbringen. Wir wollen einen Marker setzen. Diese Paare k\u00f6nnen sich segnen lassen.\u201c<\/p>\n<p>\u201eEinfach heiraten\u201c findet am 11. Juli den ganzen Tag \u00fcber in Volberg bei R\u00f6srath statt. Paare k\u00f6nnen spontan vorbeikommen oder sich vorher anmelden. Infos gibt es online beim Segensb\u00fcro H\u00e4tzjef\u00f6hl unter <a href=\"http:\/\/www.haetzjefoehl.de\" rel=\"nofollow noopener\" target=\"_blank\">www.haetzjefoehl.de<\/a>.<\/p>\n<p>Dieser Beitrag ist auch zu h\u00f6ren in der Sendung\u00a0<a href=\"https:\/\/www.studioeck.de\/himmelunderde\" rel=\"nofollow noopener\" target=\"_blank\">Himmel und Erde\u00a0bei Radio Erft<\/a>.<\/p>\n<p><a href=\"https:\/\/www.kirche-koeln.de\/einfach-heiraten-am-11-juli-segen-unter-freiem-himmel-fuer-paare\/?print=pdf\" class=\"pdfprnt-button pdfprnt-button-pdf\" target=\"_blank\" rel=\"nofollow noopener\"><img decoding=\"async\" src=\"https:\/\/www.europesays.com\/de\/wp-content\/uploads\/2026\/07\/1783121297_528_pdf.png\" alt=\"image_pdf\" title=\"View PDF\"\/><\/a><a href=\"https:\/\/www.kirche-koeln.de\/einfach-heiraten-am-11-juli-segen-unter-freiem-himmel-fuer-paare\/?print=print\" class=\"pdfprnt-button pdfprnt-button-print\" target=\"_blank\" rel=\"nofollow noopener\"><img decoding=\"async\" src=\"https:\/\/www.europesays.com\/de\/wp-content\/uploads\/2026\/07\/1783121298_782_print.png\" alt=\"image_print\" title=\"Print Content\"\/><\/a><\/p>\n<p>Text: Sammy Wintersohl\/APK<br \/>Foto(s): Haetzjef\u00f6hl<\/p>\n","protected":false},"excerpt":{"rendered":"Ein kleines \u201eJa\u201c kann manchmal mehr brauchen als ein gro\u00dfes Fest: einen sch\u00f6nen Ort, einen Moment zu zweit&hellip;\n","protected":false},"author":2,"featured_media":1143364,"comment_status":"","ping_status":"","sticky":false,"template":"","format":"standard","meta":{"footnotes":"","_share_on_mastodon":"0"},"categories":[1828],"tags":[8906,240347,29,240348,204922,240349,9526,30,113895,240350,240351,240352,222376,239206,240353,240354,240355,240356,133467,240357,1420,134011,1209,240358,133470,222380,240359,240360,240361,2215,120704,240362,15886,113909,222382,222383,222384,240363,240364,204924],"class_list":["post-1143363","post","type-post","status-publish","format-standard","has-post-thumbnail","category-koeln","tag-evangelische-kirche","tag-bergisch-rheinischer-kreis","tag-deutschland","tag-dorfkirche-volberg","tag-einfach-heiraten","tag-evangelische-hochzeit","tag-evangelischer-kirchenverband-koeln-und-region","tag-germany","tag-haetzjefoehl","tag-himmel-und-erde","tag-hochzeit-2026","tag-hochzeit-bergisches-land","tag-hochzeit-im-gruenen","tag-hochzeit-nrw","tag-hochzeit-ohne-grossen-aufwand","tag-hochzeitsfest-volberg","tag-kirche-fuer-paare","tag-kirche-und-segen","tag-kirchliche-trauung","tag-kirchliches-angebot","tag-koeln","tag-liebe-und-segen","tag-nordrhein-westfalen","tag-paare-segnen-lassen","tag-paarsegen","tag-pop-up-hochzeit","tag-pop-up-trauung","tag-radio-berg","tag-radio-erft","tag-roesrath","tag-sebastian-baer-henney","tag-segen-fuer-die-liebe","tag-segensbuero-haetzjefoehl","tag-segensbuero-koeln","tag-segensfeier","tag-segnung-fuer-paare","tag-spontane-hochzeit","tag-trauung-im-freien","tag-unkompliziert-heiraten","tag-volberg"],"share_on_mastodon":{"url":"","error":"Validation failed: Text character limit of 500 exceeded"},"_links":{"self":[{"href":"https:\/\/www.europesays.com\/de\/wp-json\/wp\/v2\/posts\/1143363","targetHints":{"allow":["GET"]}}],"collection":[{"href":"https:\/\/www.europesays.com\/de\/wp-json\/wp\/v2\/posts"}],"about":[{"href":"https:\/\/www.europesays.com\/de\/wp-json\/wp\/v2\/types\/post"}],"author":[{"embeddable":true,"href":"https:\/\/www.europesays.com\/de\/wp-json\/wp\/v2\/users\/2"}],"replies":[{"embeddable":true,"href":"https:\/\/www.europesays.com\/de\/wp-json\/wp\/v2\/comments?post=1143363"}],"version-history":[{"count":0,"href":"https:\/\/www.europesays.com\/de\/wp-json\/wp\/v2\/posts\/1143363\/revisions"}],"wp:featuredmedia":[{"embeddable":true,"href":"https:\/\/www.europesays.com\/de\/wp-json\/wp\/v2\/media\/1143364"}],"wp:attachment":[{"href":"https:\/\/www.europesays.com\/de\/wp-json\/wp\/v2\/media?parent=1143363"}],"wp:term":[{"taxonomy":"category","embeddable":true,"href":"https:\/\/www.europesays.com\/de\/wp-json\/wp\/v2\/categories?post=1143363"},{"taxonomy":"post_tag","embeddable":true,"href":"https:\/\/www.europesays.com\/de\/wp-json\/wp\/v2\/tags?post=1143363"}],"curies":[{"name":"wp","href":"https:\/\/api.w.org\/{rel}","templated":true}]}}