{"id":1143373,"date":"2026-07-04T23:21:25","date_gmt":"2026-07-04T23:21:25","guid":{"rendered":"https:\/\/www.europesays.com\/de\/1143373\/"},"modified":"2026-07-04T23:21:25","modified_gmt":"2026-07-04T23:21:25","slug":"salzsaeure-in-muellverbrennungsanlage-in-hamburg-altenwerder-ausgetreten","status":"publish","type":"post","link":"https:\/\/www.europesays.com\/de\/1143373\/","title":{"rendered":"Salzs\u00e4ure in M\u00fcllverbrennungsanlage in Hamburg-Altenwerder ausgetreten"},"content":{"rendered":"<p>&#13;<br \/>\n            Hamburg. In einer Hamburger M\u00fcllverbrennungsanlage ist Salzs\u00e4ure ausgetreten. Durch die Hitze in der Anlage habe sich dann zwischenzeitlich Dampf gebildet, der am Samstag aus der Halle im Stadtteil Altenwerder nach drau\u00dfen gezogen sei, sagte ein Sprecher der Feuerwehr. Die Polizei hatte deshalb den Schiffsverkehr an der K\u00f6hlbrandbr\u00fccke vor\u00fcbergehend eingestellt.\u00a0 <\/p>\n<p>Die Fl\u00fcssigkeit selbst sei in der Halle geblieben und nicht in die Umwelt gelangt. Verletzt wurde den Angaben zufolge niemand. Wie viel Salzs\u00e4ure und wo genau die Chemikalie in der Halle ausgetreten war, blieb zun\u00e4chst unklar. <\/p>\n<p>Am sp\u00e4ten Abend dauerte der Einsatz der Feuerwehr noch immer an. Gefahr f\u00fcr die Bev\u00f6lkerung bestehe aber nicht, betonte der Sprecher. Messungen h\u00e4tten bislang keine Auff\u00e4lligkeiten gezeigt. Zudem liege die M\u00fcllverbrennungsanlage in einem Industriegebiet, wo keine Menschen wohnen. <\/p>\n<p>  &#13;<\/p>\n<p>          &#13;<br \/>\n            <a href=\"https:\/\/www.tageblatt.de\/Lokales\/Fussgaenger-wird-von-Kleinlaster-erfasst-und-schwer-verletzt-753740.html\" rel=\"nofollow noopener\" target=\"_blank\">&#13;<br \/>\n              <img decoding=\"async\" class=\"img-responsive wcms-image-layout\"   src=\"https:\/\/www.europesays.com\/de\/wp-content\/uploads\/2026\/07\/In-Hamburg-Harburg-kam-es-am-Freitagabend-zu-einem-Unfall-1344615m.jpg\" loading=\"lazy\" title=\"Fu\u00dfg\u00e4nger in Harburg von Kleinlaster erfasst und schwer verletzt\" alt=\"In Hamburg-Harburg kam es am Freitagabend zu einem Unfall. (Symbolbild)\" style=\"object-position:50% 50.043440486533448563%;\"\/>&#13;<br \/>\n            <\/a>&#13;<\/p>\n<p>        &#13;<br \/>\n          Unf\u00e4lle&#13;<\/p>\n<p>            <a title=\"In Merkliste \u00fcbernehmen\" aria-label=\"In Merkliste \u00fcbernehmen\" rel=\"nofollow noopener\" href=\"https:\/\/www.tageblatt.de\/Nachrichten\/javascript: FI.Wcms.News.Modules.CWatchListModules.AddToWatchList(\" target=\"_blank\">&#13;<br \/>\n              &#13;<br \/>\n                &#13;<br \/>\n              &#13;<br \/>\n            <\/a><br \/>\n          &#13;<br \/>\n          &#13;<br \/>\n            &#13;<br \/>\n            <a title=\"Fu\u00dfg\u00e4nger in Harburg von Kleinlaster erfasst und schwer verletzt\" href=\"https:\/\/www.tageblatt.de\/Lokales\/Fussgaenger-wird-von-Kleinlaster-erfasst-und-schwer-verletzt-753740.html\" rel=\"nofollow noopener\" target=\"_blank\">Fu\u00dfg\u00e4nger in Harburg von Kleinlaster erfasst und schwer verletzt<\/a>&#13;<br \/>\n          &#13;<\/p>\n<p>    &#13;<\/p>\n<p>  &#13;<\/p>\n<p>          &#13;<br \/>\n            <a href=\"https:\/\/www.tageblatt.de\/Nachrichten\/Junge-fluechtet-mit-Auto-vor-Polizei-und-kracht-in-Restaurant-753503.html\" rel=\"nofollow noopener\" target=\"_blank\">&#13;<br \/>\n              <img decoding=\"async\" class=\"img-responsive wcms-image-layout\"   src=\"https:\/\/www.europesays.com\/de\/wp-content\/uploads\/2026\/07\/Ein-15-Jaehriger-faehrt-illegal-Auto-missachtet-etliche-1344215m.jpg\" loading=\"lazy\" title=\"Wilde Verfolgungsjagd: 15-J\u00e4hriger kracht mit Auto in Restaurant\" alt=\"Ein 15-J\u00e4hriger f\u00e4hrt illegal Auto, missachtet etliche Verkehrsregeln und crasht in ein Restaurant. (Symbolbild)\" style=\"object-position:47.44608399545970201% 32.260231512679546029%;\"\/>&#13;<br \/>\n            <\/a>&#13;<\/p>\n<p>        &#13;<br \/>\n          Blaulicht&#13;<\/p>\n<p>            <a title=\"In Merkliste \u00fcbernehmen\" aria-label=\"In Merkliste \u00fcbernehmen\" rel=\"nofollow noopener\" href=\"https:\/\/www.tageblatt.de\/Nachrichten\/javascript: FI.Wcms.News.Modules.CWatchListModules.AddToWatchList(\" target=\"_blank\">&#13;<br \/>\n              &#13;<br \/>\n                &#13;<br \/>\n              &#13;<br \/>\n            <\/a><br \/>\n          &#13;<br \/>\n          &#13;<br \/>\n            &#13;<br \/>\n            <a title=\"Wilde Verfolgungsjagd: 15-J\u00e4hriger kracht mit Auto in Restaurant\" href=\"https:\/\/www.tageblatt.de\/Nachrichten\/Junge-fluechtet-mit-Auto-vor-Polizei-und-kracht-in-Restaurant-753503.html\" rel=\"nofollow noopener\" target=\"_blank\">Wilde Verfolgungsjagd: 15-J\u00e4hriger kracht mit Auto in Restaurant<\/a>&#13;<br \/>\n          &#13;<\/p>\n<p>    &#13;<\/p>\n<p>  &#13;<\/p>\n<p>          &#13;<br \/>\n            <a href=\"https:\/\/www.tageblatt.de\/Nachrichten\/S-Bahn-kollidiert-mit-Baum-25-Reisende-evakuiert-753605.html\" rel=\"nofollow noopener\" target=\"_blank\">&#13;<br \/>\n              <img decoding=\"async\" class=\"img-responsive wcms-image-layout\"   src=\"https:\/\/www.europesays.com\/de\/wp-content\/uploads\/2026\/07\/Etwa-25-Reisende-wurden-am-Freitagmittag-aus-dem-Zug-1344145m.jpg\" loading=\"lazy\" title=\"S-Bahn kollidiert mit Baum \u2013 25 Reisende evakuiert\" alt=\"Etwa 25 Reisende wurden am Freitagmittag aus dem Zug evakuiert. (Symbolbild)\" style=\"object-position:28.7109375% 52.693310165073846463%;\"\/>&#13;<br \/>\n            <\/a>&#13;<\/p>\n<p>        &#13;<br \/>\n          Blaulicht&#13;<\/p>\n<p>            <a title=\"In Merkliste \u00fcbernehmen\" aria-label=\"In Merkliste \u00fcbernehmen\" rel=\"nofollow noopener\" href=\"https:\/\/www.tageblatt.de\/Nachrichten\/javascript: FI.Wcms.News.Modules.CWatchListModules.AddToWatchList(\" target=\"_blank\">&#13;<br \/>\n              &#13;<br \/>\n                &#13;<br \/>\n              &#13;<br \/>\n            <\/a><br \/>\n          &#13;<br \/>\n          &#13;<br \/>\n            &#13;<br \/>\n            <a title=\"S-Bahn kollidiert mit Baum \u2013 25 Reisende evakuiert\" href=\"https:\/\/www.tageblatt.de\/Nachrichten\/S-Bahn-kollidiert-mit-Baum-25-Reisende-evakuiert-753605.html\" rel=\"nofollow noopener\" target=\"_blank\">S-Bahn kollidiert mit Baum \u2013 25 Reisende evakuiert<\/a>&#13;<br \/>\n          &#13;<\/p>\n<p>    &#13;<\/p>\n<p>  &#13;<\/p>\n<p>          &#13;<br \/>\n            <a href=\"https:\/\/www.tageblatt.de\/Nachrichten\/87-Jaehriger-bei-Abbiegeunfall-lebensgefaehrlich-verletzt-753458.html\" rel=\"nofollow noopener\" target=\"_blank\">&#13;<br \/>\n              <img decoding=\"async\" class=\"img-responsive wcms-image-layout\"   src=\"https:\/\/www.europesays.com\/de\/wp-content\/uploads\/2026\/07\/Der-87-Jahre-alte-Autofahrer-wurde-mit-einem-1343786m.jpg\" loading=\"lazy\" title=\"87-J\u00e4hriger bei Abbiegeunfall lebensgef\u00e4hrlich verletzt\" alt=\"Der 87 Jahre alte Autofahrer wurde mit einem Rettungshubschrauber in eine Klinik gebracht. (Symbolbild)\" style=\"object-position:50.02442598925256334% 50.043440486533448563%;\"\/>&#13;<br \/>\n            <\/a>&#13;<\/p>\n<p>        &#13;<br \/>\n          Blaulicht&#13;<\/p>\n<p>            <a title=\"In Merkliste \u00fcbernehmen\" aria-label=\"In Merkliste \u00fcbernehmen\" rel=\"nofollow noopener\" href=\"https:\/\/www.tageblatt.de\/Nachrichten\/javascript: FI.Wcms.News.Modules.CWatchListModules.AddToWatchList(\" c5b8116f-233c-40d0-9f90-07fe97d1dfeb=\"\" target=\"_blank\">&#13;<br \/>\n              &#13;<br \/>\n                &#13;<br \/>\n              &#13;<br \/>\n            <\/a><br \/>\n          &#13;<br \/>\n          &#13;<br \/>\n            &#13;<br \/>\n            <a title=\"87-J\u00e4hriger bei Abbiegeunfall lebensgef\u00e4hrlich verletzt\" href=\"https:\/\/www.tageblatt.de\/Nachrichten\/87-Jaehriger-bei-Abbiegeunfall-lebensgefaehrlich-verletzt-753458.html\" rel=\"nofollow noopener\" target=\"_blank\">87-J\u00e4hriger bei Abbiegeunfall lebensgef\u00e4hrlich verletzt<\/a>&#13;<br \/>\n          &#13;<\/p>\n<p>    &#13;<\/p>\n<p>  &#13;<\/p>\n<p>          &#13;<br \/>\n            <a href=\"https:\/\/www.tageblatt.de\/Nachrichten\/Autokauf-eskaliert-Verfolgungsfahrt-endet-mit-Unfall-753380.html\" rel=\"nofollow noopener\" target=\"_blank\">&#13;<br \/>\n              <img decoding=\"async\" class=\"img-responsive wcms-image-layout\"   src=\"https:\/\/www.europesays.com\/de\/wp-content\/uploads\/2026\/07\/-Eine-50-Jaehrige-startete-den-Wagen-mit-einem-1343528m.jpg\" loading=\"lazy\" title=\"Autokauf eskaliert \u2013 Verfolgungsfahrt endet mit Unfall\" alt=\" Eine 50-J\u00e4hrige startete den Wagen mit einem Zweitschl\u00fcssel und fuhr los. (Symbolbild)\"\/>&#13;<br \/>\n            <\/a>&#13;<\/p>\n<p>        &#13;<br \/>\n          Blaulicht&#13;<\/p>\n<p>            <a title=\"In Merkliste \u00fcbernehmen\" aria-label=\"In Merkliste \u00fcbernehmen\" rel=\"nofollow noopener\" href=\"https:\/\/www.tageblatt.de\/Nachrichten\/javascript: FI.Wcms.News.Modules.CWatchListModules.AddToWatchList(\" target=\"_blank\">&#13;<br \/>\n              &#13;<br \/>\n                &#13;<br \/>\n              &#13;<br \/>\n            <\/a><br \/>\n          &#13;<br \/>\n          &#13;<br \/>\n            &#13;<br \/>\n            <a title=\"Autokauf eskaliert \u2013 Verfolgungsfahrt endet mit Unfall\" href=\"https:\/\/www.tageblatt.de\/Nachrichten\/Autokauf-eskaliert-Verfolgungsfahrt-endet-mit-Unfall-753380.html\" rel=\"nofollow noopener\" target=\"_blank\">Autokauf eskaliert \u2013 Verfolgungsfahrt endet mit Unfall<\/a>&#13;<br \/>\n          &#13;<\/p>\n<p>    &#13;<\/p>\n<p>  &#13;<\/p>\n<p>          &#13;<br \/>\n            <a href=\"https:\/\/www.tageblatt.de\/Nachrichten\/Mann-faellt-durch-Hallendach-acht-Meter-in-die-Tiefe-tot-753335.html\" rel=\"nofollow noopener\" target=\"_blank\">&#13;<br \/>\n              <img decoding=\"async\" class=\"img-responsive wcms-image-layout\"   src=\"https:\/\/www.europesays.com\/de\/wp-content\/uploads\/2026\/07\/Rettungskraefte-brachten-den-Mann-in-ein-Krankenhaus-wo-er-1343334m.jpg\" loading=\"lazy\" title=\"Mann f\u00e4llt acht Meter in die Tiefe \u2013 tot\" alt=\"Rettungskr\u00e4fte brachten den Mann in ein Krankenhaus, wo er sp\u00e4ter starb. (Symbolbild)\" style=\"object-position:48.974609375% 50.043440486533448563%;\"\/>&#13;<br \/>\n            <\/a>&#13;<\/p>\n<p>        &#13;<br \/>\n          Blaulicht&#13;<\/p>\n<p>            <a title=\"In Merkliste \u00fcbernehmen\" aria-label=\"In Merkliste \u00fcbernehmen\" rel=\"nofollow noopener\" href=\"https:\/\/www.tageblatt.de\/Nachrichten\/javascript: FI.Wcms.News.Modules.CWatchListModules.AddToWatchList(\" target=\"_blank\">&#13;<br \/>\n              &#13;<br \/>\n                &#13;<br \/>\n              &#13;<br \/>\n            <\/a><br \/>\n          &#13;<br \/>\n          &#13;<br \/>\n            &#13;<br \/>\n            <a title=\"Mann f\u00e4llt acht Meter in die Tiefe \u2013 tot\" href=\"https:\/\/www.tageblatt.de\/Nachrichten\/Mann-faellt-durch-Hallendach-acht-Meter-in-die-Tiefe-tot-753335.html\" rel=\"nofollow noopener\" target=\"_blank\">Mann f\u00e4llt acht Meter in die Tiefe \u2013 tot<\/a>&#13;<br \/>\n          &#13;<\/p>\n<p>    &#13;<\/p>\n<p>  &#13;<\/p>\n<p>          &#13;<br \/>\n            <a href=\"https:\/\/www.tageblatt.de\/Nachrichten\/Drogen-im-Wert-von-zwoelf-Millionen-Euro-im-Hafen-entdeckt-753224.html\" rel=\"nofollow noopener\" target=\"_blank\">&#13;<br \/>\n              <img decoding=\"async\" class=\"img-responsive wcms-image-layout\"   src=\"https:\/\/www.europesays.com\/de\/wp-content\/uploads\/2026\/07\/Die-Ermittler-sicherten-die-Drogen-im-Hamburger-Hafen-1343109m.jpg\" loading=\"lazy\" title=\"Hamburger Hafen: Ermittler entdecken Drogen im Wert von zw\u00f6lf Millionen Euro\" alt=\"Die Ermittler sicherten die Drogen im Hamburger Hafen.\" style=\"object-position:49.97557401074743666% 50.043440486533455669%;\"\/>&#13;<br \/>\n            <\/a>&#13;<\/p>\n<p>        &#13;<br \/>\n          Blaulicht&#13;<\/p>\n<p>            <a title=\"In Merkliste \u00fcbernehmen\" aria-label=\"In Merkliste \u00fcbernehmen\" rel=\"nofollow noopener\" href=\"https:\/\/www.tageblatt.de\/Nachrichten\/javascript: FI.Wcms.News.Modules.CWatchListModules.AddToWatchList(\" d8d607e3-4a26-4d27-b025-a9f8e250c54c=\"\" target=\"_blank\">&#13;<br \/>\n              &#13;<br \/>\n                &#13;<br \/>\n              &#13;<br \/>\n            <\/a><br \/>\n          &#13;<br \/>\n          &#13;<br \/>\n            &#13;<br \/>\n            <a title=\"Hamburger Hafen: Ermittler entdecken Drogen im Wert von zw\u00f6lf Millionen Euro\" href=\"https:\/\/www.tageblatt.de\/Nachrichten\/Drogen-im-Wert-von-zwoelf-Millionen-Euro-im-Hafen-entdeckt-753224.html\" rel=\"nofollow noopener\" target=\"_blank\">Hamburger Hafen: Ermittler entdecken Drogen im Wert von zw\u00f6lf Millionen Euro<\/a>&#13;<br \/>\n          &#13;<\/p>\n<p>    &#13;<\/p>\n","protected":false},"excerpt":{"rendered":"&#13; Hamburg. In einer Hamburger M\u00fcllverbrennungsanlage ist Salzs\u00e4ure ausgetreten. Durch die Hitze in der Anlage habe sich dann&hellip;\n","protected":false},"author":2,"featured_media":1143374,"comment_status":"","ping_status":"","sticky":false,"template":"","format":"standard","meta":{"footnotes":"","_share_on_mastodon":"0"},"categories":[1826],"tags":[18582,5738,29,30,692,4338],"class_list":["post-1143373","post","type-post","status-publish","format-standard","has-post-thumbnail","category-hamburg","tag-mll","tag-chemie","tag-deutschland","tag-germany","tag-hamburg","tag-notfall"],"share_on_mastodon":{"url":"https:\/\/pubeurope.com\/@de\/116864279866615938","error":""},"_links":{"self":[{"href":"https:\/\/www.europesays.com\/de\/wp-json\/wp\/v2\/posts\/1143373","targetHints":{"allow":["GET"]}}],"collection":[{"href":"https:\/\/www.europesays.com\/de\/wp-json\/wp\/v2\/posts"}],"about":[{"href":"https:\/\/www.europesays.com\/de\/wp-json\/wp\/v2\/types\/post"}],"author":[{"embeddable":true,"href":"https:\/\/www.europesays.com\/de\/wp-json\/wp\/v2\/users\/2"}],"replies":[{"embeddable":true,"href":"https:\/\/www.europesays.com\/de\/wp-json\/wp\/v2\/comments?post=1143373"}],"version-history":[{"count":0,"href":"https:\/\/www.europesays.com\/de\/wp-json\/wp\/v2\/posts\/1143373\/revisions"}],"wp:featuredmedia":[{"embeddable":true,"href":"https:\/\/www.europesays.com\/de\/wp-json\/wp\/v2\/media\/1143374"}],"wp:attachment":[{"href":"https:\/\/www.europesays.com\/de\/wp-json\/wp\/v2\/media?parent=1143373"}],"wp:term":[{"taxonomy":"category","embeddable":true,"href":"https:\/\/www.europesays.com\/de\/wp-json\/wp\/v2\/categories?post=1143373"},{"taxonomy":"post_tag","embeddable":true,"href":"https:\/\/www.europesays.com\/de\/wp-json\/wp\/v2\/tags?post=1143373"}],"curies":[{"name":"wp","href":"https:\/\/api.w.org\/{rel}","templated":true}]}}