{"id":1143415,"date":"2026-07-04T23:44:28","date_gmt":"2026-07-04T23:44:28","guid":{"rendered":"https:\/\/www.europesays.com\/de\/1143415\/"},"modified":"2026-07-04T23:44:28","modified_gmt":"2026-07-04T23:44:28","slug":"2-fussball-bundesliga-holstein-kiel-mit-niederlage-zum-testspielauftakt-sport","status":"publish","type":"post","link":"https:\/\/www.europesays.com\/de\/1143415\/","title":{"rendered":"2. Fu\u00dfball-Bundesliga &#8211; Holstein Kiel mit Niederlage zum Testspielauftakt &#8211; Sport"},"content":{"rendered":"<p data-manual=\"paragraph\" data-schema-org-speakable=\"true\" class=\"css-1eosz7k\">Kiel (dpa\/lno) &#8211; <a href=\"https:\/\/www.sueddeutsche.de\/thema\/Holstein_Kiel\" rel=\"nofollow noopener\" target=\"_blank\">Holstein Kiel<\/a> hat zum Auftakt der Testspielserie in der Saisonvorbereitung die erste Niederlage kassiert. Mit 1:3 (0:2) unterlagen der personell noch dezimierte <a href=\"https:\/\/www.sueddeutsche.de\/thema\/Fu%C3%9Fball\" rel=\"nofollow noopener\" target=\"_blank\">Fu\u00dfball<\/a>-Zweitligist im heimischen Trainingscenter im Duell gegen den d\u00e4nischen Zweitligisten FC Fredericia. Trotz einer Leistungssteigerung in Halbzeit zwei traf lediglich KSV-Torj\u00e4ger Phil Harres (59.) zum zwischenzeitlichen 1:2-Anschluss.<\/p>\n<p data-manual=\"paragraph\" data-schema-org-speakable=\"true\" class=\"css-1eosz7k\">Das Ergebnis sei zweitrangig, sagte Holstein-Trainer Tim Walter nach dem Abpfiff. Die Mannschaft habe eine intensive Trainingswoche hinter sich. Und auch f\u00fcr die kommenden Tage versprach der 50 Jahre alte Coach harte und anstrengende Arbeit.\u00a0<\/p>\n<p>Zugang Schonlau als Zuschauer<\/p>\n<p data-manual=\"paragraph\" data-schema-org-speakable=\"true\" class=\"css-1eosz7k\">Abseits der offenkundig noch mangelnden Konsequenz in Abwehr und Angriff stand derweil ein Mann in Zivil am Seitenrand im Kieler Fokus: Sebastian Schonlau, dessen Verpflichtung am Samstagvormittag offiziell best\u00e4tigt worden war. Der 31 Jahre alte Innenverteidiger kommt abl\u00f6sefrei vom MSL-Vizemeister Vancouver Whitecaps, hat an der F\u00f6rde einen leistungsbezogenen Vertrag unterschrieben und genie\u00dft bei Walter ein hohes Ansehen.<\/p>\n<p data-manual=\"paragraph\" data-schema-org-speakable=\"true\" class=\"css-1eosz7k\">Schonlau, seit Donnerstag an der F\u00f6rde, trug in seiner Zeit beim Hamburger SV (2021 bis 2025\/115 Pflichtspiele) unter Walters Regie drei Jahre lang als Abwehrchef die Kapit\u00e4nsbinde. In Kiel trifft der Routinier auf seinen langj\u00e4hrigen HSV-Kollegen und gleichaltrigen Freund Jonas Meffert, der als Stratege im defensiven zentralen Mittelfeld ebenfalls zu den Eckpfeilern in Walters Spielphilosophie z\u00e4hlt.<\/p>\n<p>Keine Bedenken wegen Achillessehnen- und Wadenproblemen<\/p>\n<p data-manual=\"paragraph\" data-schema-org-speakable=\"true\" class=\"css-1eosz7k\">Dass Schonlau in Kanada an der Seite von 2014-Weltmeister Thomas M\u00fcller binnen knapp zw\u00f6lf Monaten aufgrund von Achillessehnen- und Wadenproblemen lediglich ein Pflichtspiel bestreiten konnte, bewerten weder Sportchef Olaf Rebbe noch Walter als Risiko.\u00a0<\/p>\n<p data-manual=\"paragraph\" data-schema-org-speakable=\"true\" class=\"css-1eosz7k\">Aus medizinischer Sicht sei alles auf den Pr\u00fcfstand gestellt worden. \u201eSo wie er aussieht, ist er fit. Aber ihm fehlt halt die Matchpraxis. Da m\u00fcssen wir schon noch ein bisschen die Bremse reinhauen\u201c, sagte Walter \u00fcber seine potenzielle F\u00fchrungskraft: \u201eDass er uns weiterhelfen kann, ist aber ganz klar. In allem, ob das in der Kabine ist, auf dem Feld oder im Training. Nat\u00fcrlich kann er auch mir da helfen, vor allem aber dem Team.\u201c<\/p>\n<p data-manual=\"paragraph\" data-schema-org-speakable=\"true\" class=\"css-1eosz7k\">\u00a9 dpa-infocom, dpa:260704-930-334269\/1<\/p>\n","protected":false},"excerpt":{"rendered":"Kiel (dpa\/lno) &#8211; Holstein Kiel hat zum Auftakt der Testspielserie in der Saisonvorbereitung die erste Niederlage kassiert. Mit&hellip;\n","protected":false},"author":2,"featured_media":1143416,"comment_status":"","ping_status":"","sticky":false,"template":"","format":"standard","meta":{"footnotes":"","_share_on_mastodon":"0"},"categories":[1852],"tags":[621,3364,29,548,663,3934,347,30,13,10243,88811,4949,14,15,12,1971,265,149],"class_list":["post-1143415","post","type-post","status-publish","format-standard","has-post-thumbnail","category-kiel","tag-2-bundesliga","tag-de","tag-deutschland","tag-eu","tag-europa","tag-europe","tag-fussball","tag-germany","tag-headlines","tag-holstein-kiel","tag-holstein-stadion","tag-kiel","tag-nachrichten","tag-news","tag-schlagzeilen","tag-schleswig-holstein","tag-sport","tag-sueddeutsche-zeitung"],"share_on_mastodon":{"url":"https:\/\/pubeurope.com\/@de\/116864369595739761","error":""},"_links":{"self":[{"href":"https:\/\/www.europesays.com\/de\/wp-json\/wp\/v2\/posts\/1143415","targetHints":{"allow":["GET"]}}],"collection":[{"href":"https:\/\/www.europesays.com\/de\/wp-json\/wp\/v2\/posts"}],"about":[{"href":"https:\/\/www.europesays.com\/de\/wp-json\/wp\/v2\/types\/post"}],"author":[{"embeddable":true,"href":"https:\/\/www.europesays.com\/de\/wp-json\/wp\/v2\/users\/2"}],"replies":[{"embeddable":true,"href":"https:\/\/www.europesays.com\/de\/wp-json\/wp\/v2\/comments?post=1143415"}],"version-history":[{"count":0,"href":"https:\/\/www.europesays.com\/de\/wp-json\/wp\/v2\/posts\/1143415\/revisions"}],"wp:featuredmedia":[{"embeddable":true,"href":"https:\/\/www.europesays.com\/de\/wp-json\/wp\/v2\/media\/1143416"}],"wp:attachment":[{"href":"https:\/\/www.europesays.com\/de\/wp-json\/wp\/v2\/media?parent=1143415"}],"wp:term":[{"taxonomy":"category","embeddable":true,"href":"https:\/\/www.europesays.com\/de\/wp-json\/wp\/v2\/categories?post=1143415"},{"taxonomy":"post_tag","embeddable":true,"href":"https:\/\/www.europesays.com\/de\/wp-json\/wp\/v2\/tags?post=1143415"}],"curies":[{"name":"wp","href":"https:\/\/api.w.org\/{rel}","templated":true}]}}