{"id":1143771,"date":"2026-07-05T03:59:29","date_gmt":"2026-07-05T03:59:29","guid":{"rendered":"https:\/\/www.europesays.com\/de\/1143771\/"},"modified":"2026-07-05T03:59:29","modified_gmt":"2026-07-05T03:59:29","slug":"pol-aa-pressebericht-rems-murr-kreis-blicklokal","status":"publish","type":"post","link":"https:\/\/www.europesays.com\/de\/1143771\/","title":{"rendered":"POL-AA: Pressebericht Rems-Murr-Kreis \u2013 BlickLokal"},"content":{"rendered":"<p><a data-category=\"citylink-story-view\" data-action=\"click\" data-label=\"Citylink in Meldungsansicht\" class=\"story-city event-trigger\" href=\"https:\/\/www.presseportal.de\/regional\/Aalen\" title=\"News aus Aalen\" rel=\"nofollow noopener\" target=\"_blank\">Aalen<\/a> (ots)<\/p>\n<p>Backnang: Vorfahrt missachtet<\/p>\n<p>Am Freitag gegen 17:05 Uhr fuhr ein 55-j\u00e4hriger Lenker eines Ford Tourneo auf der Karnsberger Stra\u00dfe. An der Kreuzung zur Erich-Schumm-Stra\u00dfe missachtete er die Vorfahrt eines 26-j\u00e4hrigen VW Lenkers. Durch den Zusammensto\u00df wurden beide Fahrzeuge derart besch\u00e4digt, dass sie abgeschleppt werden mussten. Der Gesamtschaden bel\u00e4uft sich auf ca. 25.000 Euro. Ein 11-j\u00e4hriges M\u00e4dchen im Fahrzeug des Verursachers wurde leicht verletzt.<\/p>\n<p>Backnang: Mit Pickup gefl\u00fcchtet<\/p>\n<p>Am Freitag kurz vor 21:00 Uhr durchfuhr der 50-j\u00e4hrige Lenker eines Nissan Pickups den Kreisverkehr in der Weissacher Stra\u00dfe. Als er diesen wiederholt umrundete verlor er die Kontrolle \u00fcber sein Fahrzeug.  Er stie\u00df in der Folge gegen Schutzplanke am rechten Fahrbahnrand und besch\u00e4digte diese. Der verursachte Sachschaden wird auf 2.500 Euro gesch\u00e4tzt. Anschlie\u00dfend setzte der Verursacher seine Fahrt fort. Der Verursacher konnte nachtr\u00e4glich ermittelt werden. Aufgrund einer m\u00f6glichen Alkoholbeeinflussung wurde beim Verursacher eine Blutentnahme durchgef\u00fchrt. Zeugen werden gebeten sich beim Polizeirevier Backnang unter der Telefonnummer 07191 9090 zu melden.<\/p>\n<p class=\"contact-headline\">R\u00fcckfragen bitte an:<\/p>\n<p class=\"contact-text\">Polizeipr\u00e4sidium Aalen<br \/>-F\u00fchrungs- und Lagezentrum\/PvD-<br \/>B\u00f6hmerwaldstra\u00dfe 20<br \/>73431 Aalen<br \/>Telefon: (+49) 7361\/5800<br \/>E-Mail: <a href=\"https:\/\/www.blicklokal.de\/pol-aa-pressebericht-rems-murr-kreis-3\/mailto:Aalen.pp@polizei.bwl.de\" class=\"uri-mailto\" rel=\"nofollow noopener\" target=\"_blank\">Aalen.pp@polizei.bwl.de<\/a><br \/><a target=\"_blank\" class=\"uri-ext outbound\" rel=\"noopener nofollow\" href=\"https:\/\/www.polizei-bw.de\/\">https:\/\/www.polizei-bw.de\/<\/a><\/p>\n<p class=\"originator\">Original-Content von: Polizeipr\u00e4sidium Aalen, \u00fcbermittelt durch news aktuell<\/p>\n","protected":false},"excerpt":{"rendered":"Aalen (ots) Backnang: Vorfahrt missachtet Am Freitag gegen 17:05 Uhr fuhr ein 55-j\u00e4hriger Lenker eines Ford Tourneo auf&hellip;\n","protected":false},"author":2,"featured_media":1115143,"comment_status":"","ping_status":"","sticky":false,"template":"","format":"standard","meta":{"footnotes":"","_share_on_mastodon":"0"},"categories":[1830],"tags":[40332,40331,12277,1634,40330,40337,3364,29,4447,30,40333,14,15,40335,40329,40334,23879,1441,3866,40336,40328],"class_list":["post-1143771","post","type-post","status-publish","format-standard","has-post-thumbnail","category-stuttgart","tag-anzeigenblatt-main-tauber","tag-anzeigenblatt-neckar-odenwald","tag-anzeigenwerbung","tag-baden-wuerttemberg","tag-beilagenwerbung-wertheim","tag-blicklokal","tag-de","tag-deutschland","tag-events","tag-germany","tag-kleinanzeigen-main-tauber","tag-nachrichten","tag-news","tag-printwerbung-main-tauber","tag-prospektbeilage-tauberbischofsheim","tag-prospektverteilung-tauberbischofsheim","tag-rothenburg-ob-der-tauber","tag-stuttgart","tag-veranstaltungen","tag-wertheim","tag-wochenzeitung-main-tauber"],"share_on_mastodon":{"url":"https:\/\/pubeurope.com\/@de\/116865372514162479","error":""},"_links":{"self":[{"href":"https:\/\/www.europesays.com\/de\/wp-json\/wp\/v2\/posts\/1143771","targetHints":{"allow":["GET"]}}],"collection":[{"href":"https:\/\/www.europesays.com\/de\/wp-json\/wp\/v2\/posts"}],"about":[{"href":"https:\/\/www.europesays.com\/de\/wp-json\/wp\/v2\/types\/post"}],"author":[{"embeddable":true,"href":"https:\/\/www.europesays.com\/de\/wp-json\/wp\/v2\/users\/2"}],"replies":[{"embeddable":true,"href":"https:\/\/www.europesays.com\/de\/wp-json\/wp\/v2\/comments?post=1143771"}],"version-history":[{"count":0,"href":"https:\/\/www.europesays.com\/de\/wp-json\/wp\/v2\/posts\/1143771\/revisions"}],"wp:featuredmedia":[{"embeddable":true,"href":"https:\/\/www.europesays.com\/de\/wp-json\/wp\/v2\/media\/1115143"}],"wp:attachment":[{"href":"https:\/\/www.europesays.com\/de\/wp-json\/wp\/v2\/media?parent=1143771"}],"wp:term":[{"taxonomy":"category","embeddable":true,"href":"https:\/\/www.europesays.com\/de\/wp-json\/wp\/v2\/categories?post=1143771"},{"taxonomy":"post_tag","embeddable":true,"href":"https:\/\/www.europesays.com\/de\/wp-json\/wp\/v2\/tags?post=1143771"}],"curies":[{"name":"wp","href":"https:\/\/api.w.org\/{rel}","templated":true}]}}