{"id":1143863,"date":"2026-07-05T04:56:22","date_gmt":"2026-07-05T04:56:22","guid":{"rendered":"https:\/\/www.europesays.com\/de\/1143863\/"},"modified":"2026-07-05T04:56:22","modified_gmt":"2026-07-05T04:56:22","slug":"trump-telefoniert-mit-putin-und-selenskyj-es-ging-um-das-kriegsende","status":"publish","type":"post","link":"https:\/\/www.europesays.com\/de\/1143863\/","title":{"rendered":"Trump telefoniert mit Putin und Selenskyj: Es ging um das Kriegsende"},"content":{"rendered":"<p>US-Pr\u00e4sident spricht auch mit Selenskyj <\/p>\n<p>Putin spricht im Telefonat mit Trump von &#8222;selbstbewusstem&#8220; Vorr\u00fccken<\/p>\n<p>05.07.2026 &#8211; 06:44 UhrLesedauer: 2 Min.<\/p>\n<p><a href=\"#focus-0\" class=\"transition-colors block text-current relative\" data-sctrack=\"FocusGalleryImage.Reference\"><img fetchpriority=\"high\" data-testid=\"Opener.Image\"   loading=\"eager\" src=\"https:\/\/www.europesays.com\/de\/wp-content\/uploads\/2026\/06\/die-vermittlungsbemuehungen-der-usa-sind-inzwischen-erlahmt-archivbild.jpg\" alt=\"Treffen von Trump und Putin\" title=\"Treffen von Trump und Putin\" width=\"2048\" height=\"1152\" class=\"bg-[url:var(--lqipURL)] bg-cover bg-center flex h-full w-full max-w-full\" style=\"--lqipURL:url('https:\/\/images.t-online.de\/2026\/06\/EKQy2jDjNxy5\/0x107:2048x1152\/fit-in\/150x0\/filters:blur(25)\/die-vermittlungsbemuehungen-der-usa-sind-inzwischen-erlahmt-archivbild.jpg')\" decoding=\"async\"\/><img loading=\"lazy\" src=\"https:\/\/www.t-online.de\/s\/paper\/_next\/static\/media\/zoom-in.f7dae02f.svg\" alt=\"Vergr\u00f6\u00dfern des Bildes\" title=\"Vergr\u00f6\u00dfern des Bildes\" class=\"block h-[calc(var(--height)_\/_16_*_1rem)] w-[calc(var(--width)_\/_16_*_1rem)] max-w-none absolute right-8 bottom-8 rounded-4 bg-snow p-8\" style=\"--width:32;--height:32\" decoding=\"async\"\/><\/a><\/p>\n<p>Wladimir Putin und Donald Trump (Archivbild): Sie haben miteinander telefoniert. (Quelle: Julia Demaree Nikhinson\/AP\/dpa\/dpa-bilder)<\/p>\n<p><img loading=\"lazy\" src=\"https:\/\/www.t-online.de\/s\/paper\/_next\/static\/media\/audio-volume.6689034c.svg\" alt=\"\" title=\"\" class=\"block h-[calc(var(--height)_\/_16_*_1rem)] w-[calc(var(--width)_\/_16_*_1rem)] max-w-none group-hover:brightness-0 group-hover:invert\" style=\"--width:16;--height:16\" decoding=\"async\"\/>Vorlesen<\/p>\n<p>Aktuelle Zeit:0:00Gesamtdauer:0:00<\/p>\n<p>1x<\/p>\n<p class=\"text-center\">Jetzt neu bei t-online:<\/p>\n<p class=\"text-center\">Schriftgr\u00f6\u00dfe anpassen!<\/p>\n<p><img loading=\"lazy\" src=\"https:\/\/www.t-online.de\/s\/paper\/_next\/static\/media\/font-sizes.32942e33.svg\" alt=\"\" title=\"\" class=\"block h-[calc(var(--height)_\/_16_*_1rem)] w-[calc(var(--width)_\/_16_*_1rem)] max-w-none group-hover:hidden group-aria-expanded:hidden\" style=\"--width:16;--height:16\" decoding=\"async\"\/><img loading=\"lazy\" src=\"https:\/\/www.t-online.de\/s\/paper\/_next\/static\/media\/font-sizes-dark-mode.e382645c.svg\" alt=\"\" title=\"\" class=\"block h-[calc(var(--height)_\/_16_*_1rem)] w-[calc(var(--width)_\/_16_*_1rem)] max-w-none hidden group-hover:block group-aria-expanded:block\" style=\"--width:16;--height:16\" decoding=\"async\"\/><img loading=\"lazy\" src=\"https:\/\/www.t-online.de\/s\/paper\/_next\/static\/media\/sharing-menu-icon.1eb71368.svg\" alt=\"\" title=\"\" class=\"block h-[calc(var(--height)_\/_16_*_1rem)] w-[calc(var(--width)_\/_16_*_1rem)] max-w-none group-hover:brightness-0 group-hover:invert\" style=\"--width:16;--height:16\" decoding=\"async\"\/>Artikel teilen<\/p>\n<p class=\"font-bold text-18 leading-17 user-text-lg:text-22 user-text-xl:text-24\">Donald Trump hat mit Wladimir Putin und Wolodymyr Selenskyj telefoniert. Der Kremlchef wollte Trump vom Vorr\u00fccken seiner Truppen \u00fcberzeugen.<\/p>\n<p class=\"text-18 leading-17 user-text-lg:text-22 user-text-xl:text-24\">Vor dem Nato-Gipfel in <a href=\"https:\/\/www.t-online.de\/themen\/ankara\/\" class=\"transition-colors cursor-pointer no-underline md:hover:text-magenta md:focus:text-magenta border-b border-solid border-current text-salemsfur md:hover:border-magenta\" data-tracking=\"{&quot;action&quot;:&quot;click&quot;,&quot;category&quot;:&quot;intextLink&quot;,&quot;label&quot;:&quot;\/themen\/ankara\/&quot;}\" data-sctrack=\"BodyAnchor\" rel=\"nofollow noopener\" target=\"_blank\">Ankara<\/a> haben sowohl Kremlchef <a href=\"https:\/\/www.t-online.de\/themen\/wladimir-putin\/\" class=\"transition-colors cursor-pointer no-underline md:hover:text-magenta md:focus:text-magenta border-b border-solid border-current text-salemsfur md:hover:border-magenta\" data-tracking=\"{&quot;action&quot;:&quot;click&quot;,&quot;category&quot;:&quot;intextLink&quot;,&quot;label&quot;:&quot;\/themen\/wladimir-putin\/&quot;}\" data-sctrack=\"BodyAnchor\" rel=\"nofollow noopener\" target=\"_blank\">Wladimir Putin<\/a> als auch der ukrainische Pr\u00e4sident <a href=\"https:\/\/www.t-online.de\/themen\/wolodymyr-selenskyj\/\" class=\"transition-colors cursor-pointer no-underline md:hover:text-magenta md:focus:text-magenta border-b border-solid border-current text-salemsfur md:hover:border-magenta\" data-tracking=\"{&quot;action&quot;:&quot;click&quot;,&quot;category&quot;:&quot;intextLink&quot;,&quot;label&quot;:&quot;\/themen\/wolodymyr-selenskyj\/&quot;}\" data-sctrack=\"BodyAnchor\" rel=\"nofollow noopener\" target=\"_blank\">Wolodymyr Selenskyj<\/a> mit US-Pr\u00e4sident <a href=\"https:\/\/www.t-online.de\/themen\/donald-trump\/\" class=\"transition-colors cursor-pointer no-underline md:hover:text-magenta md:focus:text-magenta border-b border-solid border-current text-salemsfur md:hover:border-magenta\" data-tracking=\"{&quot;action&quot;:&quot;click&quot;,&quot;category&quot;:&quot;intextLink&quot;,&quot;label&quot;:&quot;\/themen\/donald-trump\/&quot;}\" data-sctrack=\"BodyAnchor\" rel=\"nofollow noopener\" target=\"_blank\">Donald Trump<\/a> telefoniert. Trump und Putin h\u00e4tten mit Blick auf Trumps Teilnahme an dem Gipfel kommende Woche &#8222;\u00fcber die Frage einer L\u00f6sung in der Ukraine&#8220; gesprochen, sagte der russische Pr\u00e4sidentenberater Juri Uschakow laut der Nachrichtenagentur Ria Nowosti am Samstag. Selenskyj erkl\u00e4rte nach seinem Telefonat mit Trump, es bestehe &#8222;die Aussicht, den Krieg zu beenden&#8220;.<\/p>\n<p class=\"text-18 leading-17 user-text-lg:text-22 user-text-xl:text-24\">Putin habe in dem Telefonat &#8222;die aktuelle Lage auf dem Schlachtfeld&#8220; in der <a href=\"https:\/\/www.t-online.de\/themen\/ukraine\/\" class=\"transition-colors cursor-pointer no-underline md:hover:text-magenta md:focus:text-magenta border-b border-solid border-current text-salemsfur md:hover:border-magenta\" data-tracking=\"{&quot;action&quot;:&quot;click&quot;,&quot;category&quot;:&quot;intextLink&quot;,&quot;label&quot;:&quot;\/themen\/ukraine\/&quot;}\" data-sctrack=\"BodyAnchor\" rel=\"nofollow noopener\" target=\"_blank\">Ukraine<\/a> skizziert, &#8222;wo die russischen Streitkr\u00e4fte selbstbewusst vorr\u00fccken&#8220;, erkl\u00e4rte Uschakow. Trump und Putin h\u00e4tten in dem 85-min\u00fctigen Gespr\u00e4ch auch Themen wie den <a href=\"https:\/\/www.t-online.de\/themen\/iran\/\" class=\"transition-colors cursor-pointer no-underline md:hover:text-magenta md:focus:text-magenta border-b border-solid border-current text-salemsfur md:hover:border-magenta\" data-tracking=\"{&quot;action&quot;:&quot;click&quot;,&quot;category&quot;:&quot;intextLink&quot;,&quot;label&quot;:&quot;\/themen\/iran\/&quot;}\" data-sctrack=\"BodyAnchor\" rel=\"nofollow noopener\" target=\"_blank\">Iran<\/a> und die Golfregion er\u00f6rtert.<\/p>\n<ul class=\"text-18 leading-17 block pl-24 *:pb-16 *:before:inline-block *:before:size-8 *:before:bg-magenta *:before:mt-0 *:before:mr-12 *:before:mb-2 *:before:-ml-[20px]\">\n<li><strong class=\"font-bold\">Newsblog zum Krieg in der Ukraine:<\/strong> <a href=\"https:\/\/www.t-online.de\/nachrichten\/ukraine\/id_101318188\/news-zum-ukraine-krieg-ukraine-greift-putins-heimatstadt-an.html\" class=\"transition-colors cursor-pointer no-underline md:hover:text-magenta md:focus:text-magenta border-b border-solid border-current text-salemsfur md:hover:border-magenta\" data-tracking=\"{&quot;action&quot;:&quot;click&quot;,&quot;category&quot;:&quot;intextLink&quot;,&quot;label&quot;:&quot;\/nachrichten\/ukraine\/id_101318188\/news-zum-ukraine-krieg-ukraine-greift-putins-heimatstadt-an.html&quot;}\" data-sctrack=\"BodyAnchor\" rel=\"nofollow noopener\" target=\"_blank\">Die neuesten Entwicklungen im \u00dcberblick<\/a><\/li>\n<li><strong class=\"font-bold\">Schwerer Schlag:<\/strong> <a href=\"https:\/\/www.t-online.de\/video\/nachrichten\/politik\/id_101327228\/russland-greift-gefluegelbetrieb-in-cherson-an-grossbrand.html\" class=\"transition-colors cursor-pointer no-underline md:hover:text-magenta md:focus:text-magenta border-b border-solid border-current text-salemsfur md:hover:border-magenta\" data-tracking=\"{&quot;action&quot;:&quot;click&quot;,&quot;category&quot;:&quot;intextLink&quot;,&quot;label&quot;:&quot;\/video\/nachrichten\/politik\/id_101327228\/russland-greift-gefluegelbetrieb-in-cherson-an-grossbrand.html&quot;}\" data-sctrack=\"BodyAnchor\" rel=\"nofollow noopener\" target=\"_blank\">Russland l\u00f6st Inferno aus<\/a><\/li>\n<\/ul>\n<p class=\"text-18 leading-17 user-text-lg:text-22 user-text-xl:text-24\">Zuvor hatte bereits Selenskyj mitgeteilt, dass er mit Trump telefoniert habe. Anlass beider Telefonate sei der 250. Jahrestag der Unabh\u00e4ngigkeit der <a href=\"https:\/\/www.t-online.de\/themen\/usa\/\" class=\"transition-colors cursor-pointer no-underline md:hover:text-magenta md:focus:text-magenta border-b border-solid border-current text-salemsfur md:hover:border-magenta\" data-tracking=\"{&quot;action&quot;:&quot;click&quot;,&quot;category&quot;:&quot;intextLink&quot;,&quot;label&quot;:&quot;\/themen\/usa\/&quot;}\" data-sctrack=\"BodyAnchor\" rel=\"nofollow noopener\" target=\"_blank\">USA<\/a> gewesen, teilten <a href=\"https:\/\/www.t-online.de\/themen\/moskau\/\" class=\"transition-colors cursor-pointer no-underline md:hover:text-magenta md:focus:text-magenta border-b border-solid border-current text-salemsfur md:hover:border-magenta\" data-tracking=\"{&quot;action&quot;:&quot;click&quot;,&quot;category&quot;:&quot;intextLink&quot;,&quot;label&quot;:&quot;\/themen\/moskau\/&quot;}\" data-sctrack=\"BodyAnchor\" rel=\"nofollow noopener\" target=\"_blank\">Moskau<\/a> und <a href=\"https:\/\/www.t-online.de\/themen\/kiew\/\" class=\"transition-colors cursor-pointer no-underline md:hover:text-magenta md:focus:text-magenta border-b border-solid border-current text-salemsfur md:hover:border-magenta\" data-tracking=\"{&quot;action&quot;:&quot;click&quot;,&quot;category&quot;:&quot;intextLink&quot;,&quot;label&quot;:&quot;\/themen\/kiew\/&quot;}\" data-sctrack=\"BodyAnchor\" rel=\"nofollow noopener\" target=\"_blank\">Kiew<\/a> mit. Selenskyj erkl\u00e4rte im Onlinedienst X, er und Trump h\u00e4tten in dem &#8222;sehr guten Telefonat&#8220; den Krieg in der Ukraine er\u00f6rtert.<\/p>\n<p class=\"text-18 leading-17 user-text-lg:text-22 user-text-xl:text-24\">Sie h\u00e4tten &#8222;\u00fcber die aktuelle Lage an der Front sowie unsere diplomatischen Bem\u00fchungen gesprochen. Es besteht die Aussicht, diesen Krieg zu beenden, und die Entschlossenheit der USA ist entscheidend&#8220;, betonte der ukrainische Pr\u00e4sident.<\/p>\n<p class=\"text-18 leading-17 user-text-lg:text-22 user-text-xl:text-24\">Trump und er h\u00e4tten vereinbart, &#8222;die Gespr\u00e4che w\u00e4hrend des Nato-Gipfels in Ankara fortzusetzen&#8220;, f\u00fcgte er hinzu. Zu dem Gipfel in der t\u00fcrkischen Hauptstadt werden am Dienstag und Mittwoch Staats- und Regierungschefs aus 32 Staaten erwartet, darunter Trump und Bundeskanzler <a href=\"https:\/\/www.t-online.de\/themen\/friedrich-merz\/\" class=\"transition-colors cursor-pointer no-underline md:hover:text-magenta md:focus:text-magenta border-b border-solid border-current text-salemsfur md:hover:border-magenta\" data-tracking=\"{&quot;action&quot;:&quot;click&quot;,&quot;category&quot;:&quot;intextLink&quot;,&quot;label&quot;:&quot;\/themen\/friedrich-merz\/&quot;}\" data-sctrack=\"BodyAnchor\" rel=\"nofollow noopener\" target=\"_blank\">Friedrich Merz<\/a> (CDU).<\/p>\n<p class=\"text-18 leading-17 user-text-lg:text-22 user-text-xl:text-24\">Die Verhandlungen zwischen Moskau und Kiew \u00fcber eine Beendigung des seit mehr als vier Jahren andauernden Kriegs sind festgefahren. Moskau fordert den R\u00fcckzug ukrainischer Truppen aus der gesamten Region Donezk \u2013 Kiew lehnt dies ab.<\/p>\n","protected":false},"excerpt":{"rendered":"US-Pr\u00e4sident spricht auch mit Selenskyj Putin spricht im Telefonat mit Trump von &#8222;selbstbewusstem&#8220; Vorr\u00fccken 05.07.2026 &#8211; 06:44 UhrLesedauer:&hellip;\n","protected":false},"author":2,"featured_media":1143864,"comment_status":"","ping_status":"","sticky":false,"template":"","format":"standard","meta":{"footnotes":"","_share_on_mastodon":"0"},"categories":[4012],"tags":[326,331,332,1207,106,13,27713,5793,308,14,22256,15,38210,12,15605,317,312,64,306,107],"class_list":["post-1143863","post","type-post","status-publish","format-standard","has-post-thumbnail","category-ukraine","tag-326","tag-aktuelle-nachrichten","tag-aktuelle-news","tag-ankara","tag-donald-trump","tag-headlines","tag-juri-uschakow","tag-kiew","tag-moskau","tag-nachrichten","tag-nato-gipfel","tag-news","tag-ria-novosti","tag-schlagzeilen","tag-telefonat","tag-ukraine","tag-ukrainekrieg","tag-usa","tag-wladimir-putin","tag-wolodymyr-selenskyj"],"share_on_mastodon":{"url":"https:\/\/pubeurope.com\/@de\/116865597061554177","error":""},"_links":{"self":[{"href":"https:\/\/www.europesays.com\/de\/wp-json\/wp\/v2\/posts\/1143863","targetHints":{"allow":["GET"]}}],"collection":[{"href":"https:\/\/www.europesays.com\/de\/wp-json\/wp\/v2\/posts"}],"about":[{"href":"https:\/\/www.europesays.com\/de\/wp-json\/wp\/v2\/types\/post"}],"author":[{"embeddable":true,"href":"https:\/\/www.europesays.com\/de\/wp-json\/wp\/v2\/users\/2"}],"replies":[{"embeddable":true,"href":"https:\/\/www.europesays.com\/de\/wp-json\/wp\/v2\/comments?post=1143863"}],"version-history":[{"count":0,"href":"https:\/\/www.europesays.com\/de\/wp-json\/wp\/v2\/posts\/1143863\/revisions"}],"wp:featuredmedia":[{"embeddable":true,"href":"https:\/\/www.europesays.com\/de\/wp-json\/wp\/v2\/media\/1143864"}],"wp:attachment":[{"href":"https:\/\/www.europesays.com\/de\/wp-json\/wp\/v2\/media?parent=1143863"}],"wp:term":[{"taxonomy":"category","embeddable":true,"href":"https:\/\/www.europesays.com\/de\/wp-json\/wp\/v2\/categories?post=1143863"},{"taxonomy":"post_tag","embeddable":true,"href":"https:\/\/www.europesays.com\/de\/wp-json\/wp\/v2\/tags?post=1143863"}],"curies":[{"name":"wp","href":"https:\/\/api.w.org\/{rel}","templated":true}]}}