{"id":1143886,"date":"2026-07-05T05:17:54","date_gmt":"2026-07-05T05:17:54","guid":{"rendered":"https:\/\/www.europesays.com\/de\/1143886\/"},"modified":"2026-07-05T05:17:54","modified_gmt":"2026-07-05T05:17:54","slug":"max-morlock-stadion-nuernberg-stadt-will-es-fuer-200-millionen-euro-umbauen","status":"publish","type":"post","link":"https:\/\/www.europesays.com\/de\/1143886\/","title":{"rendered":"Max-Morlock-Stadion N\u00fcrnberg: Stadt will es f\u00fcr 200 Millionen Euro umbauen"},"content":{"rendered":"<p>F\u00fcr 200 Millionen Euro <\/p>\n<p>N\u00fcrnberg plant Vollumbau des Max-Morlock-Stadions<\/p>\n<p>03.07.2026Lesedauer: 1 Min.<\/p>\n<p><a href=\"#focus-0\" class=\"transition-colors block text-current relative\" data-sctrack=\"FocusGalleryImage.Reference\"><img fetchpriority=\"high\" data-testid=\"Opener.Image\"   loading=\"eager\" src=\"https:\/\/www.europesays.com\/de\/wp-content\/uploads\/2026\/07\/das-max-morlock-stadion-in-nuernberg-in-seinem-heutigen-ausbauzustand-archivbild.jpg\" alt=\"Max-Morlock-Stadion\" title=\"Max-Morlock-Stadion\" width=\"2048\" height=\"1152\" class=\"bg-[url:var(--lqipURL)] bg-cover bg-center flex h-full w-full max-w-full\" style=\"--lqipURL:url('https:\/\/images.t-online.de\/2026\/07\/7opzeY16tAM7\/0x20:2048x1152\/fit-in\/150x0\/filters:blur(25)\/das-max-morlock-stadion-in-nuernberg-in-seinem-heutigen-ausbauzustand-archivbild.jpg')\" decoding=\"async\"\/><img loading=\"lazy\" src=\"https:\/\/nuernberg.t-online.de\/s\/paper\/_next\/static\/media\/zoom-in.f7dae02f.svg\" alt=\"Vergr\u00f6\u00dfern des Bildes\" title=\"Vergr\u00f6\u00dfern des Bildes\" class=\"block h-[calc(var(--height)_\/_16_*_1rem)] w-[calc(var(--width)_\/_16_*_1rem)] max-w-none absolute right-8 bottom-8 rounded-4 bg-snow p-8\" style=\"--width:32;--height:32\" decoding=\"async\"\/><\/a><\/p>\n<p>Das Max-Morlock-Stadion in N\u00fcrnberg (Archivbild): Nach seinem Ausbau soll hier Platz f\u00fcr rund 50.000 Zuschauer sein. (Quelle: Daniel Karmann\/dpa\/dpa-bilder)<\/p>\n<p><img loading=\"lazy\" src=\"https:\/\/nuernberg.t-online.de\/s\/paper\/_next\/static\/media\/audio-volume.6689034c.svg\" alt=\"\" title=\"\" class=\"block h-[calc(var(--height)_\/_16_*_1rem)] w-[calc(var(--width)_\/_16_*_1rem)] max-w-none group-hover:brightness-0 group-hover:invert\" style=\"--width:16;--height:16\" decoding=\"async\"\/>Vorlesen<\/p>\n<p>Aktuelle Zeit:0:00Gesamtdauer:0:00<\/p>\n<p>1x<\/p>\n<p class=\"text-center\">Jetzt neu bei t-online:<\/p>\n<p class=\"text-center\">Schriftgr\u00f6\u00dfe anpassen!<\/p>\n<p><img loading=\"lazy\" src=\"https:\/\/nuernberg.t-online.de\/s\/paper\/_next\/static\/media\/font-sizes.32942e33.svg\" alt=\"\" title=\"\" class=\"block h-[calc(var(--height)_\/_16_*_1rem)] w-[calc(var(--width)_\/_16_*_1rem)] max-w-none group-hover:hidden group-aria-expanded:hidden\" style=\"--width:16;--height:16\" decoding=\"async\"\/><img loading=\"lazy\" src=\"https:\/\/nuernberg.t-online.de\/s\/paper\/_next\/static\/media\/font-sizes-dark-mode.e382645c.svg\" alt=\"\" title=\"\" class=\"block h-[calc(var(--height)_\/_16_*_1rem)] w-[calc(var(--width)_\/_16_*_1rem)] max-w-none hidden group-hover:block group-aria-expanded:block\" style=\"--width:16;--height:16\" decoding=\"async\"\/><img loading=\"lazy\" src=\"https:\/\/nuernberg.t-online.de\/s\/paper\/_next\/static\/media\/sharing-menu-icon.1eb71368.svg\" alt=\"\" title=\"\" class=\"block h-[calc(var(--height)_\/_16_*_1rem)] w-[calc(var(--width)_\/_16_*_1rem)] max-w-none group-hover:brightness-0 group-hover:invert\" style=\"--width:16;--height:16\" decoding=\"async\"\/>Artikel teilen<\/p>\n<p class=\"font-bold text-18 leading-17 user-text-lg:text-22 user-text-xl:text-24\">N\u00fcrnberg m\u00f6chte sein Fu\u00dfballstadion komplett umbauen. Das Projekt k\u00f6nnte eines der teuersten in der deutschen Geschichte werden.<\/p>\n<p class=\"text-18 leading-17 user-text-lg:text-22 user-text-xl:text-24\">Die Stadt N\u00fcrnberg hat Pl\u00e4ne f\u00fcr einen Vollumbau des Max-Morlock-Stadions vorgestellt. Der Stadtrat soll am 22. Juli \u00fcber das Projekt entscheiden.<\/p>\n<p class=\"text-18 leading-17 user-text-lg:text-22 user-text-xl:text-24\">Den Planungen zufolge soll die Leichtathletik-Laufbahn verschwinden. Die Trib\u00fcnen sollen n\u00e4her an das Spielfeld r\u00fccken. Auch ein Club-Museum ist vorgesehen, wie die Stadt mitteilte. Das neue Stadion soll rund 50.000 Zuschauer fassen und bei internationalen Spielen 40.000 Sitzpl\u00e4tze bieten.<\/p>\n<p>Allianz Arena fast doppelt so teuer<\/p>\n<p class=\"text-18 leading-17 user-text-lg:text-22 user-text-xl:text-24\">F\u00fcr das Projekt sind rund 200 Millionen Euro veranschlagt. Damit k\u00f6nnte es eines der teuersten Stadionprojekte in der Geschichte der Bundesrepublik werden. Die M\u00fcnchner Allianz Arena gilt mit 340 Millionen Euro als bisher teuerster Stadionbau. &#8222;Das Tr\u00e4ger- und Finanzierungsmodell eines neuen Stadions steht noch nicht fest&#8220;, hie\u00df es von der Stadt.<\/p>\n<ul class=\"text-18 leading-17 block pl-24 *:pb-16 *:before:inline-block *:before:size-8 *:before:bg-magenta *:before:mt-0 *:before:mr-12 *:before:mb-2 *:before:-ml-[20px]\">\n<li><a href=\"https:\/\/nuernberg.t-online.de\/region\/nuernberg\/id_101156816\/1-fc-nuernberg-ausweichspielstaette-fuer-max-morlock-stadion-besichtigt.html\" class=\"transition-colors cursor-pointer no-underline md:hover:text-magenta md:focus:text-magenta border-b border-solid border-current text-salemsfur md:hover:border-magenta\" data-tracking=\"{&quot;action&quot;:&quot;click&quot;,&quot;category&quot;:&quot;intextLink&quot;,&quot;label&quot;:&quot;\/region\/nuernberg\/id_101156816\/1-fc-nuernberg-ausweichspielstaette-fuer-max-morlock-stadion-besichtigt.html&quot;}\" data-sctrack=\"BodyAnchor\" rel=\"nofollow noopener\" target=\"_blank\">Ein Interim f\u00fcr den Club? Verein und Stadt fliegen nach Spanien<\/a><\/li>\n<\/ul>\n<p class=\"text-18 leading-17 user-text-lg:text-22 user-text-xl:text-24\">Die Inbetriebnahme ist f\u00fcr 2032 geplant. N\u00fcrnberg will mit dem neuen Stadion auch Spielort f\u00fcr eine m\u00f6gliche deutsche Heim-WM werden. W\u00e4hrend der Bauphase m\u00fcsste der <a href=\"https:\/\/www.t-online.de\/themen\/1-fc-nuernberg\/\" class=\"transition-colors cursor-pointer no-underline md:hover:text-magenta md:focus:text-magenta border-b border-solid border-current text-salemsfur md:hover:border-magenta\" data-tracking=\"{&quot;action&quot;:&quot;click&quot;,&quot;category&quot;:&quot;intextLink&quot;,&quot;label&quot;:&quot;https:\/\/www.t-online.de\/themen\/1-fc-nuernberg\/&quot;}\" data-sctrack=\"BodyAnchor\" rel=\"nofollow noopener\" target=\"_blank\">1. FC N\u00fcrnberg<\/a> seine Heimspiele in einer Ausweich-Spielst\u00e4tte austragen. Der Bau eines Interimsstadions sei vorstellbar, hie\u00df es von der Stadt.<\/p>\n","protected":false},"excerpt":{"rendered":"F\u00fcr 200 Millionen Euro N\u00fcrnberg plant Vollumbau des Max-Morlock-Stadions 03.07.2026Lesedauer: 1 Min. Das Max-Morlock-Stadion in N\u00fcrnberg (Archivbild): Nach&hellip;\n","protected":false},"author":2,"featured_media":1143887,"comment_status":"","ping_status":"","sticky":false,"template":"","format":"standard","meta":{"footnotes":"","_share_on_mastodon":"0"},"categories":[1837],"tags":[722,17161,2721,772,3364,29,152992,30,3783,240472],"class_list":["post-1143886","post","type-post","status-publish","format-standard","has-post-thumbnail","category-nuernberg","tag-722","tag-17161","tag-allianz-arena","tag-bayern","tag-de","tag-deutschland","tag-fussballstadion","tag-germany","tag-nuernberg","tag-vollumbau"],"share_on_mastodon":{"url":"https:\/\/pubeurope.com\/@de\/116865685031752853","error":""},"_links":{"self":[{"href":"https:\/\/www.europesays.com\/de\/wp-json\/wp\/v2\/posts\/1143886","targetHints":{"allow":["GET"]}}],"collection":[{"href":"https:\/\/www.europesays.com\/de\/wp-json\/wp\/v2\/posts"}],"about":[{"href":"https:\/\/www.europesays.com\/de\/wp-json\/wp\/v2\/types\/post"}],"author":[{"embeddable":true,"href":"https:\/\/www.europesays.com\/de\/wp-json\/wp\/v2\/users\/2"}],"replies":[{"embeddable":true,"href":"https:\/\/www.europesays.com\/de\/wp-json\/wp\/v2\/comments?post=1143886"}],"version-history":[{"count":0,"href":"https:\/\/www.europesays.com\/de\/wp-json\/wp\/v2\/posts\/1143886\/revisions"}],"wp:featuredmedia":[{"embeddable":true,"href":"https:\/\/www.europesays.com\/de\/wp-json\/wp\/v2\/media\/1143887"}],"wp:attachment":[{"href":"https:\/\/www.europesays.com\/de\/wp-json\/wp\/v2\/media?parent=1143886"}],"wp:term":[{"taxonomy":"category","embeddable":true,"href":"https:\/\/www.europesays.com\/de\/wp-json\/wp\/v2\/categories?post=1143886"},{"taxonomy":"post_tag","embeddable":true,"href":"https:\/\/www.europesays.com\/de\/wp-json\/wp\/v2\/tags?post=1143886"}],"curies":[{"name":"wp","href":"https:\/\/api.w.org\/{rel}","templated":true}]}}