{"id":1143912,"date":"2026-07-05T05:36:45","date_gmt":"2026-07-05T05:36:45","guid":{"rendered":"https:\/\/www.europesays.com\/de\/1143912\/"},"modified":"2026-07-05T05:36:45","modified_gmt":"2026-07-05T05:36:45","slug":"duesseldorf-veranstaltungen-und-freizeittipps-vom-6-bis-9-juli-2026","status":"publish","type":"post","link":"https:\/\/www.europesays.com\/de\/1143912\/","title":{"rendered":"D\u00fcsseldorf: Veranstaltungen und Freizeittipps vom 6. bis 9.Juli 2026"},"content":{"rendered":"<p class=\"text_ohne_einzug richtext text-em-55 !leading-serif mx-6 desktop:mx-0\">Auch unter der Woche wird es in <a href=\"https:\/\/rp-online.de\/thema\/duesseldorf\/\" rel=\"nofollow noopener\" target=\"_blank\">D\u00fcsseldorf<\/a> nicht langweilig. Ob Lesungen, Kreativ-Workshops oder Jazz-Session: Das ist in den n\u00e4chsten Tagen los!<\/p>\n<p class=\"text_ohne_einzug richtext text-em-55 !leading-serif mx-6 desktop:mx-0\"><strong class=\"font-bold dark:text-white-solid\">F\u00fchrung <\/strong>Das Areal B\u00f6hler in Heerdt kennen viele als Veranstaltungsort \u2013 aber auch der hat nat\u00fcrlich eine Geschichte. Diese kann erfahren und entdeckt werden: Bei der historischen Werksf\u00fchrung \u00fcber das Gel\u00e4nde h\u00f6rt man alles zur Architektur, der Entstehung und Entwicklung des Werkes und hat Gelegenheit, mit Stadtf\u00fchrerin Claudia Kuhs hinter die Kulissen zu blicken. 15 Personen k\u00f6nnen maximal teilnehmen.<\/p>\n<p class=\"text_ohne_einzug richtext text-em-55 !leading-serif mx-6 desktop:mx-0\"><strong class=\"font-bold dark:text-white-solid\">Lesung und Ausstellung <\/strong>Im Alter von 17 Jahren floh Renas <a href=\"https:\/\/rp-online.de\/thema\/sido\/\" rel=\"nofollow noopener\" target=\"_blank\">Sido<\/a> vor dem B\u00fcrgerkrieg aus Syrien. 2015 erreichte er Deutschland und lebt heute im Rheinland. In seinem Buch \u201eWo sind meine Olivenb\u00e4ume\u201c verarbeitet er seine Erlebnisse und Herausforderungen, schreibt \u00fcber Verlust, Hoffnung und Ankommen. In der Herzkammer der Zentralbibliothek am KAP 1 liest er aus seinem Werk, die Veranstaltung ist Teil des Rahmenprogramms zur Ausstellung \u201eEin Teil von mir, ein Teil von dir!\u201c<\/p>\n<p class=\"text_ohne_einzug richtext text-em-55 !leading-serif mx-6 desktop:mx-0\"><strong class=\"font-bold dark:text-white-solid\">Ausstellung <\/strong>Auch am entgegengesetzten Ende der Stadt, in der Stadtteilbibliothek Kaiserswerth, ist eine Ausstellung zu sehen. Die K\u00fcnstlerin Angelika Kroll malt Motive unter anderem aus D\u00fcsseldorf \u2013 poetische Momente, die sich an Wanderwegen, an Str\u00e4nden, in den Wellen verschiedener Gew\u00e4sser ereignen und zeigen. Zu sehen sind ihre Werke w\u00e4hrend der \u00d6ffnungszeiten der B\u00fccherei. Die Ausstellung \u201ePlein Air \u2013 Momente in D\u00fcsseldorf\u201c l\u00e4uft noch bis zum 22. August.<\/p>\n<p class=\"text_ohne_einzug richtext text-em-55 !leading-serif mx-6 desktop:mx-0\"><strong class=\"font-bold dark:text-white-solid\">Workshop I <\/strong>\u201eMama Creative Morning\u201c ist ein offenes Konzept f\u00fcr Schwangere und M\u00fctter mit Babys. Zwischen 10 Uhr und 14 Uhr k\u00f6nnen sie im Studio Brick am Worringer Platz kreativ werden. Der Zeitrahmen ist bewusst flexibel gehalten, damit alle, die wollen, teilnehmen k\u00f6nnen. Magnete, Schl\u00fcsselanh\u00e4nger oder Schnullerketten k\u00f6nnen entworfen und gestaltet werden. Alle Materialien sowie Kaffee, Tee und Wasser sind in der Teilnahmegeb\u00fchr enthalten.<\/p>\n<p class=\"text_ohne_einzug richtext text-em-55 !leading-serif mx-6 desktop:mx-0\"><strong class=\"font-bold dark:text-white-solid\">Workshop II <\/strong>\u201eSpray it, don\u2019t say it!\u201c \u2013 in diesem Format k\u00f6nnen sich Jugendliche ab zehn Jahren an einer digitalen Graffiti-Wand ausprobieren, eigene Designs entwerfen und ihrer Fantasie und Kreativit\u00e4t freien Lauf lassen. Eine Stunde lang k\u00f6nnen in der Zentralbibliothek am KAP 1 die eigenen Skills getestet und Licht-Graffitis gespr\u00fcht werden. Die Teilnahme ist kostenlos.<\/p>\n<p class=\"text_ohne_einzug richtext text-em-55 !leading-serif mx-6 desktop:mx-0\"><strong class=\"font-bold dark:text-white-solid\">Workshop III <\/strong>Und auch im Caf\u00e9 \u201eDie Fliese\u201c in Oberbilk geht es an diesem Dienstag kreativ zu. \u201ePrint your own Socks\u201c \u2013 der Name der Veranstaltung ist Programm. Auch wenn das Wetter gerade nicht unbedingt danach schreit, coole Socken im Schrank sind immer eine gute Sache. Wenn sie dann noch selbst gestaltet sind, umso besser. Auf Wunsch unter Anleitung gestalten Teilnehmer Designs und drucken sie direkt auf die Socken. Im Teilnahmebeitrag von 32 Euro sind alle Materialien wie Werkzeuge, Farben und ein Paar wei\u00dfe Tennissocken enthalten, Drinks und weitere Sockenpaare k\u00f6nnen extra dazugekauft werden. Vorkenntnisse und Anmeldung sind nicht n\u00f6tig.<\/p>\n<p class=\"text_ohne_einzug richtext text-em-55 !leading-serif mx-6 desktop:mx-0\"><strong class=\"font-bold dark:text-white-solid\">Open-Air-Show <\/strong>Ein Mix aus Comedy, Poetry und Musik wird traditionell bei \u201eKunst gegen Bares\u201c geboten, im Sommer in der Open-Air-Edition. Im Vier Linden Open Air, dem <a href=\"https:\/\/rp-online.de\/thema\/biergarten\/\" rel=\"nofollow noopener\" target=\"_blank\">Biergarten<\/a> zwischen <a href=\"https:\/\/rp-online.de\/thema\/mitsubishi-electric-halle\/\" rel=\"nofollow noopener\" target=\"_blank\">Mitsubishi Electric Halle<\/a> und Volksgarten, treten K\u00fcnstlerinnen und K\u00fcnstler auf und stellen sich dem (immer gut gemeinten und netten) Urteil des Publikums. Das honoriert die jeweiligen Performances mit Bargeld, das direkt in ein Sparschwein gesammelt und zu 100 Prozent an die Auftretenden verteilt wird. Ein Abend, an dem alle mitmachen, quasi.<\/p>\n<p class=\"text_ohne_einzug richtext text-em-55 !leading-serif mx-6 desktop:mx-0\"><strong class=\"font-bold dark:text-white-solid\">Afterwork-Party <\/strong>Mittwoch ist Bergfest \u2013 Grund genug, die schon \u00fcberstandenen Arbeitstage der Woche zu feiern! Im RheinRiff am Areal B\u00f6hler kann man das tun. Bei entspannten Beats und freshen Drinks entstehen clubbige Vibes, der sommerliche Beach l\u00e4dt zum Tanzen, Austauschen oder einfach nur Entspannen ein.<\/p>\n<p class=\"text_ohne_einzug richtext text-em-55 !leading-serif mx-6 desktop:mx-0\"><strong class=\"font-bold dark:text-white-solid\">Lesung <\/strong>Die Schleuse Zwei im Bilker Bunker wird zur Leseb\u00fchne. Im Rahmen des \u201eLIT.festival\u201c 2026 stellt Timothy Paul hier ab 19 Uhr seinen Deb\u00fctroman \u201eEine Liebe ohne Sommer\u201c vor, eine Story \u00fcber Erinnerung, die verschiedenen Versionen eines Menschen \u2013 und nat\u00fcrlich die Liebe. Nach der Lesung gibt es Gelegenheit zum Gespr\u00e4ch mit dem Autor.<\/p>\n<p class=\"text_ohne_einzug richtext text-em-55 !leading-serif mx-6 desktop:mx-0\"><strong class=\"font-bold dark:text-white-solid\">Basteltreff <\/strong>Scherenschnitte und Schattenriss-Fotos k\u00f6nnen Kinder ab f\u00fcnf Jahren im Goethe-Museum gestalten und basteln. Im Werkraum des Museums \u2013 oder der \u201eKammer der Schatten\u201c \u2013 wird es erst sch\u00f6n dunkel und dann mit Papier, Pappe und Scheren sehr kreativ.<\/p>\n<p class=\"text_ohne_einzug richtext text-em-55 !leading-serif mx-6 desktop:mx-0\"><strong class=\"font-bold dark:text-white-solid\">Jazz-Session <\/strong>Die \u201eGute Laune Jazz Jam Session\u201c feiert Premiere im Bioladen \u201eRakete\u201c in Bilk. Opener-Band ist keine Geringere als die \u201eThe Happy Gangstas\u201c rund um Schlagzeug-Urgestein Peter Thoms. Nach dem ersten Set gibt es f\u00fcr alle die Gelegenheit, sich musikalisch einzubringen, zwei bis drei Songs pro Musikerin oder Musiker k\u00f6nnen performt werden. F\u00fcr das leibliche Wohl sorgen die Supper Sisters.<\/p>\n<p class=\"text_ohne_einzug richtext text-em-55 !leading-serif mx-6 desktop:mx-0\"><strong class=\"font-bold dark:text-white-solid\">Handarbeitstreff <\/strong>Alle, die Wolle m\u00f6gen, sind in der Stadtteilbibliothek Unterbach genau richtig. In offener Runde wird gestrickt oder geh\u00e4kelt, man kann sich Tipps und Tricks abholen oder einfach in Ruhe an schon begonnenen Handarbeitsprojekten weiterarbeiten.<\/p>\n<p class=\"text_ohne_einzug richtext text-em-55 !leading-serif mx-6 desktop:mx-0\">Alle Angaben ohne Gew\u00e4hr.<\/p>\n","protected":false},"excerpt":{"rendered":"Auch unter der Woche wird es in D\u00fcsseldorf nicht langweilig. Ob Lesungen, Kreativ-Workshops oder Jazz-Session: Das ist in&hellip;\n","protected":false},"author":2,"featured_media":1143913,"comment_status":"","ping_status":"","sticky":false,"template":"","format":"standard","meta":{"footnotes":"","_share_on_mastodon":"0"},"categories":[1831],"tags":[3592,38138,2076,31565,6507,3364,29,3405,20767,76434,4788,30,1209,25967,240508,179087,9717,3897],"class_list":["post-1143912","post","type-post","status-publish","format-standard","has-post-thumbnail","category-duesseldorf","tag-anmeldung","tag-areal","tag-ausstellung","tag-beginn","tag-beginnt","tag-de","tag-deutschland","tag-duesseldorf","tag-eintritt","tag-eintrittspreise","tag-euro","tag-germany","tag-nordrhein-westfalen","tag-teilnahme","tag-teilnahmebeitrag","tag-teilnahmegebuehr","tag-uhr","tag-zentralbibliothek"],"share_on_mastodon":{"url":"https:\/\/pubeurope.com\/@de\/116865753819511770","error":""},"_links":{"self":[{"href":"https:\/\/www.europesays.com\/de\/wp-json\/wp\/v2\/posts\/1143912","targetHints":{"allow":["GET"]}}],"collection":[{"href":"https:\/\/www.europesays.com\/de\/wp-json\/wp\/v2\/posts"}],"about":[{"href":"https:\/\/www.europesays.com\/de\/wp-json\/wp\/v2\/types\/post"}],"author":[{"embeddable":true,"href":"https:\/\/www.europesays.com\/de\/wp-json\/wp\/v2\/users\/2"}],"replies":[{"embeddable":true,"href":"https:\/\/www.europesays.com\/de\/wp-json\/wp\/v2\/comments?post=1143912"}],"version-history":[{"count":0,"href":"https:\/\/www.europesays.com\/de\/wp-json\/wp\/v2\/posts\/1143912\/revisions"}],"wp:featuredmedia":[{"embeddable":true,"href":"https:\/\/www.europesays.com\/de\/wp-json\/wp\/v2\/media\/1143913"}],"wp:attachment":[{"href":"https:\/\/www.europesays.com\/de\/wp-json\/wp\/v2\/media?parent=1143912"}],"wp:term":[{"taxonomy":"category","embeddable":true,"href":"https:\/\/www.europesays.com\/de\/wp-json\/wp\/v2\/categories?post=1143912"},{"taxonomy":"post_tag","embeddable":true,"href":"https:\/\/www.europesays.com\/de\/wp-json\/wp\/v2\/tags?post=1143912"}],"curies":[{"name":"wp","href":"https:\/\/api.w.org\/{rel}","templated":true}]}}