{"id":1143950,"date":"2026-07-05T06:02:19","date_gmt":"2026-07-05T06:02:19","guid":{"rendered":"https:\/\/www.europesays.com\/de\/1143950\/"},"modified":"2026-07-05T06:02:19","modified_gmt":"2026-07-05T06:02:19","slug":"schlagermove-in-hamburg-200-000-menschen-feiern-bei-regen","status":"publish","type":"post","link":"https:\/\/www.europesays.com\/de\/1143950\/","title":{"rendered":"Schlagermove in Hamburg: 200.000 Menschen feiern bei Regen"},"content":{"rendered":"<p>\n                Stand: 05.07.2026 06:27 Uhr<\/p>\n<p class=\"preface\">Bunte Party und volle Stra\u00dfen in Hamburg: Trotz regnerischem Wetter haben am Samstag rund 200.000 Menschen beim 28. Schlagermove mitgefeiert. <\/p>\n<p class=\"\">Rund 50 mit knallbunten Luftballons und Blumendekor geschm\u00fcckte Trucks &#8211; bis auf den letzten Platz gef\u00fcllt mit bunt gekleideten Schlagerfans &#8211; fuhren am Nachmittag am Heiligengeistfeld los. Drei Runden wurden gefahren &#8211; \u00fcber die Reeperbahn, die Hafenstra\u00dfe und den Millerntorplatz. Sp\u00e4ter kehrte die bunte Karawane wieder zur\u00fcck aufs Heiligengeistfeld. F\u00fcr Stimmung auf den Trucks sorgten unter anderem Karl K\u00f6nig, Peter Sebastian, Rosanna Rocci und Peter Orloff. Auf dem Heiligengeistfeld gab es die &#8222;Schlagermove Truck Party&#8220;.<\/p>\n<p>    After-Move-Party im Docks<\/p>\n<p class=\"\">In diesem Jahr war etwas anders als sonst: &#8222;Wir haben unser Partyareal jetzt nicht mehr in Zelten, sondern mitten auf dem Heiligengeistfeld in den Trucks, wo dann auch nach dem Schlagermove weiter gefeiert werden kann&#8220;, sagte Veranstalter Axel Annich NDR 90,3. Auch im Hamburger Docks auf der Reeperbahn konnte auf der offiziellen &#8222;Schlagermove Aftermove Party&#8220; weitergefeiert werden. Dort legten ab 18 Uhr DJ Vossi und The Real DJ Maikel auf. Bereits am Freitag konnten sich Feiernde auf dem &#8222;Schlagermove in Concert Open Air&#8220; einstimmen. Dort traten zahlreiche Schlager-Stars auf.<\/p>\n<p>    Stra\u00dfen auf St. Pauli gesperrt<\/p>\n<p class=\"\">Wegen des Schlagermoves kam es vor allem im Stadtteil St. Pauli <a href=\"https:\/\/www.ndr.de\/nachrichten\/hamburg\/textlink-321584~splash.html\" title=\"Stra\u00dfensperrungen zum Schlagermove 2026\" data-url=\"https:\/\/schlagermove.de\/app\/uploads\/Uebersicht-der-Strassensperrungen-2024.pdf\" class=\"extlink-preface\" data-type=\"external\" rel=\"nofollow noopener\" target=\"_blank\">zu Stra\u00dfensperrungen<\/a>. Besucherinnen und Besuchern des zweiten <a href=\"https:\/\/www.ndr.de\/fernsehen\/sendungen\/hamburg_journal\/helene-fischer-im-volkparkstadion-ueber-50000-fans-dabei,hamj-12304.html\" title=\"Helene Fischer im Volksparkstadion - \u00fcber 50.000 Fans dabei\" rel=\"nofollow noopener\" target=\"_blank\">Hamburg-Konzert von Schlager-Popstar Helene Fischer<\/a> im Volksparkstadion am Samstagabend riet die Polizei, mit Bus und Bahn zum Konzert zu fahren und genug Zeit f\u00fcr die Anreise einzuplanen.<\/p>\n<p>    500 Klos entlang der Strecke<\/p>\n<p class=\"\">Um das &#8222;Wildpinkeln&#8220; in Hauseing\u00e4ngen zu verhindern, stellten die Veranstalter rund 500 WC-Einheiten entlang der Strecke zur Verf\u00fcgung. Au\u00dferdem wurden f\u00fcr M\u00e4nner Mobilzaunurinale und speziell f\u00fcr Frauen WC-Container mit Reinigungspersonal errichtet. Feiernde sollten die \u00f6ffentlichen WC-Anlagen und die Klos der Kneipen und Locations nutzen.<\/p>\n<p>    Codewort: &#8222;Habt Ihr Softeis?&#8220;<\/p>\n<p class=\"\">Rund 300 Sanit\u00e4terinnen und Sanit\u00e4ter waren entlang der Strecke und auf dem Heiligengeistfeld einsatzbereit. Au\u00dferdem wurden die Spielpl\u00e4tze auf dem Kiez durch einen Sicherheitsdienst bewacht. Mit dem Codewort &#8222;Habt Ihr Softeis?&#8220; konnten sich Menschen in Not unauff\u00e4llig an die Ordnerinnen und Ordner wenden und dort Hilfe erhalten.<\/p>\n<p>    &#8222;Rollstuhl-Truck&#8220; f\u00fcr mehr Inklusion<\/p>\n<p class=\"\">Auch in diesem Jahr konnten wieder Rollstuhlfahrerinnen und Rollstuhlfahrer auf einem umgebauten Schlagertruck mitfahren. Der &#8222;Rollstuhl-Truck&#8220; des F\u00f6rderkreises zugunsten unfallgesch\u00e4digter Kinder und der Deutsche Muskelschwund-Hilfe ging zum sechsten Mal an den Start. Mit dem Projekt wollen die Organisatoren eigenen Angaben nach &#8222;beweisen, dass Inklusion auch auf einer Veranstaltung wie dem Schlagermove m\u00f6glich ist.&#8220;<\/p>\n<p class=\"\">Der Schlagermove in Hamburg z\u00e4hlt nach Angaben der Stadt zu den gr\u00f6\u00dften Schlager-Events Deutschlands. <a href=\"https:\/\/www.ndr.de\/nachrichten\/hamburg\/schlagermove-2025-in-hamburg-hunderttausende-feiern-ausgelassen,schlagermove-110.html\" title=\"Schlagermove 2025 in Hamburg: Hunderttausende feiern ausgelassen\" rel=\"nofollow noopener\" target=\"_blank\">Im vergangenen Jahr<\/a> kamen rund 300.000 Besucherinnen und Besucher zu der Gro\u00dfveranstaltung.<\/p>\n<p>        <img decoding=\"async\" src=\"https:\/\/www.europesays.com\/de\/wp-content\/uploads\/2026\/07\/schlagermove-114.webp\" alt=\"Bunt verkleidete junge Frauen feiern am 03.07.2004 in Hamburg am Rand des Schlagermoves auf der Reeperbahn.\" title=\"Bunt verkleidete junge Frauen feiern am 03.07.2004 in Hamburg am Rand des Schlagermoves auf der Reeperbahn. | picture-alliance \/ dpa | Maurizio Gambarini\" class=\"responsive\" loading=\"lazy\"\/><\/p>\n<p>Jedes Jahr zieht eine Schlagerkarawane durch Hamburg. Hunderttausende Fans feiern in schrillen Outfits der 70er-Jahre mit.<\/p>\n<p>        <img decoding=\"async\" src=\"https:\/\/www.europesays.com\/de\/wp-content\/uploads\/2026\/07\/schlagermove-124.webp\" alt=\"Teilnehmerinnen des 27. Schlagermoves stehen vor den Landungsbr\u00fccken und verfolgen die Schlagerkarawane durch den Stadtteil St. Pauli. Start und Ziel ist auf dem Heiligengeistfeld.\" title=\"Teilnehmerinnen des 27. Schlagermoves stehen vor den Landungsbr\u00fccken und verfolgen die Schlagerkarawane durch den Stadtteil St. Pauli. Start und Ziel ist auf dem Heiligengeistfeld. | picture alliance\/dpa\/Christian Charisius\" class=\"responsive\" loading=\"lazy\"\/><\/p>\n<p>Schlaghosen, Per\u00fccken und bunte Hemden: Hunderttausende Schlager-Fans versammelten sich in Hamburg. Rund 50 Trucks zogen durch die Stra\u00dfen von St. Pauli.<\/p>\n","protected":false},"excerpt":{"rendered":"Stand: 05.07.2026 06:27 Uhr Bunte Party und volle Stra\u00dfen in Hamburg: Trotz regnerischem Wetter haben am Samstag rund&hellip;\n","protected":false},"author":2,"featured_media":1143951,"comment_status":"","ping_status":"","sticky":false,"template":"","format":"standard","meta":{"footnotes":"","_share_on_mastodon":"0"},"categories":[155],"tags":[5934,29,214,30,692,2450,240071,2083,2020,6191,215],"class_list":["post-1143950","post","type-post","status-publish","format-standard","has-post-thumbnail","category-unterhaltung","tag-umzug","tag-deutschland","tag-entertainment","tag-germany","tag-hamburg","tag-party","tag-schlagermove-2026","tag-sperrungen","tag-st-pauli","tag-strecke","tag-unterhaltung"],"share_on_mastodon":{"url":"https:\/\/pubeurope.com\/@de\/116865856193342737","error":""},"_links":{"self":[{"href":"https:\/\/www.europesays.com\/de\/wp-json\/wp\/v2\/posts\/1143950","targetHints":{"allow":["GET"]}}],"collection":[{"href":"https:\/\/www.europesays.com\/de\/wp-json\/wp\/v2\/posts"}],"about":[{"href":"https:\/\/www.europesays.com\/de\/wp-json\/wp\/v2\/types\/post"}],"author":[{"embeddable":true,"href":"https:\/\/www.europesays.com\/de\/wp-json\/wp\/v2\/users\/2"}],"replies":[{"embeddable":true,"href":"https:\/\/www.europesays.com\/de\/wp-json\/wp\/v2\/comments?post=1143950"}],"version-history":[{"count":0,"href":"https:\/\/www.europesays.com\/de\/wp-json\/wp\/v2\/posts\/1143950\/revisions"}],"wp:featuredmedia":[{"embeddable":true,"href":"https:\/\/www.europesays.com\/de\/wp-json\/wp\/v2\/media\/1143951"}],"wp:attachment":[{"href":"https:\/\/www.europesays.com\/de\/wp-json\/wp\/v2\/media?parent=1143950"}],"wp:term":[{"taxonomy":"category","embeddable":true,"href":"https:\/\/www.europesays.com\/de\/wp-json\/wp\/v2\/categories?post=1143950"},{"taxonomy":"post_tag","embeddable":true,"href":"https:\/\/www.europesays.com\/de\/wp-json\/wp\/v2\/tags?post=1143950"}],"curies":[{"name":"wp","href":"https:\/\/api.w.org\/{rel}","templated":true}]}}