{"id":1144024,"date":"2026-07-05T06:46:15","date_gmt":"2026-07-05T06:46:15","guid":{"rendered":"https:\/\/www.europesays.com\/de\/1144024\/"},"modified":"2026-07-05T06:46:15","modified_gmt":"2026-07-05T06:46:15","slug":"berlin-vermisste-jugendliche-in-duisburg-wieder-aufgetaucht","status":"publish","type":"post","link":"https:\/\/www.europesays.com\/de\/1144024\/","title":{"rendered":"Berlin: Vermisste Jugendliche in Duisburg wieder aufgetaucht"},"content":{"rendered":"<p>Wochenlang verschwunden <\/p>\n<p>Vermisste 13-J\u00e4hrige in Duisburg aufgetaucht<\/p>\n<p>Aktualisiert am 05.07.2026 &#8211; 06:55 UhrLesedauer: 1 Min.<\/p>\n<p><a href=\"#focus-0\" class=\"transition-colors block text-current relative\" data-sctrack=\"FocusGalleryImage.Reference\"><img fetchpriority=\"high\" data-testid=\"Opener.Image\"   loading=\"eager\" src=\"https:\/\/www.europesays.com\/de\/wp-content\/uploads\/2026\/07\/die-polizei-wurde-zu-einem-berliner-badesee-gerufen-weil-kleinkinder-von-ihren-eltern-bier-erhielten.jpeg\" alt=\"Polizei und Krankenwagen (Illustration)\" title=\"Polizei und Krankenwagen (Illustration)\" width=\"2048\" height=\"1152\" class=\"bg-[url:var(--lqipURL)] bg-cover bg-center flex h-full w-full max-w-full\" style=\"--lqipURL:url('https:\/\/images.t-online.de\/2026\/06\/PzWUlO-qVtjS\/0x39:2048x1152\/fit-in\/150x0\/filters:blur(25)\/die-polizei-wurde-zu-einem-berliner-badesee-gerufen-weil-kleinkinder-von-ihren-eltern-bier-erhielten-symbolbild.jpg')\" decoding=\"async\"\/><img loading=\"lazy\" src=\"https:\/\/berlin.t-online.de\/s\/paper\/_next\/static\/media\/zoom-in.f7dae02f.svg\" alt=\"Vergr\u00f6\u00dfern des Bildes\" title=\"Vergr\u00f6\u00dfern des Bildes\" class=\"block h-[calc(var(--height)_\/_16_*_1rem)] w-[calc(var(--width)_\/_16_*_1rem)] max-w-none absolute right-8 bottom-8 rounded-4 bg-snow p-8\" style=\"--width:32;--height:32\" decoding=\"async\"\/><\/a><\/p>\n<p>Die Polizei (Symbolbild): Nach Monaten wurde die Jugendliche wiedergefunden. (Quelle: Jens Kalaene\/dpa\/dpa-bilder)<\/p>\n<p class=\"font-bold text-18 leading-17 user-text-lg:text-22 user-text-xl:text-24\">Seit dem 23. April wird ein M\u00e4dchen aus Berlin-Reinickendorf vermisst. Die Polizei sucht \u00f6ffentlich nach ihr \u2013 mit sp\u00e4tem Erfolg.<\/p>\n<p class=\"text-18 leading-17 user-text-lg:text-22 user-text-xl:text-24\">Eine 13-J\u00e4hrige, die seit Ende April in Berlin als vermisst galt, ist in Duisburg wieder aufgetaucht. Das teilte die Polizei mit.<\/p>\n<p class=\"text-18 leading-17 user-text-lg:text-22 user-text-xl:text-24\">Am 23. April hatte sie die v\u00e4terliche Wohnung im M\u00e4rkischen Viertel im Bezirk Reinickendorf verlassen \u2013 und kehrte nicht mehr zur\u00fcck. Am 22. Juni ver\u00f6ffentlichte die Beh\u00f6rde dann mehrere Fotos der Jugendlichen. Nun sei sie wohlbehalten angetroffen worden, so die Polizei weiter.<\/p>\n","protected":false},"excerpt":{"rendered":"Wochenlang verschwunden Vermisste 13-J\u00e4hrige in Duisburg aufgetaucht Aktualisiert am 05.07.2026 &#8211; 06:55 UhrLesedauer: 1 Min. Die Polizei (Symbolbild):&hellip;\n","protected":false},"author":2,"featured_media":1144025,"comment_status":"","ping_status":"","sticky":false,"template":"","format":"standard","meta":{"footnotes":"","_share_on_mastodon":"0"},"categories":[1838],"tags":[722,3176,296,7351,3364,29,3715,30,1209,121,3573,5117],"class_list":["post-1144024","post","type-post","status-publish","format-standard","has-post-thumbnail","category-duisburg","tag-722","tag-3176","tag-berlin","tag-berlin-reinickendorf","tag-de","tag-deutschland","tag-duisburg","tag-germany","tag-nordrhein-westfalen","tag-polizei","tag-reinickendorf","tag-vermisstenfall"],"share_on_mastodon":{"url":"https:\/\/pubeurope.com\/@de\/116866030507214492","error":""},"_links":{"self":[{"href":"https:\/\/www.europesays.com\/de\/wp-json\/wp\/v2\/posts\/1144024","targetHints":{"allow":["GET"]}}],"collection":[{"href":"https:\/\/www.europesays.com\/de\/wp-json\/wp\/v2\/posts"}],"about":[{"href":"https:\/\/www.europesays.com\/de\/wp-json\/wp\/v2\/types\/post"}],"author":[{"embeddable":true,"href":"https:\/\/www.europesays.com\/de\/wp-json\/wp\/v2\/users\/2"}],"replies":[{"embeddable":true,"href":"https:\/\/www.europesays.com\/de\/wp-json\/wp\/v2\/comments?post=1144024"}],"version-history":[{"count":0,"href":"https:\/\/www.europesays.com\/de\/wp-json\/wp\/v2\/posts\/1144024\/revisions"}],"wp:featuredmedia":[{"embeddable":true,"href":"https:\/\/www.europesays.com\/de\/wp-json\/wp\/v2\/media\/1144025"}],"wp:attachment":[{"href":"https:\/\/www.europesays.com\/de\/wp-json\/wp\/v2\/media?parent=1144024"}],"wp:term":[{"taxonomy":"category","embeddable":true,"href":"https:\/\/www.europesays.com\/de\/wp-json\/wp\/v2\/categories?post=1144024"},{"taxonomy":"post_tag","embeddable":true,"href":"https:\/\/www.europesays.com\/de\/wp-json\/wp\/v2\/tags?post=1144024"}],"curies":[{"name":"wp","href":"https:\/\/api.w.org\/{rel}","templated":true}]}}