{"id":1144053,"date":"2026-07-05T07:06:16","date_gmt":"2026-07-05T07:06:16","guid":{"rendered":"https:\/\/www.europesays.com\/de\/1144053\/"},"modified":"2026-07-05T07:06:16","modified_gmt":"2026-07-05T07:06:16","slug":"mannesmannufer-3-in-duesseldorf-wohnungen-am-rheinufer-brechen-preisrekord","status":"publish","type":"post","link":"https:\/\/www.europesays.com\/de\/1144053\/","title":{"rendered":"Mannesmannufer 3 in D\u00fcsseldorf: Wohnungen am Rheinufer brechen Preisrekord"},"content":{"rendered":"<p class=\"text_ohne_einzug richtext text-em-55 !leading-serif mx-6 desktop:mx-0\">Noch kann man sich nur schwer vorstellen, dass hier die wohl teuersten Wohnungen D\u00fcsseldorfs entstehen: Mannesmannufer 3, ein Neubau an der Rheinpromenade nahe der Staatskanzlei, aktuell komplett einger\u00fcstet. Ein gro\u00dfes Banner am oberen Teil des Objektes verr\u00e4t, dass hier \u201e20 luxuri\u00f6se Eigentumswohnungen\u201c entstehen. Die Preise erf\u00e4hrt man erst auf Nachfrage beim Eigent\u00fcmer \u2013 der normalerweise nicht f\u00fcr teure Immobilien, sondern f\u00fcr g\u00fcnstige Pauschalreisen wirbt.<\/p>\n","protected":false},"excerpt":{"rendered":"Noch kann man sich nur schwer vorstellen, dass hier die wohl teuersten Wohnungen D\u00fcsseldorfs entstehen: Mannesmannufer 3, ein&hellip;\n","protected":false},"author":2,"featured_media":1144054,"comment_status":"","ping_status":"","sticky":false,"template":"","format":"standard","meta":{"footnotes":"","_share_on_mastodon":"0"},"categories":[1831],"tags":[3364,29,3405,30,1093,1209,5337],"class_list":["post-1144053","post","type-post","status-publish","format-standard","has-post-thumbnail","category-duesseldorf","tag-de","tag-deutschland","tag-duesseldorf","tag-germany","tag-luxus","tag-nordrhein-westfalen","tag-wohnungen"],"share_on_mastodon":{"url":"https:\/\/pubeurope.com\/@de\/116866107807891643","error":""},"_links":{"self":[{"href":"https:\/\/www.europesays.com\/de\/wp-json\/wp\/v2\/posts\/1144053","targetHints":{"allow":["GET"]}}],"collection":[{"href":"https:\/\/www.europesays.com\/de\/wp-json\/wp\/v2\/posts"}],"about":[{"href":"https:\/\/www.europesays.com\/de\/wp-json\/wp\/v2\/types\/post"}],"author":[{"embeddable":true,"href":"https:\/\/www.europesays.com\/de\/wp-json\/wp\/v2\/users\/2"}],"replies":[{"embeddable":true,"href":"https:\/\/www.europesays.com\/de\/wp-json\/wp\/v2\/comments?post=1144053"}],"version-history":[{"count":0,"href":"https:\/\/www.europesays.com\/de\/wp-json\/wp\/v2\/posts\/1144053\/revisions"}],"wp:featuredmedia":[{"embeddable":true,"href":"https:\/\/www.europesays.com\/de\/wp-json\/wp\/v2\/media\/1144054"}],"wp:attachment":[{"href":"https:\/\/www.europesays.com\/de\/wp-json\/wp\/v2\/media?parent=1144053"}],"wp:term":[{"taxonomy":"category","embeddable":true,"href":"https:\/\/www.europesays.com\/de\/wp-json\/wp\/v2\/categories?post=1144053"},{"taxonomy":"post_tag","embeddable":true,"href":"https:\/\/www.europesays.com\/de\/wp-json\/wp\/v2\/tags?post=1144053"}],"curies":[{"name":"wp","href":"https:\/\/api.w.org\/{rel}","templated":true}]}}