{"id":1144157,"date":"2026-07-05T08:07:33","date_gmt":"2026-07-05T08:07:33","guid":{"rendered":"https:\/\/www.europesays.com\/de\/1144157\/"},"modified":"2026-07-05T08:07:33","modified_gmt":"2026-07-05T08:07:33","slug":"die-eu-verstaerkt-ihre-bemuehungen-zur-anpassung-an-den-klimawandel","status":"publish","type":"post","link":"https:\/\/www.europesays.com\/de\/1144157\/","title":{"rendered":"Die EU verst\u00e4rkt ihre Bem\u00fchungen zur Anpassung an den Klimawandel."},"content":{"rendered":"<p><img decoding=\"async\" title=\"Die EU verst\u00e4rkt ihre Bem\u00fchungen zur Anpassung an den Klimawandel.\" data-socail-link=\"https:\/\/baoangiang.com.vn\/eu-tang-cuong-no-luc-thich-ung-bien-doi-khi-hau-a491470.html\" class=\"zoomimg zoomimg2\" alt=\"\" src=\"https:\/\/www.europesays.com\/de\/wp-content\/uploads\/2026\/07\/1783235167884_sequence-2005_00_00_18_12_still011.jpeg\" style=\"width: 1600px; height: 900px;;cursor:pointer\"\/><\/p>\n<p> Die Europ\u00e4ische Kommission erkennt an, dass die Klimapolitik der Europ\u00e4ischen Union (EU) mit der zunehmenden Geschwindigkeit und den Auswirkungen des Klimawandels nicht Schritt h\u00e4lt, und bekr\u00e4ftigt ihr Engagement, ihre Anstrengungen zur Abschw\u00e4chung und Bek\u00e4mpfung des Klimawandels zu verdoppeln.<\/p>\n<p>Das k\u00f6nnte Sie interessieren<\/p>\n<p> Da Hitzschlag f\u00fcr 75 % der klimabedingten Todesf\u00e4lle in Europa verantwortlich ist, warnen EU-Beamte vor erneuten extremen Hitzewellen in diesem <a class=\"data-link\" data-org-href=\"https:\/\/www.vietnam.vn\/tag\/mua-he\" href=\"https:\/\/www.vietnam.vn\/tag\/mua-he\" title=\"Sommer\" target=\"_blank\" rel=\"nofollow noopener\">Sommer<\/a> und fordern die EU auf, von der Katastrophenhilfe zur Pr\u00e4vention \u00fcberzugehen. Dementsprechend soll im vierten Quartal dieses Jahres eine Strategie zur St\u00e4rkung der Klimaresilienz \u2013 also der F\u00e4higkeit von Gesellschaften, extremen Wetterereignissen standzuhalten und sich davon zu erholen \u2013 ver\u00f6ffentlicht werden.<\/p>\n<p> Br\u00fcssel ruft die lokalen Beh\u00f6rden au\u00dferdem dazu auf, bei der Bew\u00e4ltigung des Klimawandels zusammenzuarbeiten und die Verantwortung zu teilen. Laut EU-Beamten fallen viele Vorschriften, beispielsweise f\u00fcr Klimaanlagen, Markisen oder Stadtplanung, in die Zust\u00e4ndigkeit nationaler, regionaler und st\u00e4dtischer Beh\u00f6rden. Br\u00fcssel kann zwar Baustandards anpassen oder F\u00f6rdermittel bereitstellen, die Umsetzung von Ma\u00dfnahmen zur Hitzeminderung und K\u00fchlung h\u00e4ngt jedoch weitgehend von den Mitgliedstaaten und den lokalen Beh\u00f6rden ab.<\/p>\n<p class=\"author ignore\"> RG<\/p>\n<p><a href=\"https:\/\/www.vietnam.vn\/de\/lanh-dao-cap-cao-dang-nha-nuoc-gui-thu-dien-mung-quoc-khanh-hoa-ky\" class=\"shrink-0\" rel=\"nofollow noopener\" target=\"_blank\"><img alt=\"Hochrangige Partei- und Staatsfunktion\u00e4re senden Briefe und Telegramme, in denen sie den Vereinigten Staaten zu ihrem Nationalfeiertag gratulieren.\" loading=\"lazy\" width=\"192\" height=\"108\" decoding=\"async\" data-nimg=\"1\" class=\"object-cover block rounded-lg\" style=\"color:transparent;width:192px;height:108px\" src=\"https:\/\/www.europesays.com\/de\/wp-content\/uploads\/2026\/07\/1783127129796_co-viet-nam-hoa-ky-jpg.webp\"\/><\/a><a href=\"https:\/\/www.vietnam.vn\/de\/lanh-dao-cap-cao-dang-nha-nuoc-viet-nam-gui-thu-dien-mung-quoc-khanh-hoa-ky\" class=\"shrink-0\" rel=\"nofollow noopener\" target=\"_blank\"><img alt=\"Hochrangige Vertreter der vietnamesischen Partei und des Staates senden Briefe und Telegramme, in denen sie den Vereinigten Staaten zum Nationalfeiertag gratulieren.\" loading=\"lazy\" width=\"192\" height=\"108\" decoding=\"async\" data-nimg=\"1\" class=\"object-cover block rounded-lg\" style=\"color:transparent;width:192px;height:108px\" src=\"https:\/\/www.europesays.com\/de\/wp-content\/uploads\/2026\/07\/1783127129796_co-viet-nam-hoa-ky-jpg.webp\"\/><\/a><a href=\"https:\/\/www.vietnam.vn\/de\/cung-co-quan-he-huu-nghi-viet-nam-hoa-ky\" class=\"shrink-0\" rel=\"nofollow noopener\" target=\"_blank\"><img alt=\"St\u00e4rkung der Freundschaft zwischen Vietnam und den Vereinigten Staaten.\" loading=\"lazy\" width=\"192\" height=\"108\" decoding=\"async\" data-nimg=\"1\" class=\"object-cover block rounded-lg\" style=\"color:transparent;width:192px;height:108px\" src=\"https:\/\/www.europesays.com\/de\/wp-content\/uploads\/2026\/07\/1783076694551_hoa-ky-luc-quan-03072026-01.jpeg\"\/><\/a><a href=\"https:\/\/www.vietnam.vn\/de\/cung-co-quan-he-huu-nghi-viet-nam-hoa-ky\" class=\"font-inter-body v-link-title line-clamp-4 font-semibold\" rel=\"nofollow noopener\" target=\"_blank\">St\u00e4rkung der Freundschaft zwischen Vietnam und den Vereinigten Staaten.<\/a>Am 3. Juli stattete die Delegation der US Army Pacific unter der Leitung von Generalleutnant Joel Vowell, stellvertretender Kommandeur der US Army Pacific, im Rahmen des Programms \u201ePacific Partnership &#8211; Friends of the Pacific 2026\u201c dem Provinzmilit\u00e4rkommando Quang Tri einen H\u00f6flichkeitsbesuch ab.<\/p>\n<p> Quelle: https:\/\/baoangiang.com.vn\/eu-tang-cuong-no-luc-thich-ung-bien-doi-khi-hau-a491470.html<\/p>\n","protected":false},"excerpt":{"rendered":"Die Europ\u00e4ische Kommission erkennt an, dass die Klimapolitik der Europ\u00e4ischen Union (EU) mit der zunehmenden Geschwindigkeit und den&hellip;\n","protected":false},"author":2,"featured_media":1144158,"comment_status":"","ping_status":"","sticky":false,"template":"","format":"standard","meta":{"footnotes":"","_share_on_mastodon":"0"},"categories":[3933],"tags":[331,332,236855,236852,240576,236853,548,663,158,3934,3935,13,952,14,15,236856,236854,12,64506],"class_list":["post-1144157","post","type-post","status-publish","format-standard","has-post-thumbnail","category-eu","tag-aktuelle-nachrichten","tag-aktuelle-news","tag-an-giang","tag-an-giang-zeitung","tag-anpassungsbemuehungen","tag-apec-2027","tag-eu","tag-europa","tag-europaeische-union","tag-europe","tag-european-union","tag-headlines","tag-klimawandel","tag-nachrichten","tag-news","tag-phu-quoc","tag-rach-gia","tag-schlagzeilen","tag-staerken"],"share_on_mastodon":{"url":"https:\/\/pubeurope.com\/@de\/116866349113907587","error":""},"_links":{"self":[{"href":"https:\/\/www.europesays.com\/de\/wp-json\/wp\/v2\/posts\/1144157","targetHints":{"allow":["GET"]}}],"collection":[{"href":"https:\/\/www.europesays.com\/de\/wp-json\/wp\/v2\/posts"}],"about":[{"href":"https:\/\/www.europesays.com\/de\/wp-json\/wp\/v2\/types\/post"}],"author":[{"embeddable":true,"href":"https:\/\/www.europesays.com\/de\/wp-json\/wp\/v2\/users\/2"}],"replies":[{"embeddable":true,"href":"https:\/\/www.europesays.com\/de\/wp-json\/wp\/v2\/comments?post=1144157"}],"version-history":[{"count":0,"href":"https:\/\/www.europesays.com\/de\/wp-json\/wp\/v2\/posts\/1144157\/revisions"}],"wp:featuredmedia":[{"embeddable":true,"href":"https:\/\/www.europesays.com\/de\/wp-json\/wp\/v2\/media\/1144158"}],"wp:attachment":[{"href":"https:\/\/www.europesays.com\/de\/wp-json\/wp\/v2\/media?parent=1144157"}],"wp:term":[{"taxonomy":"category","embeddable":true,"href":"https:\/\/www.europesays.com\/de\/wp-json\/wp\/v2\/categories?post=1144157"},{"taxonomy":"post_tag","embeddable":true,"href":"https:\/\/www.europesays.com\/de\/wp-json\/wp\/v2\/tags?post=1144157"}],"curies":[{"name":"wp","href":"https:\/\/api.w.org\/{rel}","templated":true}]}}