{"id":1144159,"date":"2026-07-05T08:08:20","date_gmt":"2026-07-05T08:08:20","guid":{"rendered":"https:\/\/www.europesays.com\/de\/1144159\/"},"modified":"2026-07-05T08:08:20","modified_gmt":"2026-07-05T08:08:20","slug":"essen-mann-stirbt-am-rand-von-messerstechereim-ordkommission-ermittelt-news","status":"publish","type":"post","link":"https:\/\/www.europesays.com\/de\/1144159\/","title":{"rendered":"Essen: Mann stirbt am Rand von Messerstecherei!M ordkommission ermittelt | News"},"content":{"rendered":"<p><a class=\"skip-content skip-content--link\" href=\"#in-content-skip-link-target-v-0-0\">TTS-Player \u00fcberspringen\u21b5<\/a><a id=\"in-content-skip-link-target-v-0-0\" class=\"skip-content--target-link-hidden skip-content skip-content--target-link\" href=\"#in-content-skip-link-target-v-0-0\">Artikel weiterlesen<\/a><\/p>\n<p>Essen (NRW) \u2013 <b>Blutige Auseinandersetzung in der Nacht auf Sonntag in Essen! Am Rande einer Feier von rund 150 Personen im beliebtesten Ausgehviertel der Stadt eskalierte ein Streit. Schlie\u00dflich ging ein Mann auf drei Kontrahenten los, ein Messer wurde gez\u00fcckt \u2013 und ein Unbeteiligter starb.<\/b><\/p>\n<p>Nach BILD-Informationen wurden Polizei und Rettungskr\u00e4fte gegen 2.20 Uhr zu einem erst nur verbalen Streit zwischen vier M\u00e4nnern in die Girardetstra\u00dfe im Stadtteil R\u00fcttenscheid von Essen (<a href=\"https:\/\/www.bild.de\/regional\/nordrhein-westfalen\/home-npIP0qL0giWP1ZFIOHn2\" class=\"text-link\" rel=\"nofollow noopener\" target=\"_blank\">Nordrhein-Westfalen<\/a>) gerufen.<\/p>\n<p><img decoding=\"async\" width=\"992\" height=\"558\" alt=\"Rettungskr\u00e4fte bringen eine schwer verletzte Person ins Krankenhaus\" loading=\"lazy\" src=\"https:\/\/www.europesays.com\/de\/wp-content\/uploads\/2026\/07\/c3acfa427768eaf09e8f9bcc0e242c49,7d538c17.jpeg\"   class=\"landscape\"\/><\/p>\n<p class=\"fig__caption__text\">Rettungskr\u00e4fte bringen eine schwer verletzte Person ins Krankenhaus<\/p>\n<p>Foto: WTVnews<\/p>\n<p>T\u00fcrsteher erlitt Herzinfarkt<\/p>\n<p>Vor Ort, am Girardethaus, trafen die Beamten auf die vier M\u00e4nner. Alle sollen blutende Stich- oder Schnittverletzungen gehabt haben. Ein weiterer Mann kollabierte, musste von Polizisten bis zum Eintreffen der Rettungsdienste vor Ort reanimiert werden, starb jedoch kurz darauf. Nach Bild-Informationen handelt es sich bei dem Todesopfer um einen unbeteiligten T\u00fcrsteher. Der 56 Jahre alte Deutsche soll infolge der Geschehnisse einen Herzinfarkt erlitten haben.<\/p>\n<p><img decoding=\"async\" width=\"992\" height=\"558\" alt=\"Polizei und Not\u00e4rzte am Tatort, f\u00fcr einen Mann kam jede Hilfe zu sp\u00e4t\" loading=\"lazy\" src=\"https:\/\/www.europesays.com\/de\/wp-content\/uploads\/2026\/07\/53feb8f5ad5c32261ed4cecf50cec70e,86b49a6c.jpeg\"   class=\"landscape\"\/><\/p>\n<p class=\"fig__caption__text\">Polizei und Not\u00e4rzte am Einsatzort<\/p>\n<p>Foto: WTVnews<\/p>\n<p>Streit bei gro\u00dfer Feier eskalierte<\/p>\n<p>Etwa 150 Personen feierten zuvor in einem angemieteten Partyraum in dem Haus eine gro\u00dfe Feier. Wie BILD erfuhr, verlagerte sich ein Streit w\u00e4hrend der Party auf die Stra\u00dfe und eskalierte dort. Worum es bei der Auseinandersetzung ging, ist am fr\u00fchen Sonntagmorgen noch unklar. Bei den Tatbeteiligten soll es sich um drei T\u00fcrken (42 \u2013 48) und einen Deutschen (42) handeln. Ein 46-j\u00e4hriger T\u00fcrke, der selbst verletzt wurde, konnte als Hauptverd\u00e4chtiger identifiziert werden. Er soll das Messer eingesetzt haben und vorl\u00e4ufig festgenommen worden sein. Im Krankenhaus wird er derzeit von der <a href=\"https:\/\/www.bild.de\/regional\/aktuelles\/polizei\/polizeieinsatz-alle-infos-76681760.bild.html\" class=\"text-link\" rel=\"nofollow noopener\" target=\"_blank\">Polizei <\/a>bewacht, dem Mann wird nach Bild-Informationen versuchte T\u00f6tung vorgeworfen.<\/p>\n<p>In einer fr\u00fcheren Version des Artikels war zu lesen, dass es sich um eine Massenschl\u00e4gerei handelte, neue Erkenntnisse best\u00e4tigen diese erste Annahme nicht. Weitere Details will die Polizei im Verlauf des Tages mitteilen. Eine Mordkommission hat Ermittlungen aufgenommen.<\/p>\n","protected":false},"excerpt":{"rendered":"TTS-Player \u00fcberspringen\u21b5Artikel weiterlesen Essen (NRW) \u2013 Blutige Auseinandersetzung in der Nacht auf Sonntag in Essen! Am Rande einer&hellip;\n","protected":false},"author":2,"featured_media":1144160,"comment_status":"","ping_status":"","sticky":false,"template":"","format":"standard","meta":{"footnotes":"","_share_on_mastodon":"0"},"categories":[5],"tags":[331,332,1737,3364,29,3688,1736,30,13,3441,1981,5514,2183,2290,14,15,121,16039,12,3269,138370],"class_list":["post-1144159","post","type-post","status-publish","format-standard","has-post-thumbnail","category-nachrichten","tag-aktuelle-nachrichten","tag-aktuelle-news","tag-breaking-news","tag-de","tag-deutschland","tag-essen","tag-fb-instantarticles","tag-germany","tag-headlines","tag-machete","tag-messer","tag-messerstecherei","tag-mord","tag-mordkommission","tag-nachrichten","tag-news","tag-polizei","tag-polizeiliche-massnahmen","tag-schlagzeilen","tag-stichwaffen","tag-team-first"],"share_on_mastodon":{"url":"https:\/\/pubeurope.com\/@de\/116866351749151994","error":""},"_links":{"self":[{"href":"https:\/\/www.europesays.com\/de\/wp-json\/wp\/v2\/posts\/1144159","targetHints":{"allow":["GET"]}}],"collection":[{"href":"https:\/\/www.europesays.com\/de\/wp-json\/wp\/v2\/posts"}],"about":[{"href":"https:\/\/www.europesays.com\/de\/wp-json\/wp\/v2\/types\/post"}],"author":[{"embeddable":true,"href":"https:\/\/www.europesays.com\/de\/wp-json\/wp\/v2\/users\/2"}],"replies":[{"embeddable":true,"href":"https:\/\/www.europesays.com\/de\/wp-json\/wp\/v2\/comments?post=1144159"}],"version-history":[{"count":0,"href":"https:\/\/www.europesays.com\/de\/wp-json\/wp\/v2\/posts\/1144159\/revisions"}],"wp:featuredmedia":[{"embeddable":true,"href":"https:\/\/www.europesays.com\/de\/wp-json\/wp\/v2\/media\/1144160"}],"wp:attachment":[{"href":"https:\/\/www.europesays.com\/de\/wp-json\/wp\/v2\/media?parent=1144159"}],"wp:term":[{"taxonomy":"category","embeddable":true,"href":"https:\/\/www.europesays.com\/de\/wp-json\/wp\/v2\/categories?post=1144159"},{"taxonomy":"post_tag","embeddable":true,"href":"https:\/\/www.europesays.com\/de\/wp-json\/wp\/v2\/tags?post=1144159"}],"curies":[{"name":"wp","href":"https:\/\/api.w.org\/{rel}","templated":true}]}}