{"id":1144179,"date":"2026-07-05T08:23:18","date_gmt":"2026-07-05T08:23:18","guid":{"rendered":"https:\/\/www.europesays.com\/de\/1144179\/"},"modified":"2026-07-05T08:23:18","modified_gmt":"2026-07-05T08:23:18","slug":"dynamo-dresden-28-tore-in-21-stunden-und-ein-kurioser-kuechen-kampf-sport","status":"publish","type":"post","link":"https:\/\/www.europesays.com\/de\/1144179\/","title":{"rendered":"Dynamo Dresden: 28 Tore in 21 Stunden und ein kurioser K\u00fcchen-Kampf | Sport"},"content":{"rendered":"<p><a class=\"skip-content skip-content--link\" href=\"#in-content-skip-link-target-v-0-0\">TTS-Player \u00fcberspringen\u21b5<\/a><a id=\"in-content-skip-link-target-v-0-0\" class=\"skip-content--target-link-hidden skip-content skip-content--target-link\" href=\"#in-content-skip-link-target-v-0-0\">Artikel weiterlesen<\/a><\/p>\n<p data-21134c99=\"0-2372\"><b>In den ersten zwei Tests der Saisonvorbereitung gab\u00b4s f\u00fcr Zweitligist Dynamo Dresden Tore satt \u2013 genauer gesagt 28 in 21 Stunden. Bei Oberligist Bautzen und Kreisoberligist Neustadt stand jeweils ein 14:0 auf der Anzeigetafel. <\/b><\/p>\n<p data-21134c99=\"0-2372\">Dass sich die Kicker so ins Zeug legen, hatte einen Grund: Es ging um den K\u00fcchendienst samt Fr\u00fchst\u00fcck f\u00fcr die kommende Woche! Daf\u00fcr wurden zwei Teams gebildet, die jeweils 45 Minuten auf dem Platz standen. Trainer Thomas Stamm: \u201eDass die Jungs einen kleinen Wettkampf haben, hat man auch gesp\u00fcrt. Da war eine gute Energie da. So muss das sein, dass sie Gas geben, wenn es um was geht.\u201c <\/p>\n<p>Mehr zum Thema<\/p>\n<p data-21134c99=\"0-2372\">\u201eMan hat aber auch gesehen, dass wir Spa\u00df am Spiel haben. So fing das Training schon an. Und wir freuen uns auf mehr\u201c, meinte R\u00fcckkehrer Jonas Sterner, dem in Bautzen mit einer 20-Meter-Rakete das wohl sch\u00f6nste Tor des Wochenendes gelang. \u201eDen habe ich ganz gut erwischt, da hat das Netz sch\u00f6n gezappelt.\u201c<\/p>\n<p><img decoding=\"async\" width=\"992\" height=\"558\" alt=\"Die Dynamos um Robert Wagner (l.) legten sich gleich in den ersten beiden Tests ordentlich ins Zeug\" loading=\"lazy\" src=\"https:\/\/www.europesays.com\/de\/wp-content\/uploads\/2026\/07\/9977c1f77f17ed7fd6c7e990326d62cb,564eccce.jpeg\"   class=\"landscape\"\/><\/p>\n<p class=\"fig__caption__text\">Die Dynamos um Robert Wagner (l.) legten sich gleich in den ersten beiden Tests ordentlich ins Zeug<\/p>\n<p>Foto: Olaf Rentsch<\/p>\n<p data-21134c99=\"0-2372\">Am Ende gewann Team Niklas Hauptmann gegen Team Vincent Vermeij mit 18:10. Die besten Sch\u00fctzen waren dabei Christoph Daferner (5), Jakob Lemmer (4), Hauptmann und Neuzugang Kaan Inanoglu (je 3). Torwart Elias Bethke, der in Bautzen seine Premiere im Dynamo-Tor feierte: \u201eDie Sieger k\u00f6nnen feiern, die anderen m\u00fcssen arbeiten. Mit K\u00fcchendienst, Fr\u00fchst\u00fcck, Materialdienst und allem drum und dran.\u201c<\/p>\n<p>Keine Verletzten, tolle Stimmung<\/p>\n<p data-21134c99=\"0-2372\">Trotz des internen Wettkampfes standen f\u00fcr Coach Stamm andere Dinge im Vordergrund: \u201eEs ging in erster Linie darum, sich zu bewegen, viel zu laufen und zwei tolle Testspiele in der Region zu absolvieren\u201c, so der Schweizer nach den zwei Spielen vor der eindrucksvollen Kulisse von insgesamt rund 4500 Zuschauern. \u201eDa bin ich sehr zufrieden, zumal alle gesund geblieben sind. Resultate und Inhalte waren noch nicht so entscheidend.\u201c<\/p>\n<p><img decoding=\"async\" width=\"992\" height=\"558\" alt=\"Christoph Daferner (l.) war am Wochenende erfolgreichster Dresdner Torsch\u00fctze\" loading=\"lazy\" src=\"https:\/\/www.europesays.com\/de\/wp-content\/uploads\/2026\/07\/3f5be006dc470eca2639a1f33224f3e6,f84a9109.jpeg\"   class=\"landscape\"\/><\/p>\n<p class=\"fig__caption__text\">Christoph Daferner (l.) war am Wochenende erfolgreichster Dresdner Torsch\u00fctze<\/p>\n<p>Foto: Olaf Rentsch<\/p>\n<p data-21134c99=\"0-2372\">Das wird sich in den kommenden Tests zweifellos \u00e4ndern, zumal die Qualit\u00e4t der Gegner dann definitiv zunimmt. Kommenden Samstag empf\u00e4ngt <a href=\"https:\/\/www.bild.de\/sport\/fussball\/dynamo-dresden\/startseite-dynamo-46789412.bild.html\" class=\"text-link\" rel=\"nofollow noopener\" target=\"_blank\">Dynamo Dresden<\/a> S\u00fcdwest-Regionalligist Hessen Kassel, im anschlie\u00dfenden Trainingslager geht\u00b4s gegen den \u00f6sterreichischen Bundesligisten Grazer AK (18. Juli). Danach folgen noch ein XXL-Test gegen Zweitliga-Aufsteiger Energie Cottbus \u00fcber zweimal 60 Minuten (25. Juli) und die Generalprobe gegen Bundesligist Union Berlin (1. August).<\/p>\n<p data-21134c99=\"0-2372\">Gen\u00fcgend M\u00f6glichkeiten also, um f\u00fcr den <a href=\"https:\/\/www.bild.de\/sport\/fussball\/dynamo-dresden-spielplan-da-gegen-dieses-team-bleibt-der-k-block-zu-6a4629113f5c38e2aa5a6698\" class=\"text-link\" rel=\"nofollow noopener\" target=\"_blank\">Zweitliga-Start beim 1. FC N\u00fcrnberg<\/a> (8.\/9. August) ger\u00fcstet zu sein.<\/p>\n","protected":false},"excerpt":{"rendered":"TTS-Player \u00fcberspringen\u21b5Artikel weiterlesen In den ersten zwei Tests der Saisonvorbereitung gab\u00b4s f\u00fcr Zweitligist Dynamo Dresden Tore satt \u2013&hellip;\n","protected":false},"author":2,"featured_media":1144180,"comment_status":"","ping_status":"","sticky":false,"template":"","format":"standard","meta":{"footnotes":"","_share_on_mastodon":"0"},"categories":[1835],"tags":[297,621,6905,3364,29,2386,3766,5952,12918,347,30,87883,49623,4927,859,6963,3460,11460,8736,3767],"class_list":["post-1144179","post","type-post","status-publish","format-standard","has-post-thumbnail","category-dresden","tag-1-fc-union-berlin","tag-2-bundesliga","tag-bautzen","tag-de","tag-deutschland","tag-dresden","tag-dynamo-dresden","tag-energie-cottbus","tag-fruehstueck","tag-fussball","tag-germany","tag-grazer-ak","tag-ksv-hessen-kassel","tag-kueche","tag-sachsen","tag-sieg","tag-sport-leuchtturm-leipzig","tag-testspiel","tag-tor","tag-training"],"share_on_mastodon":{"url":"https:\/\/pubeurope.com\/@de\/116866411039757529","error":""},"_links":{"self":[{"href":"https:\/\/www.europesays.com\/de\/wp-json\/wp\/v2\/posts\/1144179","targetHints":{"allow":["GET"]}}],"collection":[{"href":"https:\/\/www.europesays.com\/de\/wp-json\/wp\/v2\/posts"}],"about":[{"href":"https:\/\/www.europesays.com\/de\/wp-json\/wp\/v2\/types\/post"}],"author":[{"embeddable":true,"href":"https:\/\/www.europesays.com\/de\/wp-json\/wp\/v2\/users\/2"}],"replies":[{"embeddable":true,"href":"https:\/\/www.europesays.com\/de\/wp-json\/wp\/v2\/comments?post=1144179"}],"version-history":[{"count":0,"href":"https:\/\/www.europesays.com\/de\/wp-json\/wp\/v2\/posts\/1144179\/revisions"}],"wp:featuredmedia":[{"embeddable":true,"href":"https:\/\/www.europesays.com\/de\/wp-json\/wp\/v2\/media\/1144180"}],"wp:attachment":[{"href":"https:\/\/www.europesays.com\/de\/wp-json\/wp\/v2\/media?parent=1144179"}],"wp:term":[{"taxonomy":"category","embeddable":true,"href":"https:\/\/www.europesays.com\/de\/wp-json\/wp\/v2\/categories?post=1144179"},{"taxonomy":"post_tag","embeddable":true,"href":"https:\/\/www.europesays.com\/de\/wp-json\/wp\/v2\/tags?post=1144179"}],"curies":[{"name":"wp","href":"https:\/\/api.w.org\/{rel}","templated":true}]}}