{"id":1144186,"date":"2026-07-05T08:27:21","date_gmt":"2026-07-05T08:27:21","guid":{"rendered":"https:\/\/www.europesays.com\/de\/1144186\/"},"modified":"2026-07-05T08:27:21","modified_gmt":"2026-07-05T08:27:21","slug":"grosseinsatz-in-essen-ein-toter-nach-heftiger-auseinandersetzung","status":"publish","type":"post","link":"https:\/\/www.europesays.com\/de\/1144186\/","title":{"rendered":"Gro\u00dfeinsatz in Essen! Ein Toter nach heftiger Auseinandersetzung"},"content":{"rendered":"<p>In der Nacht zu Sonntag (5. Juli) kam es in Essen-R\u00fcttenscheid zu einem gr\u00f6\u00dferen Polizeieinsatz am Girardethaus. Alarmierte Polizei und Rettungskr\u00e4fte r\u00fcckten an. Eine Person starb. Die Pressestelle der Polizei Essen best\u00e4tigte am Morgen gegen\u00fcber DER WESTEN den Einsatz.<\/p>\n<p>Nach ersten, noch nicht best\u00e4tigten Informationen soll im Girardethaus eine Party stattgefunden haben. Gegen 2.30 Uhr morgens soll vor dem Geb\u00e4ude die Lage auf der Stra\u00dfe eskaliert sein. Es entwickelte sich eine gewaltsame Auseinandersetzung mit mehreren Beteiligten. Am Ende ist eine Person tot. Was bislang bekannt ist.<\/p>\n<blockquote class=\"wp-block-quote is-style-default is-layout-flow wp-block-quote-is-layout-flow\" style=\"padding-right:var(--wp--preset--spacing--60);padding-left:var(--wp--preset--spacing--60)\"><p> \ud83d\udccc Das Girardethaus in Essen-R\u00fcttenscheid  <\/p>\n<ul class=\"wp-block-list has-small-font-size\">\n<li><strong>Art der Nutzung:<\/strong> Heute ein multifunktionales Dienstleistungs- und Gewerbezentrum mit B\u00fcros, Praxen, Handel, Gastronomie sowie weiteren Angeboten.<\/li>\n<li><strong>Historischer Ursprung:<\/strong> Ehemaliges Druck- und Verlagshaus der Familie Girardet, das Ende des 19. Jahrhunderts entstand und lange als bedeutender Produktionsstandort der Druck- und Medienbranche diente.<\/li>\n<li><strong>Gr\u00f6\u00dfe \/ Struktur:<\/strong> Gro\u00dfer Geb\u00e4udekomplex mit mehreren H\u00f6fen und Passagen, rund 45.500 Quadratmeter Nutzfl\u00e4che f\u00fcr unterschiedliche gewerbliche Nutzungen.<\/li>\n<\/ul>\n<\/blockquote>\n<p>\t\t Essen: Hintergr\u00fcnde noch unklar <\/p>\n<p>Mehrere Menschen erlitten dabei schwere Verletzungen, wie es aus ersten Berichten hei\u00dft. Die Polizei in Essen machte am Sonntagmorgen gegen\u00fcber DER WESTEN jedoch noch keine detaillierten Angaben zu Opferzahlen oder m\u00f6glichen Hintergr\u00fcnden.<\/p>\n<p>Weder zur genauen Ursache noch zum Ablauf \u00e4u\u00dferten sich Polizei und Staatsanwaltschaft bislang konkret. Auch bleibt offen, wie viele Personen in Essen beteiligt waren und ob m\u00f6gliche Tatverd\u00e4chtige bereits festgesetzt wurden.<\/p>\n<p> <img loading=\"lazy\" decoding=\"async\" height=\"576\" width=\"1024\" src=\"https:\/\/www.europesays.com\/de\/wp-content\/uploads\/2026\/07\/05072026wtvnews-essen-messerstecherei-giradet-haus-2.jpg\" alt=\"Polizei steht vor vielen Menschen vor dem Girardethaus in Essen,\" class=\"wp-image-302095879\"  \/>In Essen-R\u00fcttenscheid ist es Sonntagnacht zu einem Gro\u00dfeinsatz gekommen. Foto: Michael Weber<\/p>\n<p>Das Girardethaus im Stadtteil R\u00fcttenscheid gilt in Essen als bekannter Treffpunkt. Rund um das Geb\u00e4ude in Essen-R\u00fcttenscheid kam es in der Nacht zu einem massiven Aufgebot von Polizei und Rettungsdiensten. Die Situation blieb zun\u00e4chst un\u00fcbersichtlich, w\u00e4hrend die Einsatzkr\u00e4fte arbeiteten. <\/p>\n<p>Mehr Nachrichten:<\/p>\n<p>Am Morgen best\u00e4tigten die Beh\u00f6rden lediglich den Tod einer Person in Essen. Weitere gesicherte Details zur Tat oder zu m\u00f6glichen Hintergr\u00fcnden liegen bislang nicht vor. Der Fall liegt bereits bei der Staatsanwaltschaft Essen. Diese war am Sonntag f\u00fcr DER WESTEN nicht erreichbar.<\/p>\n<p><a href=\"http:\/\/Polizei-Einsatz%20in%20NRW%20endet%20t%C3%B6dlich%20%E2%80%93%20Mann%20(42)%20von%20Beamten%20erschossen\" target=\"_blank\" rel=\"noreferrer noopener nofollow\">Am 2. Juli endete ein Polizeieinsatz in NRW t\u00f6dlich. Die Beamten erschossen einen 42-j\u00e4hrigen Mann in Remscheid.<\/a><\/p>\n","protected":false},"excerpt":{"rendered":"In der Nacht zu Sonntag (5. Juli) kam es in Essen-R\u00fcttenscheid zu einem gr\u00f6\u00dferen Polizeieinsatz am Girardethaus. Alarmierte&hellip;\n","protected":false},"author":2,"featured_media":1144187,"comment_status":"","ping_status":"","sticky":false,"template":"","format":"standard","meta":{"footnotes":"","_share_on_mastodon":"0"},"categories":[1834],"tags":[4572,3364,29,3688,30,1209,128438],"class_list":["post-1144186","post","type-post","status-publish","format-standard","has-post-thumbnail","category-essen","tag-polizei-essen","tag-de","tag-deutschland","tag-essen","tag-germany","tag-nordrhein-westfalen","tag-polizeieinsaetze-nrw"],"share_on_mastodon":{"url":"","error":""},"_links":{"self":[{"href":"https:\/\/www.europesays.com\/de\/wp-json\/wp\/v2\/posts\/1144186","targetHints":{"allow":["GET"]}}],"collection":[{"href":"https:\/\/www.europesays.com\/de\/wp-json\/wp\/v2\/posts"}],"about":[{"href":"https:\/\/www.europesays.com\/de\/wp-json\/wp\/v2\/types\/post"}],"author":[{"embeddable":true,"href":"https:\/\/www.europesays.com\/de\/wp-json\/wp\/v2\/users\/2"}],"replies":[{"embeddable":true,"href":"https:\/\/www.europesays.com\/de\/wp-json\/wp\/v2\/comments?post=1144186"}],"version-history":[{"count":0,"href":"https:\/\/www.europesays.com\/de\/wp-json\/wp\/v2\/posts\/1144186\/revisions"}],"wp:featuredmedia":[{"embeddable":true,"href":"https:\/\/www.europesays.com\/de\/wp-json\/wp\/v2\/media\/1144187"}],"wp:attachment":[{"href":"https:\/\/www.europesays.com\/de\/wp-json\/wp\/v2\/media?parent=1144186"}],"wp:term":[{"taxonomy":"category","embeddable":true,"href":"https:\/\/www.europesays.com\/de\/wp-json\/wp\/v2\/categories?post=1144186"},{"taxonomy":"post_tag","embeddable":true,"href":"https:\/\/www.europesays.com\/de\/wp-json\/wp\/v2\/tags?post=1144186"}],"curies":[{"name":"wp","href":"https:\/\/api.w.org\/{rel}","templated":true}]}}