{"id":1144249,"date":"2026-07-05T09:04:45","date_gmt":"2026-07-05T09:04:45","guid":{"rendered":"https:\/\/www.europesays.com\/de\/1144249\/"},"modified":"2026-07-05T09:04:45","modified_gmt":"2026-07-05T09:04:45","slug":"daempfer-fuer-chrupalla-weidel-gestaerkt-die-afd-setzt-ihren-parteitag-in-erfurt-fort","status":"publish","type":"post","link":"https:\/\/www.europesays.com\/de\/1144249\/","title":{"rendered":"D\u00e4mpfer f\u00fcr Chrupalla, Weidel gest\u00e4rkt: Die AfD setzt ihren Parteitag in Erfurt fort"},"content":{"rendered":"<p class=\"tspBYm2 tspBYm3\">Begleitet von Protesten des Aktionsb\u00fcndnisses \u201eWidersetzen\u201c hat die AfD am Samstag ihren <a href=\"https:\/\/www.tagesspiegel.de\/berlin\/bundeswehr-warnt-vor-angriffen-bei-protesten-gegen-afd-parteitag-soldaten-sollen-im-raum-erfurt-keine-uniform-tragen-15795779.html?icid=in-text-link_15794774\" class=\"link link--internal\" data-gtm-class=\"article-text-link\" data-gtm-val=\"internal\" rel=\"nofollow noopener\" target=\"_blank\">Parteitag in Erfurt<\/a> begonnen. Das konnten auch Sitzblockaden vor dem Erfurter Messegel\u00e4nde nicht verhindern. Am Sonntag geht es weiter. Hier halten wir Sie \u00fcber das Geschehen auf und um den Parteitag der AfD auf dem Laufenden.<\/p>\n<p> 10:22 Uhr: Die AfD setzt ihren Parteitag in Erfurt fort <\/p>\n<p class=\"tspBYm2\">Mit Videos zur Einstimmung auf die anstehenden Landtagswahlen im Osten des Landes hat die AfD ihren Parteitag in Erfurt fortgesetzt. Die AfD-Delegierten besch\u00e4ftigen sich am zweiten Tag ihres Treffens mit weiteren Wahlen von Schiedsrichtern des internen Parteigerichts sowie \u00c4nderungen an der Bundessatzung und an der Finanz- und Beitragsordnung. Dabei geht es etwa um die Gestaltung von Gespr\u00e4chen bei der Aufnahme neuer Parteimitglieder, um Mitgliedsbeitr\u00e4ge und die Durchf\u00fchrung von Parteitagen.<\/p>\n<p> Samstag, 04.07.2026  19:11 Uhr: Polizei spricht von \u201esehr zufriedenstellendem Einsatz\u201c \u2013 und erwartet ruhige Nacht in Erfurt <\/p>\n<p class=\"tspBYm2\">Die Polizei zeigt sich am fr\u00fchen Abend mit dem Gro\u00dfeinsatz rund um den AfD-Bundesparteitag in Erfurt zufrieden. \u201eF\u00fcr die Polizei lief der Einsatz bisher sehr zufriedenstellend\u201c, sagte Sprecher Daniel Lenk. Die Lage sei sehr dynamisch gewesen. \u201eUnsere Kollegen mussten teilweise an vielen Orten gleichzeitig sein, um daf\u00fcr zu sorgen, dass die Veranstaltungen sicher und ordnungsgem\u00e4\u00df ablaufen\u201c, so Lenk. Der Einsatz sei weitgehend friedlich verlaufen.\u00a0<\/p>\n<p class=\"tspBYm2\">48 Straftaten wurden demnach gez\u00e4hlt. Die Beamten registrierten au\u00dferdem elf Ordnungswidrigkeiten. Die Polizei rechnet mit einer ruhigen Nacht. Die ersten Demoteilnehmer machten sich auf den R\u00fcckweg, hie\u00df es. Der H\u00f6hepunkt sei am Nachmittag mit etwa 31.000 Teilnehmern erreicht gewesen. \u201eWir haben keine gro\u00dfen Bef\u00fcrchtungen f\u00fcr die Nacht\u201c, sagte Lenk. Die Polizei sei weiter mit starken Kr\u00e4ften im Raum unterwegs. Mit Ausschreitungen werde nicht gerechnet.\u00a0<\/p>\n<p class=\"tspBYm2\">Unterdessen leerte sich am fr\u00fchen Abend auch der Platz vor der Messe, an der sich am Nachmittag bis zu 15.000 Demonstranten versammelt hatten, deutlich.<\/p>\n<p> 19:01 Uhr: AfD-Parteitag bis Sonntag unterbrochen <\/p>\n<p class=\"tspBYm2\">Die Delegierten der AfD haben den ersten Teil ihres als zweit\u00e4gige Veranstaltung geplanten Bundesparteitages in Erfurt am Samstagabend um etwa 19.00 Uhr beendet. Am Sonntag soll das Treffen der rund 600 Delegierten in der Hauptstadt Th\u00fcringens fortgesetzt werden. Mit der Wahl eines neuen Bundesvorstandes und der Neuwahl von Mitgliedern des Bundesschiedsgerichts der Partei sind die wichtigsten Tagesordnungspunkte bereits abgehakt.<\/p>\n<p class=\"tspBYm2\">Am Sonntag sollen unter anderem Satzungsfragen sowie Details der Gesch\u00e4ftsordnung f\u00fcr Parteitage diskutiert werden. Zudem steht noch die Wahl von Ersatzrichtern f\u00fcr das parteiinterne Gericht an.<\/p>\n<p> 15:55 Uhr: AfD tauscht auch Schatzmeister aus <\/p>\n<p class=\"tspBYm2\">Die Delegierten bestimmten <strong>Hannes Gnauck<\/strong> zum neuen Bundesschatzmeister. Der fr\u00fchere Chef der inzwischen aufgel\u00f6sten Jungen Alternative forderte Amtsinhaber Carsten H\u00fctter heraus. In zwei Wahlg\u00e4ngen erreichte jedoch keiner von beiden die notwendige Mehrheit. Im dritten Wahlgang lag schlie\u00dflich Gnauck mit 51 Prozent vorn. H\u00fctter erhielt 44,8 Prozent.<\/p>\n<p><img decoding=\"async\" src=\"https:\/\/www.europesays.com\/de\/wp-content\/uploads\/2026\/07\/1783242256_21_bundesparteitag-der-afd.jpeg\"   alt=\"04.07.2026, Th\u00fcringen, Erfurt: Hannes Gnauck (AfD) spricht beim Bundesparteitag der AfD. Bei dem Treffen soll die F\u00fchrungsspitze der Partei neu gew\u00e4hlt werden. Der Bundesparteitag der AfD findet am 4. und 5. Juli in der Messe Erfurt statt. Foto: Katharina Kausche\/dpa +++ dpa-Bildfunk +++\" aria-labelledby=\"caption-15799817\" width=\"440\" height=\"330\" loading=\"lazy\" class=\"tspAXix\"\/> \u201eIch kann und ich will f\u00fchren\u201c sagte Gnauck <\/p>\n<p class=\"tspYfv\"> \u00a9 dpa\/Katharina Kausche <\/p>\n<p class=\"tspBYm2\">\u201eIch bin gelernter Kaufmann, ich kann und ich will f\u00fchren\u201c, hatte Gnauck in seiner Bewerbungsrede gesagt. H\u00fctter betonte seine Erfahrung und erw\u00e4hnte, dass die AfD unter ihm aktuell einen Kontostand von rund 14 Millionen Euro habe.<\/p>\n<p class=\"tspBYm2\">Gnauck ist Bundestagsabgeordneter und im Parlament Verteidigungspolitiker der AfD. Er war von 2014 bis 2021 Soldat auf Zeit. Er stand in der Vergangenheit auch wegen eines Disziplinarverfahrens, das seine Bundeswehrzeit betrifft, im Fokus. Laut einem im Fr\u00fchjahr von Gnauck auf X verbreiteten Dokument wird ihm vorgeworfen, seine Dienstpflichten verletzt zu haben. Unter anderem, weil er f\u00fcr die damalige AfD-Jugendorganisation Junge Alternative aktiv war, nachdem diese vom Verfassungsschutz als Verdachtsfall im Bereich des Rechtsextremismus eingestuft wurde.<\/p>\n<p> 15:20 Uhr: Gr\u00fcnen-Fraktionsvize: AfD stellt sich in Tradition der NSDAP <\/p>\n<p class=\"tspBYm2\">Gr\u00fcnen-Fraktionsvize Andreas Audretsch hat die massive Mobilisierung von AfD-Gegnern in Erfurt begr\u00fc\u00dft. \u201eDie AfD stellt sich hier in Erfurt in die <strong>Tradition der Hitler-Partei NSDAP<\/strong> \u2013 ganz bewusst, ganz offen\u201c, sagte Audretsch, der selbst an den Kundgebungen gegen den AfD-Parteitag in Erfurt teilnahm, am Samstag der Nachrichtenagentur AFP. \u201eDarum ist es so wichtig, dass Zehntausende friedlich gegen die AfD auf den Stra\u00dfen sind.\u201c<\/p>\n<p><img decoding=\"async\" src=\"https:\/\/www.europesays.com\/de\/wp-content\/uploads\/2026\/07\/andreas-audretsch.jpeg\"   alt=\"ARCHIV - 27.09.2023, Berlin: Andreas Audretsch (B\u00fcndnis 90 die Gr\u00fcnen), spricht im Bundestag. (zu dpa: \u00abGr\u00fcne: Regierungspl\u00e4ne k\u00f6nnten Kommunen \u00abGenick brechen\u00bb\u00bb) Foto: Britta Pedersen\/dpa +++ dpa-Bildfunk +++\" aria-labelledby=\"caption-15799262\" width=\"440\" height=\"330\" loading=\"lazy\" class=\"tspAXix\"\/> Andreas Audretsch (B\u00fcndnis 90 die Gr\u00fcnen) <\/p>\n<p class=\"tspYfv\"> \u00a9 dpa\/Britta Pedersen <\/p>\n<p class=\"tspBYm2\">Audretsch zeigte sich \u00fcberzeugt, dass Datum und Ort des AfD-Bundesparteitags kein Zufall seien. Das AfD-Treffen fand <strong>auf den Tag genau 100 Jahre nach dem Reichsparteitag der NSDAP<\/strong> im nahen Weimar statt.<\/p>\n<p class=\"tspBYm2\">\u201eMit ihrem Parteitag in Th\u00fcringen stellt die AfD sich in die Tradition eines NSDAP-Parteitags, der sich durch die <strong>Gr\u00fcndung der Hitler-Jugend<\/strong>, die \u00f6ffentlichkeitswirksame Inszenierung des Hitler-Gru\u00dfes und die Aufwertung der SS auszeichnete\u201c, sagte der Gr\u00fcnen-Politiker zu AFP. Dies d\u00fcrfe \u201eniemals akzeptiert werden\u201c, f\u00fcgte er hinzu. \u201eWir werden unsere Demokratie vor <strong>Verfassungsfeinden und Menschenfeindlichkeit<\/strong> verteidigen.\u201c<\/p>\n<p> 14:50 Uhr: Vertraute von Weidel und H\u00f6cke bekommen wichtige Posten <\/p>\n<p class=\"tspBYm2\">In der zweiten Reihe des AfD-Parteivorstandes gibt es Bewegung. Die Delegierten w\u00e4hlten beim Bundesparteitag in Erfurt <a href=\"https:\/\/www.tagesspiegel.de\/politik\/niemand-kommt-rein-und-millionen-fliegen-raus-afd-politiker-besuchen-internationalen-gipfel-zu-remigration-15660381.html?icid=in-text-link_15794774\" class=\"link link--internal\" data-gtm-class=\"article-text-link\" data-gtm-val=\"internal\" rel=\"nofollow noopener\" target=\"_blank\">Sven Tritschler<\/a> aus Nordrhein-Westfalen zu einem von insgesamt drei stellvertretenden Vorsitzenden, wie dpa meldet. Tritschler, der mit 50,7 Prozent knapp die notwendige Mehrheit erzielte, war von der Parteivorsitzenden Alice Weidel als stellvertretender Vorsitzender vorgeschlagen worden.<\/p>\n<p><img decoding=\"async\" src=\"https:\/\/www.europesays.com\/de\/wp-content\/uploads\/2026\/07\/german-city-of-erfurt-hosts-far-right-afd-party-congress.jpeg\"   alt=\"AfD co-leaders Alice Weidel and Tino Chrupalla walk in the venue during a two-day party convention of Germany's far-right Alternative for Germany (AfD) party, in Erfurt, Germany, July 4, 2026. REUTERS\/Karina Hessland\" aria-labelledby=\"caption-15799154\" width=\"440\" height=\"330\" loading=\"lazy\" class=\"tspAXix\"\/> Alice Weidel und Tino Chrupalla wurden am Sonnabend als AfD-Parteichefs best\u00e4tigt, wenn auch mit sehr unterschiedlichen Ergebnissen. <\/p>\n<p class=\"tspYfv\"> \u00a9 REUTERS\/Karina Hessland <\/p>\n<p class=\"tspBYm2\">Kay Gottschalk, der finanzpolitischer Sprecher der AfD-Bundestagsfraktion ist, hatte in seiner Bewerbungsrede mit Spr\u00fcchen wie \u201eRemigration l\u00f6st viele Probleme\u201c und Forderungen nach \u00c4nderungen \u201eam Charakter und an der Geisteshaltung dieses Landes\u201c vergeblich versucht zu punkten. Der Bundestagsabgeordnete, der dem alten Bundesvorstand als Stellvertreter angeh\u00f6rte und ebenfalls aus NRW ist, erhielt rund 36 Prozent.<\/p>\n<p class=\"tspBYm2\">Der Vertraute des rechtsextremen\u00a0Politikers Bj\u00f6rn H\u00f6cke, <a href=\"https:\/\/www.tagesspiegel.de\/politik\/neuer-fall-von-uberkreuz-einstellung-mann-von-thuringer-afd-abgeordneter-arbeitet-fur-bundestagskollegen-15265893.html?icid=in-text-link_15794774\" class=\"link link--internal\" data-gtm-class=\"article-text-link\" data-gtm-val=\"internal\" rel=\"nofollow noopener\" target=\"_blank\">Stefan M\u00f6ller<\/a>, ist zum stellvertretenden Bundessprecher seiner Partei gew\u00e4hlt worden. Der Jurist und Th\u00fcringer AfD-Co-Chef erhielt auf dem Bundesparteitag in Erfurt 76,54 Prozent. Bj\u00f6rn H\u00f6cke hatte vor einigen Wochen schon signalisiert, dass M\u00f6ller die Th\u00fcringer Linie in den Bundesvorstand der AfD tragen soll.\u00a0<\/p>\n<p> 14:25 Uhr: Ein Hauch von \u201eStar Wars\u201c in der Halle <\/p>\n<p class=\"tspBYm2\">W\u00e4hrend der Vorstandswahlen sind in der Halle pl\u00f6tzlich laute T\u00f6ne zu h\u00f6ren, die an Darth Vader denken lassen, den Anf\u00fchrer des Galaktischen Imperiums und einer der beiden Hauptb\u00f6sewichte in den \u201eStar-Wars\u201c-Filmen. Das meldet unsere Reporterin Stefanie Witte.<\/p>\n<p class=\"tspAAf7\">Empfohlener redaktioneller Inhalt<\/p>\n<p> An dieser Stelle finden Sie einen von unseren Redakteuren ausgew\u00e4hlten, externen Inhalt, der den Artikel f\u00fcr Sie mit zus\u00e4tzlichen Informationen anreichert. Sie k\u00f6nnen sich hier den externen Inhalt mit einem Klick anzeigen lassen oder wieder ausblenden. <\/p>\n<p> Externen Inhalt anzeigen <\/p>\n<p class=\"tspAAgd\"> Ich bin damit einverstanden, dass mir der externe Inhalt angezeigt wird. Damit k\u00f6nnen personenbezogene Daten an Drittplattformen \u00fcbermittelt werden.  Mehr Informationen dazu erhalten Sie in den Datenschutz-Einstellungen. Diese finden Sie ganz unten auf unserer Seite im Footer, sodass Sie Ihre Einstellungen jederzeit verwalten oder widerrufen k\u00f6nnen. <\/p>\n<p class=\"tspBYm2\">Kurze Zeit sp\u00e4ter wird klar: Offenbar wurden in der Halle an mehreren Orten Boxen versteckt, die von Unbekannten abwechselnd angesteuert werden. Techniker versuchen, sie zu finden. Bis dahin dr\u00f6hnt aus ihnen der \u201eImperiale Marsch\u201c aus dem Soundtrack zum \u201eStar-Wars\u201c-Film \u201e\u00a0Das Imperium schl\u00e4gt zur\u00fcck\u201c.<\/p>\n<p> 14:20 Uhr: Polizei sch\u00e4tzt Zahl der Anti-AfD-Demonstranten auf 31.000, Veranstalter sprechen von 50.000 <\/p>\n<p class=\"tspBYm2\">Zehntausende Menschen haben sich am Sonnabend  an Protesten gegen den AfD-Bundesparteitag in Erfurt beteiligt, so weit besteht Einigkeit zwischen Veranstaltern und Beh\u00f6rden. Doch bei den konkreten Zahlen gehen die Sch\u00e4tzungen auseinander. Nach Angaben der Polizei kamen 31.000 Menschen zu den Versammlungen. Das B\u00fcndnis \u201eWidersetzen\u201c sprach von mindestens 50.000 Menschen.<\/p>\n<p class=\"tspBYm2\">Die Demonstrationen seien bisher weitgehend friedlich verlaufen, sagte Th\u00fcringens Innenminister Georg Maier (SPD) der Deutschen Presse-Agentur. \u201eMan kann zufrieden sein. Es ist bunt und laut.\u201c Er hoffe, dass auch die weiteren geplanten Aktionen bis Sonntag gewaltfrei blieben, so der Minister.\u00a0<\/p>\n<p><img decoding=\"async\" src=\"https:\/\/www.europesays.com\/de\/wp-content\/uploads\/2026\/07\/topshot-germany-politics-parties-far-right-protest.jpeg\"   alt=\"TOPSHOT - Far-left demonstrators scuffle with police officers in Erfurt, eastern Germany on early July 4, 2026, during a protest against the party congress of far-right Alternative for Germany (AfD). German police are bracing to guard an annual congress of the far-right AfD party this weekend against tens of thousands of antifascist demonstrators who are determined to shut it down. The standoff in the city of Erfurt, Thuringia state, comes as the opposition Alternative for Germany party is soaring in national opinion polls ahead of all other parties. (Photo by RALF HIRSCHBERGER \/ AFP)\" aria-labelledby=\"caption-15798707\" width=\"440\" height=\"330\" loading=\"lazy\" class=\"tspAXix\"\/> Bei den Protesten gegen den AfD-Parteitag kam es auch zu k\u00f6rperlichen Auseinandersetzungen, vereinzelt wurden Gegenst\u00e4nde wie Flaschen geworfen. <\/p>\n<p class=\"tspYfv\"> \u00a9 AFP\/Ralf Hirschberger <\/p>\n<p class=\"tspBYm2\">Zu den Protesten hatten Gewerkschaften sowie Initiativen und B\u00fcndnisse bundesweit aufgerufen. Im Vorfeld hatte es nach Aufrufen im Internet Bef\u00fcrchtungen gegeben, dass es auch zu gewaltt\u00e4tigen Ausschreitungen kommen k\u00f6nnte. Mit bis zu 2500 gewaltbereiten Linksextremisten hatten Polizeigewerkschaften gerechnet.\u00a0Die Polizei ist mit Tausenden Beamten im Einsatz &#8211; unterst\u00fctzt von Kr\u00e4ften aus fast allen Bundesl\u00e4ndern und der Bundespolizei, die unter anderem auch Pferde und Wasserwerfer bereitstellten.<\/p>\n<p> 13:48 Uhr: Mehrere Journalisten bei Protesten gegen AfD-Bundesparteitag verletzt <\/p>\n<p class=\"tspBYm2\">Bei Protesten gegen den AfD-Bundesparteitag in Erfurt sind mehrere Journalisten verletzt worden, wie die Deutsche Presse-Agentur meldet. Ein Reporterteam des rechten Online-Magazins \u201eApollo News\u201c sei von Demonstranten attackiert worden, berichtete das Portal. Der Chefredakteur schrieb auf der Plattform X, einem seiner Mitarbeiter sei dabei gegen den Hinterkopf getreten worden. Die Polizei konnte den konkreten Vorfall zun\u00e4chst nicht best\u00e4tigen.<\/p>\n<p class=\"tspBYm2\">Zuvor hatte die Polizei berichtet, dass zwei Journalisten durch Flaschenw\u00fcrfe aus einer Versammlung heraus verletzt worden seien. Ein Journalist wurde demnach mit einem Krankenwagen zur weiteren Behandlung weggebracht. Die Polizei machte zun\u00e4chst keine Angaben dazu, f\u00fcr welches Medium die Reporter arbeiteten.<\/p>\n<p> 13.40 Uhr: Alice Weidel kann Ergebnis als Parteichefin verbessern <\/p>\n<p><img decoding=\"async\" src=\"https:\/\/www.europesays.com\/de\/wp-content\/uploads\/2026\/07\/1783242259_850_bundesparteitag-der-afd.jpeg\"   alt=\"04.07.2026, Th\u00fcringen, Erfurt: Alice Weidel, Bundesvorsitzende und Fraktionsvorsitzende der AfD, bedankt sich nach ihrer Rede beim Bundesparteitags der AfD. Bei dem Treffen soll die F\u00fchrungsspitze der Partei neu gew\u00e4hlt werden. Der Bundesparteitag der AfD findet am 4. und 5. Juli in der Messe Erfurt statt. Foto: Katharina Kausche\/dpa +++ dpa-Bildfunk +++\" aria-labelledby=\"caption-15798705\" width=\"440\" height=\"330\" loading=\"lazy\" class=\"tspAXix\"\/> Alice Weidel nach ihrer Rede beim Bundesparteitag der AfD. <\/p>\n<p class=\"tspYfv\"> \u00a9 dpa\/Katharina Kausche <\/p>\n<p class=\"tspBYm2\">Alice Weidel wird mit 81,3 Prozent der Delegiertenstimmen als AfD-Chefin best\u00e4tigt. Damit schneidet sie nicht nur deutlich besser ab als ihr Co-Chef Tino Chrupalla. Sie kann auch ihr eigenes Ergebnis verbessern: Auf dem AfD-Parteitag in Essen 2024 hatte sie mit knapp 80 Prozent (79,77) noch hinter Chrupalla gelegen, nun wurde ihre Stellung in der Partei deutlich gest\u00e4rkt.<\/p>\n<p> 13.22 Uhr: D\u00e4mpfer f\u00fcr AfD-Chef Tino Chrupalla <\/p>\n<p class=\"tspBYm2\">Tino Chrupalla wird mit 70,05 Prozent als AfD-Chef vom Parteitag best\u00e4tigt. Es gab keine Gegenkandidaten. Das Ergebnis ist ein deutlicher D\u00e4mpfer f\u00fcr den Parteivorsitzenden, der die AfD zusammen mit Alice Weidel f\u00fchrt: 2024 in Essen war er noch mit 82,72 Prozent der Delegiertenstimmen gew\u00e4hlt worden.<\/p>\n<p>Vom Malermeister zum Parteichef<img decoding=\"async\" src=\"https:\/\/www.europesays.com\/de\/wp-content\/uploads\/2026\/07\/1783242260_964_bundesparteitag-der-afd.jpeg\"   alt=\"04.07.2026, Th\u00fcringen, Erfurt: Tino Chrupalla, Vorsitzender der AfD-Bundestagsfraktion, spricht w\u00e4hrend des Bundesparteitags der AfD. Bei dem Treffen soll die F\u00fchrungsspitze der Partei neu gew\u00e4hlt werden. Der Bundesparteitag der AfD findet am 4. und 5. Juli findet in der Messe Erfurt statt. (zu dpa: \u00abChrupalla als AfD-Co-Chef wiedergew\u00e4hlt\u00bb) Foto: Sebastian Kahnert\/dpa +++ dpa-Bildfunk +++\" aria-labelledby=\"caption-15798530\" width=\"440\" height=\"330\" loading=\"lazy\" class=\"tspAXix\"\/> Tino Chrupalla bei seiner Parteitagsrede am Samstagvormittag. <\/p>\n<p class=\"tspYfv\"> \u00a9 dpa\/Sebastian Kahnert <\/p>\n<p class=\"tspBYm2\">Der Malermeister <strong>Tino Chrupalla<\/strong>, einst gef\u00f6rdert von AfD-Mitgr\u00fcnder Alexander Gauland, steht <strong>seit November 2019 an der Spitze der AfD<\/strong>, zun\u00e4chst an der Seite von J\u00f6rg Meuthen, der sp\u00e4ter die AfD verlie\u00df, weil diese ihm zu radikal wurde. Chrupalla ist damit inzwischen <strong>der dienst\u00e4lteste Chef, den die AfD seit ihrer Gr\u00fcndung 2013 hatte<\/strong>. Vor wenigen Tagen hat er Meuthen bei der Amtszeit \u00fcberholt.<\/p>\n<p class=\"tspBYm2\"><strong>Seit Juni 2022 f\u00fchrt er die AfD gemeinsam mit Alice Weidel<\/strong>, die sich seitdem zur prominenten AfD-F\u00fchrungsfigur entwickelt hat und im Bundestagswahlkampf 2025 sogar zur Kanzlerkandidatin ausgerufen worden war. (dpa)<\/p>\n<p> 13.10 Uhr: Wichtige Wahlen stehen an <\/p>\n<p class=\"tspBYm2\">Beim Parteitag wird es jetzt spannend, meldet unsere Reporterin Stefanie Witte: Die Wahl des Bundesvorstands hat begonnen. Zuerst stellt sich Tino Chrupalla zur Wiederwahl. W\u00e4hrend er spricht, dringen hin und wieder dumpfe Ger\u00e4usche \u2013 mutma\u00dflich von der Demonstration drau\u00dfen \u2013 in die Halle.<\/p>\n<p><img decoding=\"async\" src=\"https:\/\/www.europesays.com\/de\/wp-content\/uploads\/2026\/07\/1783242260_787_bundesparteitag-der-afd.jpeg\"   alt=\"04.07.2026, Th\u00fcringen, Erfurt: Parteimitglieder der AfD schwenken Deutschland-Fahnen w\u00e4hrend des Bundesparteitags der AfD. Bei dem Treffen soll die F\u00fchrungsspitze der Partei neu gew\u00e4hlt werden. Der Bundesparteitag der AfD findet am 4. und 5. Juli findet in der Messe Erfurt statt. Foto: Katharina Kausche\/dpa +++ dpa-Bildfunk +++\" aria-labelledby=\"caption-15798461\" width=\"440\" height=\"330\" loading=\"lazy\" class=\"tspAXix\"\/> Deutschland-Fahnen sind beim Bundesparteitag der AfD allgegenw\u00e4rtig. <\/p>\n<p class=\"tspYfv\"> \u00a9 dpa\/Katharina Kausche <\/p>\n<p> 12:30 Uhr: SPD, Linke, Gr\u00fcne und DGB protestieren gemeinsam <\/p>\n<p class=\"tspBYm2\">Th\u00fcringens Ex-Ministerpr\u00e4sident Bodo Ramelow (Linke) betont bei einer Protestveranstaltung gegen den AfD-Parteitag die Weltoffenheit Erfurts. \u201eDiese Stadt steht f\u00fcr Freiheit, diese Stadt steht f\u00fcr Vielfalt, diese Stadt steht f\u00fcr ein gemeinsames buntes Leben\u201c, sagt er bei der Veranstaltung in der N\u00e4he des Parteitags.\u00a0<\/p>\n<p class=\"tspBYm2\">Die Linke wertet die massiven Kundgebungen gegen den AfD-Bundesparteitag in Erfurt als Erfolg. Der Linken-Bundestagsabgeordnete Luke Ho\u00df spricht in Erfurt von einem \u201eriesigen Erfolg\u201c\u00a0\u2013 auch wenn das Ziel des B\u00fcndnisses \u201eWidersetzen\u201c, den Parteitag komplett zu verhindern, nicht erreicht wurde. \u201eVon einem Scheitern kann keine Rede sein\u201c, sagt Ho\u00df der Nachrichtenagentur AFP. Die Zivilgesellschaft habe massiv mobilisiert und \u201egezeigt, dass sie einer faschistischen Partei Einhalt gebietet\u201c.<\/p>\n<p><img decoding=\"async\" src=\"https:\/\/www.europesays.com\/de\/wp-content\/uploads\/2026\/07\/1783242261_507_bundesparteitag-der-afd.jpeg\"   alt=\"04.07.2026, Th\u00fcringen, Erfurt: Katrin G\u00f6ring-Eckardt (vl-r), Mitglied des Deutschen Bundestage, Bodo Ramelow, Vizepr\u00e4sident des Deutschen Bundestages und Carsten Schneider, Bundesminister f\u00fcr Umwelt, Naturschutz und Reaktorsicherheit, stehen auf der B\u00fchne bei einer Kundgebung des Deutschen Gewerkschaftsbundes (DGB) gegen den AfD-Bundesparteitag auf dem Messegel\u00e4nde. Der Bundesparteitag der AfD findet am 4. und 5. Juli in der Messe Erfurt statt. Foto: Martin Schutt\/dpa +++ dpa-Bildfunk +++\" aria-labelledby=\"caption-15798069\" width=\"440\" height=\"330\" loading=\"lazy\" class=\"tspAXix\"\/> Gemeinsamer Protest: Gr\u00fcnen-Politikerin Katrin G\u00f6ring-Eckardt, Bodo Ramelow (Linke), Vizepr\u00e4sident des Deutschen Bundestages, und Carsten Schneider (SPD), Bundesminister f\u00fcr Umwelt, Naturschutz und Reaktorsicherheit, am Sonnabend bei einer Kundgebung des Deutschen Gewerkschaftsbundes (DGB) gegen den AfD-Bundesparteitag. <\/p>\n<p class=\"tspYfv\"> \u00a9 dpa\/Martin Schutt <\/p>\n<p class=\"tspBYm2\">Der aus Erfurt stammende Bundesumweltminister Carsten Schneider lobt bei einer Kundgebung den Zusammenhalt der Demonstranten. Die AfD sei kein Ost-Ph\u00e4nomen. \u201eDas ist ein Thema, das ganz Deutschland bedroht. Und deshalb ist es gut, dass wir hier heute zusammenstehen\u201c, sagt der SPD-Politiker nach Angaben der Deutschen Presse-Agentur vor mehreren Tausend Zuh\u00f6rern.<\/p>\n<p class=\"tspBYm2\">Auch DGB-Chefin Yasmin Fahimi unterst\u00fctzt den Protest gegen den AfD-Bundesparteitag. \u201eWir machen heute deutlich, dass Erfurt nicht ein Ort irgendeines Parteitags ist, sondern Erfurt ist heute ein Ort des Widerstands\u201c, sagt Fahimi bei einer Protestveranstaltung in der N\u00e4he des AfD-Parteitags. Ein Verfahren zum Verbot der Partei m\u00fcsse jetzt aus den L\u00e4ndern heraus auf den Weg gebracht werden.<\/p>\n<p> 12:20 Uhr: Ulrich Siegmund wird gefeiert <\/p>\n<p class=\"tspBYm2\">W\u00e4hrend drinnen in der Halle die Finanzverantwortlichen ihren Rechenschaftsbericht ablegen, gibt es drau\u00dfen Bockwurst und Th\u00fcringer Bratwurst. Der Spitzenkandidat f\u00fcr Sachsen-Anhalt, <a href=\"https:\/\/www.tagesspiegel.de\/politik\/nicht-alles-sofort-umsetzbar-afd-politiker-in-sachsen-anhalt-relativiert-wahlversprechen-15790980.html?icid=in-text-link_15794774\" class=\"link link--internal\" data-gtm-class=\"article-text-link\" data-gtm-val=\"internal\" rel=\"nofollow noopener\" target=\"_blank\">Ulrich Siegmund<\/a>, kann sich kaum bewegen, muss alle paar Meter Autogramme geben und Selfies machen, berichtet unsere Reporterin Stefanie Witte.<\/p>\n<p><img decoding=\"async\" src=\"https:\/\/www.europesays.com\/de\/wp-content\/uploads\/2026\/07\/img-0769.jpeg\"   alt=\"Sachsen-Anhalts AfD-Spitzenkandidat Ulrich Siegmund auf dem Parteitag heute in Erfurt\" aria-labelledby=\"caption-15797983\" width=\"440\" height=\"330\" loading=\"lazy\" class=\"tspAXix\"\/> Sachsen-Anhalts AfD-Spitzenkandidat Ulrich Siegmund auf dem Parteitag. <\/p>\n<p class=\"tspYfv\"> \u00a9 Stefanie Witte <\/p>\n<p class=\"tspBYm2\">Unter denjenigen, die ein Foto machen wollen, ist auch <a href=\"https:\/\/www.tagesspiegel.de\/politik\/was-sie-betreiben-ist-machtergreifung-die-afd-gegen-den-rest-des-thuringer-landtags-12439352.html?icid=in-text-link_15794774\" class=\"link link--internal\" data-gtm-class=\"article-text-link\" data-gtm-val=\"internal\" rel=\"nofollow noopener\" target=\"_blank\">J\u00fcrgen Treutler<\/a>, der vor zwei Jahren vom Th\u00fcringer Landesverfassungsgericht gezwungen werden musste, die konstituierende Sitzung des neu gew\u00e4hlten Th\u00fcringer Landtags ordnungsgem\u00e4\u00df zu leiten.<\/p>\n<p> 11.55 Uhr: Weidel sieht AfD als den \u201epolitischen Taktangeber im Bund\u201c <\/p>\n<p class=\"tspBYm2\">Angesichts der guten Umfragewerte erhebt die AfD-Vorsitzende Alice Weidel einen F\u00fchrungsanspruch f\u00fcr ihre Partei. \u201eWir sind die neue Volkspartei in Deutschland\u201c, sagt Weidel in ihrer Rede beim Parteitag in Erfurt. \u201eDie AfD ist bereit, Verantwortung zu \u00fcbernehmen, weil wir es, weil die Deutschen, weil Deutschland es verdient hat, gut regiert zu werden.\u201c Die AfD sei inzwischen der \u201epolitische Taktangeber im Bund\u201c. In vielen Bundesl\u00e4ndern sei sie \u201est\u00e4rkste Kraft oder zweitst\u00e4rkste Kraft.\u201c\u00a0<\/p>\n<p><img decoding=\"async\" src=\"https:\/\/www.europesays.com\/de\/wp-content\/uploads\/2026\/07\/germany-politics-parties-far-right-afd.jpeg\"   alt=\"Co-leader of the far-right Alternative for Germany (AfD) party Alice Weidel addresses delegates at the party congress of far-right Alternative for Germany (AfD) at the Messe Erfurt fairground in Erfurt, eastern Germany on July 4, 2026. About 20,000 people flocked to Erfurt, in Thuringia state, according to police, to protest against the Alternative for Germany (AfD) party that tops national opinion polls. (Photo by John MACDOUGALL \/ AFP)\" aria-labelledby=\"caption-15797793\" width=\"440\" height=\"330\" loading=\"lazy\" class=\"tspAXix\"\/> Alice Weidel am Sonnabend bei ihrer Parteitagsrede. <\/p>\n<p class=\"tspYfv\"> \u00a9 AFP\/JOHN MACDOUGALL <\/p>\n<p class=\"tspBYm2\">Weidel richtet eine Kampfansage an politische Gegner und Gegendemonstranten. \u201eIhr werdet uns nicht kleinkriegen! Ganz im Gegenteil, wir werden immer st\u00e4rker und gr\u00f6\u00dfer!\u201c, ruft sie unter gro\u00dfem Jubel in den Saal. Sie fordert ihre Partei dazu auf, das Land in Schwarz-Rot-Gold zu tauchen. Viele Delegierte schwenken Deutschland-Fahnen.<\/p>\n<p class=\"tspBYm2\">Weidel sagt, aktuell habe die AfD 75.000 Mitglieder, ein deutlicher Anstieg. Ende 2024 waren es noch gut 50.000. Weidel zeigt sich \u00fcberzeugt, dass man schnell die 100.000 knacken werde. Die politischen Gegner h\u00e4tten der AfD den Tod vorausgesagt. Das Gegenteil sei der Fall. Man sei auf Wachstumskurs und bereit, Verantwortung zu \u00fcbernehmen.\u00a0<\/p>\n<p> 11:20 Uhr: H\u00f6cke erkl\u00e4rt Brandmauer f\u00fcr gescheitert und attackiert \u201ebunte Zivilgesellschaft\u201c <\/p>\n<p class=\"tspBYm2\">Der th\u00fcringische AfD-Chef Bj\u00f6rn H\u00f6cke erkl\u00e4rt in seiner Rede die Strategie der Ausgrenzung seiner Partei f\u00fcr gescheitert. \u201eDie Brandmauer hat uns gro\u00df gemacht\u201c, sagt der rechtsextreme\u00a0Politiker in seinem Gru\u00dfwort an den AfD-Bundesparteitag in Erfurt. \u201eJetzt sind wir st\u00e4rkste Kraft in Deutschland und werden in K\u00fcrze die ersten Regierungschefs im Osten begr\u00fc\u00dfen d\u00fcrfen.\u201c\u00a0<\/p>\n<p><img decoding=\"async\" src=\"https:\/\/www.europesays.com\/de\/wp-content\/uploads\/2026\/07\/1783242264_173_bundesparteitag-der-afd.jpeg\"   alt=\"04.07.2026, Th\u00fcringen, Erfurt: Bj\u00f6rn H\u00f6cke, Vorsitzender der AfD in Th\u00fcringen, spricht w\u00e4hrend des Bundesparteitags der AfD. Bei dem Treffen soll die F\u00fchrungsspitze der Partei neu gew\u00e4hlt werden. Der Bundesparteitag der AfD findet am 4. und 5. Juli findet in der Messe Erfurt statt. Foto: Katharina Kausche\/dpa +++ dpa-Bildfunk +++\" width=\"440\" height=\"330\" loading=\"lazy\" class=\"tspAXix\"\/><\/p>\n<p class=\"tspYfv\"> \u00a9 dpa\/Katharina Kausche <\/p>\n<blockquote class=\"tspCUqr\">\n<p>Wenn wir regieren, dann wird der bunten Zivilgesellschaft der Steuerstecker gezogen.<\/p>\n<\/blockquote>\n<p class=\"tspCUqs\"><strong>Bj\u00f6rn H\u00f6cke<\/strong>, Vorsitzender der AfD-Fraktion im\u00a0Th\u00fcringer Landtag\u00a0und Sprecher des Landesverbands\u00a0AfD Th\u00fcringen<\/p>\n<p class=\"tspBYm2\">In seiner Rede beschw\u00f6rt H\u00f6cke die R\u00fcckbesinnung auf eine nationale Identit\u00e4t und ein Konzept der \u201eVolkssouver\u00e4nit\u00e4t\u201c, wie die Nachrichtenagentur AFP berichtet. Und er erteilt der \u201ebunten Zivilgesellschaft\u201c eine scharfe Absage.<\/p>\n<p class=\"tspBYm2\">\u201eDiese bunte Zivilgesellschaft, die simuliert Volk und simuliert Mehrheit\u201c, sagt H\u00f6cke. \u201eAber sie ist nicht Volk und sie ist nicht Mehrheit. Sie ist nur das Vorfeld der Kartellpartei.\u201c Der AfD-Politiker wirft den anderen Parteien vor, mit hunderten Millionen Euro an Steuergeldern zivilgesellschaftliche Organisationen zu st\u00fctzen. Die AfD werde dies unterbinden, sobald sie an der Macht sei: \u201eWenn wir regieren, dann wird der bunten Zivilgesellschaft der Steuerstecker gezogen\u201c, droht H\u00f6cke.<\/p>\n<p><img decoding=\"async\" src=\"https:\/\/www.europesays.com\/de\/wp-content\/uploads\/2026\/07\/1140341.jpeg\"   alt=\"Anti-AfD-protest am 4.7.26 auf der B7\" aria-labelledby=\"caption-15797561\" width=\"440\" height=\"330\" loading=\"lazy\" class=\"tspAXix\"\/> Aktivisten von \u201eWidersetzen\u201c beraten sich, ob sie die Blockade auf der A71 westlich von Erfurt aufl\u00f6sen sollen. <\/p>\n<p class=\"tspYfv\"> \u00a9 Jan Kr\u00fc\u00dfmann <\/p>\n<p> 11:05 Uhr: Stra\u00dfenblockierer ziehen gemischte Bilanz und machen sich teilweise auf den Weg in die Innenstadt <\/p>\n<p class=\"tspBYm2\">Auf den Zufahrtsstra\u00dfen nach Erfurt ist die Lage ruhig, berichtet unser Reporter Jan Kr\u00fc\u00dfmann, der bei der gro\u00dfen Protestgruppe auf der Bundesstra\u00dfe B7 ist: \u201eViele w\u00fcrden gern Richtung Erfurt laufen, d\u00fcrfen sie aber nicht.\u201c Demonstranten sitzen in Gruppen auf der Stra\u00dfe und warten ab.<\/p>\n<p class=\"tspBYm2\">Einerseits ist Resignation sp\u00fcrbar, dass der Plan nicht wirklich aufgegangen ist, den AfD-Parteitag nachhaltig zu st\u00f6ren. Trotzdem sei es aus Sicht der Protestierenden ein Erfolg, dass so viele Menschen gekommen seien, um sich der AfD entgegenzustellen.<\/p>\n<p><img decoding=\"async\" src=\"https:\/\/www.europesays.com\/de\/wp-content\/uploads\/2026\/07\/1140346.jpeg\"   alt=\"Anti-AfD-protest am 4.7.26 auf der B7\" width=\"440\" height=\"330\" loading=\"lazy\" class=\"tspAXix\"\/><\/p>\n<p class=\"tspYfv\"> \u00a9 Jan Kr\u00fc\u00dfmann <\/p>\n<p class=\"tspBYm2\">Die Protestgruppe, die die Autobahn blockiert hatte, macht sich derweil auf den Weg in die Stadt, um dort weiter zu demonstrieren.<\/p>\n<p> 11 Uhr: H\u00f6cke fordert eine \u201eobjektive Berichterstattung\u201c von der Presse <\/p>\n<p class=\"tspBYm2\">Auf den Fluren rund um die Veranstaltungshalle ist es jetzt ruhig, berichtet unsere Reporterin Stefanie Witte. Delegierte und Journalisten sind in der Halle. Der Th\u00fcringer Landeschef Bj\u00f6rn H\u00f6cke begr\u00fc\u00dft gerade die Anwesenden\u00a0\u2013 nicht ohne einen Seitenhieb auf die Presse: H\u00f6cke fordert objektive Berichterstattung \u00fcber den Parteitag und sich selbst und sagt: \u201eDie Hoffnung stirbt zuletzt.\u201c Geraune und Lachen im Saal.<\/p>\n<p class=\"tspBYm2\">W\u00e4hrend H\u00f6cke spricht, f\u00e4hrt eine Delegierte mit Kind im Kinderwagen hinten an den Reihen vorbei, direkt vor der Grenze zwischen Delegierten und Journalisten. Doppeltes blaues Absperrband trennt den Pressebereich vom Rest der Halle.<\/p>\n<p> 10:50 Uhr: H\u00f6cke beugt sich bei Umgang mit extremistischen Organisationen der Parteif\u00fchrung <\/p>\n<p class=\"tspBYm2\">Der Antrag des rechtsextremen Th\u00fcringer Landesparteichefs Bj\u00f6rn H\u00f6cke auf \u00dcberarbeitung der so genannten Unvereinbarkeitsliste mit extremistischen Organisationen wurde zur\u00fcckgezogen, meldet unsere Reporterin Stefanie Witte. Damit hat sich H\u00f6cke dem Willen der Parteispitze gebeugt, analysiert die Nachrichtenagentur AFP. Offenbar auf Druck der Parteif\u00fchrung zog eine Gruppe von Delegierten um H\u00f6cke demnach ihre Antr\u00e4ge zur\u00fcck. Damit sollte der Bundesvorstand beauftragt werden, \u201edie Unvereinbarkeitsliste (UVL) binnen eines Jahres zu \u00fcberarbeiten\u201c.<\/p>\n<p class=\"tspBYm2\">Die Liste regelt bislang, welchen extremistischen Organisationen Parteimitglieder nicht angeh\u00f6ren d\u00fcrfen, etwa der rechtsextremen \u201eIdentit\u00e4ren Bewegung\u201c. H\u00f6cke setzt sich daf\u00fcr ein, dass sich die Partei st\u00e4rker f\u00fcr Mitglieder aus dem radikalen Milieu \u00f6ffnet.\u00a0<\/p>\n<p class=\"tspBYm2\">Die Parteispitze um Weidel und Chrupalla wollte eine Debatte \u00fcber rechtsextreme Splittergruppen jedoch verhindern. Weidel sagte vor den Delegierten in Erfurt, der neu gew\u00e4hlte Bundesvorstand werde sich des Themas sofort annehmen und \u201einnerhalb eines Jahres selbstverpflichtend die Unvereinbarkeitsliste \u00fcberarbeiten mit einem klaren Kriterienkatalog.\u201c<\/p>\n<p class=\"tspBYm2\">Die Antragsteller h\u00e4tten hier \u201ezugegebenerma\u00dfen einen Punkt\u201c, sagte die Ko-Parteichefin. \u201eDer Bundesvorstand h\u00e4tte das schon l\u00e4ngst gemacht. Und ich muss zugeben, wir haben das ein bisschen vor uns hergeschoben.\u201c<\/p>\n<p class=\"tspBYm2\">H\u00f6cke ist seit 2013 Vorsitzender des AfD-Landesverbands, der vom Th\u00fcringer Verfassungsschutz als gesichert rechtsextremistisch eingestuft wird. Seit 2014 ist er Fraktionschef im Landtag in Erfurt.\u00a0<\/p>\n<p> 10:43 Uhr: Chrupalla beschw\u00f6rt Einheit der AfD-Parteispitze \u201eein Herz und eine Seele\u201c <\/p>\n<p class=\"tspBYm2\">Zum Auftakt des AfD-Parteitags in Erfurt beschw\u00f6rt Ko-Parteichef Tino Chrupalla die Einigkeit in der Parteif\u00fchrung, wie die Nachrichtenagentur AFP berichtet. Die Doppelspitze mit Alice Weidel sei \u201eein Erfolgsduo, wie es die deutsche Politik selten gesehen hat\u201c, sagt Chrupalla. \u201eWir waren, wir sind und wir bleiben ein Herz und eine Seele. Ein Herz, das f\u00fcr Deutschland schl\u00e4gt, und eine Seele, die f\u00fcr Deutschland lebt.\u201c<\/p>\n<p><img decoding=\"async\" src=\"https:\/\/www.europesays.com\/de\/wp-content\/uploads\/2026\/07\/1783242266_505_bundesparteitag-der-afd.jpeg\"   alt=\"04.07.2026, Th\u00fcringen, Erfurt: Alice Weidel, Bundesvorsitzende und Fraktionsvorsitzende der AfD, und Tino Chrupalla, Vorsitzender der AfD-Bundestagsfraktion, nehmen am Bundesparteitag der AfD teil. Bei dem Treffen soll die F\u00fchrungsspitze der Partei neu gew\u00e4hlt werden. Der Bundesparteitag der AfD findet am 4. und 5. Juli findet in der Messe Erfurt statt. Foto: Katharina Kausche\/dpa +++ dpa-Bildfunk +++\" aria-labelledby=\"caption-15797186\" width=\"440\" height=\"330\" loading=\"lazy\" class=\"tspAXix\"\/> Alice Weidel, Bundesvorsitzende und Fraktionsvorsitzende der AfD, und Tino Chrupalla, Vorsitzender der AfD-Bundestagsfraktion, am Sonnabend in Erfurt. <\/p>\n<p class=\"tspYfv\"> \u00a9 dpa\/Katharina Kausche <\/p>\n<p class=\"tspBYm2\">Diese Einheit wolle die Partei auf das Land \u00fcbertragen. \u201eZuerst das Land. Dann die Partei, dann die Person.\u201c Mit Blick auf die geplanten Vorstandswahlen mahnt der Ko-Parteichef: \u201eNur wer etwas geleistet hat, darf auch berufen werden. Darf hohe Verantwortung tragen. Das muss f\u00fcr die Nationalmannschaft ebenso gelten, wie f\u00fcr den Bundesvorstand der Alternative f\u00fcr Deutschland.\u201c\u00a0<\/p>\n<p class=\"tspBYm2\">Die AfD sei bereit zur \u00dcbernahme von Regierungsverantwortung. \u201eWir werden gewinnen\u201c, sagt Chrupalla. \u201eVielleicht k\u00f6nnen wir bald schon allein regieren\u201c, f\u00fcgt er mit Blick auf die anstehenden Landtagswahlen in Sachsen-Anhalt, Berlin und Mecklenburg-Vorpommern hinzu. \u201eDas w\u00e4re das richtige Zeichen an die Demokratiever\u00e4chter, die da drau\u00dfen unseren Parteitag verhindern wollten.\u201c<\/p>\n<p class=\"tspBYm2\">Vor allem Verweise auf Sachsen-Anhalt und den dortigen AfD-Spitzenkandidaten Ulrich Siegmund l\u00f6sen in der Messehalle Jubel aus. Die AfD steht in Sachsen-Anhalt in Umfragen klar auf Platz\u00a01\u00a0\u2013 eine absolute Mehrheit f\u00fcr die AfD scheint nicht g\u00e4nzlich ausgeschlossen.<\/p>\n<p class=\"tspBYm2\">Die AfD-Vorsitzenden Weidel und Chrupalla stellen sich der Wiederwahl, auch der gesamte Parteivorstand muss turnusgem\u00e4\u00df neu gew\u00e4hlt werden. \u201eDas Gremium, das wir heute hier w\u00e4hlen, wird Deutschlands Zukunft mitbestimmen\u201c, sagt Chrupalla.<\/p>\n<p> 10:35 Uhr: P\u00fcnktlicher Beginn ist f\u00fcr die AfD neu <\/p>\n<p class=\"tspBYm2\">Es ist tats\u00e4chlich ungew\u00f6hnlich, dass der AfD-Parteitag so p\u00fcnktlich beginnen konnte. Sowohl der Bundesparteitag im s\u00e4chsischen Riesa, als auch der Gr\u00fcndungskongress der \u201eGeneration Deutschland\u201c in Gie\u00dfen starteten mit mehreren Stunden Versp\u00e4tung durch gro\u00dffl\u00e4chige Blockaden um die jeweiligen Veranstaltungsorte.<\/p>\n<p><img decoding=\"async\" src=\"https:\/\/www.europesays.com\/de\/wp-content\/uploads\/2026\/07\/img-0759-1.jpeg\"   alt=\"Afd-Parteitag Messehalle Erfurt 4.7.26\" aria-labelledby=\"caption-15797099\" width=\"440\" height=\"330\" loading=\"lazy\" class=\"tspAXix\"\/> So sieht es am Samstagmorgen in der Messehalle von Erfurt aus. <\/p>\n<p class=\"tspYfv\"> \u00a9 Stefanie Witte <\/p>\n<p class=\"tspBYm2\">Rund ein Viertel der Erfurter AfD-Delegierten soll im Tagungshotel nebenan \u00fcbernachtet haben und war damit also schon auf dem Gel\u00e4nde, berichtet unsere Reporterin Stefanie Witte, die den Parteitag aus der Messehalle beobachtet. Dort arbeitet die Partei nun ihre Tagesordnung ab und w\u00e4hlt den Wahlleiter.<\/p>\n<p> 10:30 Uhr: Polizei dankt Demonstranten <\/p>\n<p class=\"tspBYm2\">Die Polizei Th\u00fcringen dankt via X den Demonstranten f\u00fcr freigehaltene Rettungswege. \u201eWeiterhin viele Versammlungen in und um Erfurt. Positiv hervorzuheben ist, dass bei Sitzblockaden Rettungswege freigehalten wurden. Vielen Dank daf\u00fcr!\u201c, schreibt die Beh\u00f6rde.<\/p>\n<p><img decoding=\"async\" src=\"https:\/\/www.europesays.com\/de\/wp-content\/uploads\/2026\/07\/1783242270_543_bundesparteitag-der-afd.jpeg\"   alt=\"04.07.2026, Th\u00fcringen, Erfurt: Polizisten umringen Demonstranten bei einer Sitzblockade auf Autobahn A71 n\u00f6rdlich des Erfurter Kreuzes bei Molsdorf. Der Bundesparteitag der AfD findet am 4. und 5. Juli in der Messe Erfurt statt. Foto: Michael Reichel\/dpa +++ dpa-Bildfunk +++\" width=\"440\" height=\"330\" loading=\"lazy\" class=\"tspAXix\"\/><\/p>\n<p class=\"tspYfv\"> \u00a9 dpa\/Michael Reichel <\/p>\n<p> 10:27 Uhr: Aktivisten berichten von Pfefferspray-Einsatz <\/p>\n<p class=\"tspBYm2\">Das Aktionsb\u00fcndnis \u201ewidersetzen\u201c berichtet in ihrem Liveticker vom Einsatz von Pfefferspray durch Polizisten am Gothaer Platz. Die Polizei hat sich dazu bisher nicht ge\u00e4u\u00dfert.<\/p>\n<p><img decoding=\"async\" src=\"https:\/\/www.europesays.com\/de\/wp-content\/uploads\/2026\/07\/germany-politics-parties-far-right-protest.jpeg\"   alt=\"Police in the background watch as demonstrators have gathered for a sit-in to block the access road at Gothaer Platz to the Messe Erfurt fairground in Erfurt, eastern Germany on early July 4, 2026, where the party congress of far-right Alternative for Germany (AfD) will be held from July 4-5. German police are bracing to guard an annual congress of the far-right AfD party this weekend against tens of thousands of antifascist demonstrators who are determined to shut it down. The standoff in the city of Erfurt, Thuringia state, comes as the opposition Alternative for Germany party is soaring in national opinion polls ahead of all other parties. (Photo by RALF HIRSCHBERGER \/ AFP)\" aria-labelledby=\"caption-15797056\" width=\"440\" height=\"330\" loading=\"lazy\" class=\"tspAXix\"\/> Blockade am Gothaer Platz in Erfurt. <\/p>\n<p class=\"tspYfv\"> \u00a9 AFP\/Ralf Hirschberger <\/p>\n<p> 10:12 Uhr: Parteichef Chrupalla er\u00f6ffnet Parteitag <\/p>\n<p class=\"tspBYm2\">Allen Protesten zum Trotz beginnt die AfD fast p\u00fcnktlich mit ihrem Parteitag in den Erfurter Messehallen. Den Auftakt macht der Bundessprecher Tino Chrupalla mit Seitenhieben gegen die politischen Gegner. Bis 2029 werde man die Werte der CDU halbiert haben, k\u00fcndigt der Sachse an. Den AfD-Parteitag k\u00f6nnen Sie bei \u201ephoenix\u201c verfolgen. Der Nachrichtensender \u00fcbertr\u00e4gt den gesamten Tag live von der Erfurter Messe.<\/p>\n<p class=\"tspAAf7\">Empfohlener redaktioneller Inhalt<\/p>\n<p> An dieser Stelle finden Sie einen von unseren Redakteuren ausgew\u00e4hlten, externen Inhalt, der den Artikel f\u00fcr Sie mit zus\u00e4tzlichen Informationen anreichert. Sie k\u00f6nnen sich hier den externen Inhalt mit einem Klick anzeigen lassen oder wieder ausblenden. <\/p>\n<p> Externen Inhalt anzeigen <\/p>\n<p class=\"tspAAgd\"> Ich bin damit einverstanden, dass mir der externe Inhalt angezeigt wird. Damit k\u00f6nnen personenbezogene Daten an Drittplattformen \u00fcbermittelt werden.  Mehr Informationen dazu erhalten Sie in den Datenschutz-Einstellungen. Diese finden Sie ganz unten auf unserer Seite im Footer, sodass Sie Ihre Einstellungen jederzeit verwalten oder widerrufen k\u00f6nnen. <\/p>\n<p> 09:56 Uhr: Demonstranten wollen Blockade selbst aufl\u00f6sen <\/p>\n<p class=\"tspBYm2\">Eine Aktivistengruppe, die aktuell die A71 blockiert, bereitet sich vor, die Blockade aufzul\u00f6sen und stattdessen zur DGB-Demonstration in die Innenstadt aufzubrechen. Entsprechende Absprachen mit der Polizei laufen gerade, berichtet unser Reporter. Da es mehrere Blockadepunkte auf der A71 gibt, d\u00fcrfte die Autobahn dennoch dicht bleiben.<\/p>\n<p><img decoding=\"async\" src=\"https:\/\/www.europesays.com\/de\/wp-content\/uploads\/2026\/07\/1783242271_995_fd-erfurt-laufende-berichterstattung-zum-afd-bundesparteitag-in-erfurt-gegenproteste-angekundigt-tau.jpeg\"   alt=\"fD Erfurt Laufende Berichterstattung zum AfD-Bundesparteitag in Erfurt Gegenproteste angek\u00fcndigt Tausende Polizisten im Einsatz Am 4. und 5. Juli 2026 trifft sich die AfD zum 17. Bundesparteitag in Erfurt. Die Veranstaltung findet in der Messehalle 1 der Messe Erfurt statt. Im Fokus steht die turnusgem\u00e4\u00dfe Wahl des Bundesvorstands. Ein breites B\u00fcndnis aus Gewerkschaften, Kirchen, Wohlfahrtsverb\u00e4nden und Parteien SPD, Gr\u00fcne, Linke mobilisiert gegen die Veranstaltung. Es werden zwischen 35.000 und 50.000 Gegendemonstranten in der Stadt erwartet. Das Aktionsb\u00fcndnis Widersetzen plant gezielte, gewaltfreie Sitzblockaden an den Zufahrtswegen zur Messe, um den Ablauf des Parteitags aktiv zu st\u00f6ren und zu verz\u00f6gern. Die T\" aria-labelledby=\"caption-15796988\" width=\"440\" height=\"330\" loading=\"lazy\" class=\"tspAXix\"\/> Konvoi der Bremer Polizei auf der A71. <\/p>\n<p class=\"tspYfv\"> \u00a9 IMAGO\/5VISION.NEWS\/IMAGO\/5VISION.NEWS <\/p>\n<p> 09:50 Uhr: Linke Aktivisten blockieren auch Journalisten <\/p>\n<p class=\"tspBYm2\">Von der Stra\u00dfenbahnhaltestelle Gothaer Stra\u00dfe, die von \u201eWidersetzen\u201c blockiert wird, f\u00fchrt eine Stra\u00dfe zum Messegel\u00e4nde. Auch Journalisten, die vom AfD-Parteitag berichten, m\u00fcssen hier entlang. Doch wie schon bei vorherigen Parteitagen kommt es zu Problemen, berichtet unsere Reporterin Stefanie Witte von vor Ort.<\/p>\n<p class=\"tspBYm2\">\u201eDen Demonstranten in den gelben Westen gen\u00fcgt es nicht, wenn man sagt, man sei von der Presse. Sie versuchen, jeden aufzuhalten\u201c, berichtet sie. Schlie\u00dflich sorgt die bereitstehende Polizei durch k\u00f6rperlichen Einsatz daf\u00fcr, dass die Demonstranten zur Seite gehen und die Presse durchgelassen wird. Bei AfD-Parteitagen in der Vergangenheit kam es bereits zu Situationen, in denen Demonstranten Reporter n\u00f6tigten, ihre Presseausweise vorzuzeigen.<\/p>\n<p> 09:41 Uhr: Pyro am Erfurter Kreuz <\/p>\n<p><img decoding=\"async\" src=\"https:\/\/www.europesays.com\/de\/wp-content\/uploads\/2026\/07\/1783242272_840_bundesparteitag-der-afd.jpeg\"   alt=\"04.07.2026, Th\u00fcringen, Erfurt: Demonstranten z\u00fcnden Pyrotechnik und blockieren die Autobahn A71 n\u00f6rdlich des Erfurter Kreuzes bei Molsdorf, um Delegierten den Zugang zum AfD-Bundesparteitag zu erschweren. Der Bundesparteitag der AfD findet am 4. und 5. Juli in der Messe Erfurt statt. Foto: Michael Reichel\/dpa +++ dpa-Bildfunk +++\" aria-labelledby=\"caption-15796875\" width=\"440\" height=\"330\" loading=\"lazy\" class=\"tspAXix\"\/> N\u00f6rdlich des Autobahnkreuzes Erfurt blockieren Aktivisten weiterhin die Fahrbahn. <\/p>\n<p class=\"tspYfv\"> \u00a9 dpa\/Michael Reichel <\/p>\n<p class=\"tspAAf7\">Empfohlener redaktioneller Inhalt<\/p>\n<p> An dieser Stelle finden Sie einen von unseren Redakteuren ausgew\u00e4hlten, externen Inhalt, der den Artikel f\u00fcr Sie mit zus\u00e4tzlichen Informationen anreichert. Sie k\u00f6nnen sich hier den externen Inhalt mit einem Klick anzeigen lassen oder wieder ausblenden. <\/p>\n<p> Externen Inhalt anzeigen <\/p>\n<p class=\"tspAAgd\"> Ich bin damit einverstanden, dass mir der externe Inhalt angezeigt wird. Damit k\u00f6nnen personenbezogene Daten an Drittplattformen \u00fcbermittelt werden.  Mehr Informationen dazu erhalten Sie in den Datenschutz-Einstellungen. Diese finden Sie ganz unten auf unserer Seite im Footer, sodass Sie Ihre Einstellungen jederzeit verwalten oder widerrufen k\u00f6nnen. <\/p>\n<p> 09:37 Uhr: Leere in Teilen der Erfurter Innenstadt <\/p>\n<p class=\"tspBYm2\">Wie so oft bei AfD-Parteitagen ist es im Stadtbereich eher ruhig. Die Stra\u00dfenbahnen der Erfurter Verkehrsbetriebe fahren nur bis zum Domplatz und nicht wie angek\u00fcndigt zur Gothaer Stra\u00dfe, berichtet unsere Reporterin Stefanie Witte. Das bedeutet, dass auch die Demonstranten knapp eine Stunde bis zur Messe laufen m\u00fcssen. Um 11 Uhr ist eine Gro\u00dfdemonstration angek\u00fcndigt, die aus dem Stadtzentrum bis kurz vor den Veranstaltungsort f\u00fchren soll.<\/p>\n<p><img decoding=\"async\" src=\"https:\/\/www.europesays.com\/de\/wp-content\/uploads\/2026\/07\/afd-parteitag.jpeg\"   alt=\"AfD-Parteitag\" aria-labelledby=\"caption-15796851\" width=\"440\" height=\"330\" loading=\"lazy\" class=\"tspAXix\"\/> Nicht viel los im Erfurter Zentrum. <\/p>\n<p class=\"tspYfv\"> \u00a9 TSP\/Jan Kr\u00fc\u00dfmann <\/p>\n<p> 09:30 Uhr: Die klassische rechte Streamer-Melange mischt mit <\/p>\n<p class=\"tspBYm2\">Auch f\u00fcr all jene, die nicht in Erfurt sind, l\u00e4sst sich das Geschehen an verschiedenen Blockadepunkten aus der Ferne beobachten. Dutzende Streamer sind in der Stadt unterwegs und senden die Bilder des Protestgeschehens live ins Internet. Die meisten dieser Streamer bezeichnen sich selbst als Journalisten und sind der rechten Szene zuzuordnen. Darunter unter anderem \u201eBj\u00f6rn Banane\u201c, der f\u00fcr die Brandenburger AfD-Fraktion arbeitet und sich trotzdem als neutraler Berichterstatter sieht. Ebenfalls in Erfurt unterwegs ist der ehemalige NPD-Kader und Rechtsextremist Sebastian Schmidtke, der ebenfalls livestreamt.<\/p>\n<p><img decoding=\"async\" src=\"https:\/\/www.europesays.com\/de\/wp-content\/uploads\/2026\/07\/1783242274_940_germany-politics-parties-far-right-protest.jpeg\"   alt=\"A participant holds up a placard with the lettering 'Where injustice becomes law, resistance becomes a duty' as demonstrators have gathered for a sit-in to block the access road at Gothaer Platz to the Messe Erfurt fairground in Erfurt, eastern Germany on early July 4, 2026, where the party congress of far-right Alternative for Germany (AfD) will be held from July 4-5. German police are bracing to guard an annual congress of the far-right AfD party this weekend against tens of thousands of antifascist demonstrators who are determined to shut it down. The standoff in the city of Erfurt, Thuringia state, comes as the opposition Alternative for Germany party is soaring in national opinion polls ahead of all other parties. (Photo by RALF HIRSCHBERGER \/ AFP)\" aria-labelledby=\"caption-15796839\" width=\"440\" height=\"330\" loading=\"lazy\" class=\"tspAXix\"\/> Proteste in Erfurt. <\/p>\n<p class=\"tspYfv\"> \u00a9 AFP\/Ralf Hirschberger <\/p>\n<p> 09:13 Uhr: Ermittler stellen Farbbeutel sicher <\/p>\n<p><img decoding=\"async\" src=\"https:\/\/www.europesays.com\/de\/wp-content\/uploads\/2026\/07\/1783242275_869_bundesparteitag-der-afd.jpeg\"   alt=\"04.07.2026, Th\u00fcringen, Erfurt: Ein Polizist h\u00e4lt einen Farbbeutel vor einem Wahlkreisb\u00fcro der AfD. Der Bundesparteitag der AfD findet am 4. und 5. Juli findet in der Messe Erfurt statt. Foto: Sebastian Kahnert\/dpa +++ dpa-Bildfunk +++\" width=\"440\" height=\"330\" loading=\"lazy\" class=\"tspAXix\"\/><\/p>\n<p class=\"tspYfv\"> \u00a9 dpa\/Sebastian Kahnert <\/p>\n<p><img decoding=\"async\" src=\"https:\/\/www.europesays.com\/de\/wp-content\/uploads\/2026\/07\/1783242275_897_bundesparteitag-der-afd.jpeg\"   alt=\"04.07.2026, Th\u00fcringen, Erfurt: Die Spuren von Farbbeutel an der Fassade an einem Wahlkreisb\u00fcro der AfD. Der Bundesparteitag der AfD findet am 4. und 5. Juli findet in der Messe Erfurt statt. Foto: Sebastian Kahnert\/dpa +++ dpa-Bildfunk +++\" aria-labelledby=\"caption-15796721\" width=\"440\" height=\"330\" loading=\"lazy\" class=\"tspAXix\"\/> Das mit Farbe angegriffene B\u00fcrgerb\u00fcro der AfD. <\/p>\n<p class=\"tspYfv\"> \u00a9 dpa\/Sebastian Kahnert <\/p>\n<p> 09:11 Uhr: Neuer Blockadeversuch am Sonntag? <\/p>\n<p class=\"tspBYm2\">Der AfD-Parteitag zieht sich \u00fcber das gesamte Wochenende. Werden die Aktivisten also versuchen, am Sonntag erneut zu blockieren? Eher nein, zeigen die Erfahrungswerte der vergangenen Jahre. Ein Gro\u00dfteil der etwa 250 Reisebusse von \u201eWidersetzen\u201c wird im Laufe des Samstags wieder die R\u00fcckreise antreten. Der Fokus der Aktionen liegt ganz klar auf dem ersten Tag des AfD-Parteitags.<\/p>\n<p> 09:06 Uhr: Aktivisten kleben sich an Stra\u00dfenbahngleise <\/p>\n<p><img decoding=\"async\" src=\"https:\/\/www.europesays.com\/de\/wp-content\/uploads\/2026\/07\/protests-against-a-two-day-party-convention-of-germany-s-far-right-alternative-for-germany-afd-party.jpeg\"   alt=\"An activists attaches his hand to the tracks of a local transport system with a mixture of glue and sand, in an attempt to block the tracks during protests against a two-day party convention of Germany's far-right Alternative for Germany (AfD) party, in Erfurt, Germany, July 4, 2026. REUTERS\/Thilo Schmuelgen\" width=\"440\" height=\"330\" loading=\"lazy\" class=\"tspAXix\"\/><\/p>\n<p class=\"tspYfv\"> \u00a9 REUTERS\/THILO SCHMUELGEN <\/p>\n<p><img decoding=\"async\" src=\"https:\/\/www.europesays.com\/de\/wp-content\/uploads\/2026\/07\/1783242277_2_protests-against-a-two-day-party-convention-of-germany-s-far-right-alternative-for-germany-afd-party.jpeg\"   alt=\"An activists attaches his hand to the tracks of a local transport system with a mixture of glue and sand, in an attempt to block the tracks during protests against a two-day party convention of Germany's far-right Alternative for Germany (AfD) party, in Erfurt, Germany, July 4, 2026. REUTERS\/Thilo Schmuelgen\" aria-labelledby=\"caption-15796712\" width=\"440\" height=\"330\" loading=\"lazy\" class=\"tspAXix\"\/> Die \u201eLetzte Generation\u201c l\u00e4sst gr\u00fc\u00dfen: Mit einer Sand-Klebe-Mischung haben sich Aktivisten an Gleise der Erfurter Stra\u00dfenbahn geklebt. <\/p>\n<p class=\"tspYfv\"> \u00a9 REUTERS\/THILO SCHMUELGEN <\/p>\n<p> 08:58 Uhr: Polizei spricht mittlerweile von 20.000 Demonstranten <\/p>\n<p class=\"tspBYm2\">In und rund um Erfurt sind mittlerweile 20.000 Demonstranten unterwegs, sch\u00e4tzt die Th\u00fcringer Polizei. Auch wenn sich die Zahl im Unterschied zur letzten Sch\u00e4tzung erh\u00f6ht hat, bleibt sie bisher weit unter den Erwartungen des Anti-AfD-B\u00fcndnisses, das mit 50.000 bis 80.000 Demonstranten gerechnet hatte.<\/p>\n<p><img decoding=\"async\" src=\"https:\/\/www.europesays.com\/de\/wp-content\/uploads\/2026\/07\/germany-politics-parties-far-right-police-security.jpeg\"   alt=\"Police vehicles are stationed on an access road near in Erfurt, eastern Germany on July 4, 2026, in view of demonstrations against the party congress of far-right Alternative for Germany (AfD) will be held from July 4-5 at the Messe Erfurt fairground. German police are bracing to guard an annual congress of the far-right AfD party this weekend against tens of thousands of antifascist demonstrators who are determined to shut it down. The standoff in the city of Erfurt, Thuringia state, comes as the opposition Alternative for Germany party is soaring in national opinion polls ahead of all other parties. (Photo by John MACDOUGALL \/ AFP)\" aria-labelledby=\"caption-15796706\" width=\"440\" height=\"330\" loading=\"lazy\" class=\"tspAXix\"\/> Massives Polizeiaufgebot in Erfurt. <\/p>\n<p class=\"tspYfv\"> \u00a9 AFP\/JOHN MACDOUGALL <\/p>\n<p class=\"tspBYm2\">\u201eProtest ist legitim. Deshalb gehen wir mit Blockaden im Stadtgebiet und Umland versammlungsfreundlich und kommunikativ um. R\u00e4umungen erfolgen erst, wenn mehrere Gespr\u00e4che zur Aufl\u00f6sung erfolglos bleiben\u201c, schreibt die Polizei Th\u00fcringen derweil auf X. Tats\u00e4chlich scheint die Stimmung an vielen Versammlungsorten aktuell gr\u00f6\u00dftenteils entspannt und weit entfernt von prognostizierten \u201eb\u00fcrgerkriegs\u00e4hnlichen Zust\u00e4nden\u201c.<\/p>\n<p> 08:47 Uhr: Blockadepl\u00e4ne von \u201eWidersetzen\u201c scheitern <\/p>\n<p class=\"tspBYm2\">Auch wenn es das Anti-AfD-B\u00fcndnis bisher nicht wahrhaben will: Das selbst gesteckte Ziel, den Parteitag der AfD in Erfurt zu verhindern, bleibt erfolglos. In einer verschickten Pressemitteilung von \u201eWidersetzen\u201c hei\u00dft es: \u201eMehrere Tausend Aktivist*innen blockieren in diesen Minuten die Autobahn A71 und Bundesstra\u00dfe B7 zum AfD-Bundesparteitag in Erfurt. An mindestens vier Standorten sitzen tausende Aktivist*innen auf der Fahrbahn. Damit hat das Aktionsb\u00fcndnis sein Ziel erreicht: \u00dcber die zentralen Anfahrtsrouten ist kein Durchkommen zum Parteitag mehr m\u00f6glich.\u201c<\/p>\n<p><img decoding=\"async\" src=\"https:\/\/www.europesays.com\/de\/wp-content\/uploads\/2026\/07\/1140300.jpeg\"   alt=\"Anti-AfD-Protest auf der B7 westlich von Erfurt, Fotos: Jan Kr\u00fc\u00dfmann\" aria-labelledby=\"caption-15798412\" width=\"440\" height=\"330\" loading=\"lazy\" class=\"tspAXix\"\/> Anti-AfD-Protest auf der B7. <\/p>\n<p class=\"tspYfv\"> \u00a9 Jan Kr\u00fc\u00dfmann <\/p>\n<p><img decoding=\"async\" src=\"https:\/\/www.europesays.com\/de\/wp-content\/uploads\/2026\/07\/1783242281_766_bundesparteitag-der-afd.jpeg\"   alt=\"04.07.2026, Th\u00fcringen, Erfurt: Demonstranten blockieren die Autobahn A71 n\u00f6rdlich des Erfurter Kreuzes bei Molsdorf, um Delegierten den Zugang zum AfD-Bundesparteitag zu erschweren. Der Bundesparteitag der AfD findet am 4. und 5. Juli in der Messe Erfurt statt. Foto: Michael Reichel\/dpa +++ dpa-Bildfunk +++\" aria-labelledby=\"caption-15796678\" width=\"440\" height=\"330\" loading=\"lazy\" class=\"tspAXix\"\/> Blockade auf der A71. <\/p>\n<p class=\"tspYfv\"> \u00a9 dpa\/Michael Reichel <\/p>\n<p class=\"tspBYm2\">Doch das ist schlicht falsch. Ein Gro\u00dfteil der AfD-Delegierten ist bereits im Veranstaltungsort des Parteitags eingetroffen. Ein massives Polizeiaufgebot sorgte f\u00fcr eine sichere Anreise. Dazu kam ein Trick der Polizei, die den Parteimitgliedern offenbar eine besonders fr\u00fche Anreise empfahl. Auch die \u201eWidersetzen\u201c-Aktivisten waren wie gewohnt fr\u00fch unterwegs. Aber als die Demonstranten um 5 Uhr aus den Reisebussen stiegen, war die AfD-Anreise bereits im vollen Gange.<\/p>\n<p> 08:35 Uhr: Wenig Anreisehindernisse f\u00fcr AfD <\/p>\n<p class=\"tspBYm2\">Wie berichtet ist ein Gro\u00dfteil der AfD-Delegierten bereits in den Messehallen eingetroffen. Darunter ist auch eine Gruppe aus Berlin, um den Vorsitzenden der \u201eGeneration Deutschland\u201c in der Hauptstadt, Martin Kohler. Er zeigt sich in einem Video auf X gemeinsam mit den Berliner Abgeordneten Jan Streeck und Jeannette Auricht aus Marzahn-Hellersdorf vor dem Sonnenaufgang auf dem Messeparkplatz.<\/p>\n<p> 08:25 Uhr: Polizei l\u00e4sst viele Blockaden gew\u00e4hren <\/p>\n<p class=\"tspBYm2\">In den Erfurter Vororten, vor allem westlich der Messehallen, unternimmt die Polizei aktuell keine wesentlichen Versuche, Blockaden aufzul\u00f6sen oder zu r\u00e4umen. An der B7 brachen Beamte eine Ma\u00dfnahme ab, da die Polizei im Vergleich zu den Demonstranten weit in der Unterzahl war. Ein \u00e4hnliches Bild ergebe sich in Bindersleben in der N\u00e4he des Erfurter Flughafens: \u201eHier r\u00fcckte die Polizei erst ab und kam etwa eine Viertelstunde sp\u00e4ter mit mehreren Mannschaftswagen zur\u00fcck, nur um kurz darauf wieder wegzufahren\u201c, berichtet unser Reporter vor Ort<\/p>\n<p><img decoding=\"async\" src=\"https:\/\/www.europesays.com\/de\/wp-content\/uploads\/2026\/07\/1783242282_579_bundesparteitag-der-afd.jpeg\"   alt=\"ARCHIV - 04.07.2026, Th\u00fcringen, Erfurt: Demonstrierende gegen den AfD-Bundesparteitag bilden eine Sitzblockade auf der B7 bei Frienstedt. Der Bundesparteitag der AfD findet am 4. und 5. Juli findet in der Messe Erfurt statt. Foto: Sebastian M\u00fcnster\u00a0\/dpa +++ dpa-Bildfunk +++\" aria-labelledby=\"caption-15796578\" width=\"440\" height=\"330\" loading=\"lazy\" class=\"tspAXix\"\/> Sitzblockade auf der B7 bei Frienstedt. <\/p>\n<p class=\"tspYfv\"> \u00a9 dpa\/Sebastian M\u00fcnster <\/p>\n<p> 08:20 Uhr: Blockaden \u00f6ffnen sich f\u00fcr Rettungsgassen <\/p>\n<p class=\"tspBYm2\">Die \u201eWidersetzen\u201c-Aktivisten bereiten sich in Trainings langfristig auf Blockadeaktionen wie jene in Erfurt vor. Teil der Vorbereitung ist es auch, das Prinzip der Rettungsgasse zu verinnerlichen. Hei\u00dft: Sobald ein Rettungswagen oder Notarzt im Einsatz auf eine der menschlichen Blockaden zuf\u00e4hrt, \u00f6ffnen die Demonstranten die Stra\u00dfe f\u00fcr eine Rettungsgasse, um sie direkt dahinter wieder zu schlie\u00dfen.<\/p>\n<p class=\"tspAAf7\">Empfohlener redaktioneller Inhalt<\/p>\n<p> An dieser Stelle finden Sie einen von unseren Redakteuren ausgew\u00e4hlten, externen Inhalt, der den Artikel f\u00fcr Sie mit zus\u00e4tzlichen Informationen anreichert. Sie k\u00f6nnen sich hier den externen Inhalt mit einem Klick anzeigen lassen oder wieder ausblenden. <\/p>\n<p> Externen Inhalt anzeigen <\/p>\n<p class=\"tspAAgd\"> Ich bin damit einverstanden, dass mir der externe Inhalt angezeigt wird. Damit k\u00f6nnen personenbezogene Daten an Drittplattformen \u00fcbermittelt werden.  Mehr Informationen dazu erhalten Sie in den Datenschutz-Einstellungen. Diese finden Sie ganz unten auf unserer Seite im Footer, sodass Sie Ihre Einstellungen jederzeit verwalten oder widerrufen k\u00f6nnen. <\/p>\n<p>Mehr \u00fcber die Pl\u00e4ne von \u201eWidersetzen\u201c lesen Sie hier:<a href=\"https:\/\/www.tagesspiegel.de\/politik\/erfurt-vor-ausnahmezustand-wie-demonstranten-den-afd-parteitag-blockieren-wollen-15781225.html?icid=topic-list_15794774___\" data-gtm-class=\"article-mzt-link\" data-hydrate-fingerprint=\"09740a54944caac75fd2c0c63fd5c5df\" data-hydrate-props=\"{&amp;escapedquot;element&amp;escapedquot;:{&amp;escapedquot;type&amp;escapedquot;:&amp;escapedquot;relatedContent&amp;escapedquot;,&amp;escapedquot;fieldMap&amp;escapedquot;:{},&amp;escapedquot;relation&amp;escapedquot;:{&amp;escapedquot;fields&amp;escapedquot;:{&amp;escapedquot;isPaid&amp;escapedquot;:null},&amp;escapedquot;href&amp;escapedquot;:&amp;escapedquot;\/politik\/erfurt-vor-ausnahmezustand-wie-demonstranten-den-afd-parteitag-blockieren-wollen-15781225.html&amp;escapedquot;,&amp;escapedquot;teaserTitle&amp;escapedquot;:{&amp;escapedquot;kicker&amp;escapedquot;:&amp;escapedquot;Erfurt vor Ausnahmezustand&amp;escapedquot;,&amp;escapedquot;headline&amp;escapedquot;:&amp;escapedquot;Wie Demonstranten den AfD-Parteitag blockieren wollen&amp;escapedquot;},&amp;escapedquot;id&amp;escapedquot;:&amp;escapedquot;15781225&amp;escapedquot;,&amp;escapedquot;type&amp;escapedquot;:&amp;escapedquot;story&amp;escapedquot;},&amp;escapedquot;isPartOfList&amp;escapedquot;:true,&amp;escapedquot;topicListType&amp;escapedquot;:&amp;escapedquot;topic-list&amp;escapedquot;},&amp;escapedquot;showArrow&amp;escapedquot;:true}\" data-hydrate-slots=\"{&#039;default&#039;:[]}\" class=\"tspC1rd tspC2rk\" rel=\"nofollow noopener\" target=\"_blank\">Erfurt vor Ausnahmezustand Wie Demonstranten den AfD-Parteitag blockieren wollen <\/a><a href=\"https:\/\/www.tagesspiegel.de\/politik\/demonstranten-wollen-afd-parteitag-mit-sitzblockaden-verhindern-durfen-sie-das-uberhaupt-das-ist-die-rechtssprechung-15791570.html?icid=topic-list_15794774___\" data-gtm-class=\"article-mzt-link\" data-hydrate-fingerprint=\"09740a54944caac75fd2c0c63fd5c5df\" data-hydrate-props=\"{&amp;escapedquot;element&amp;escapedquot;:{&amp;escapedquot;type&amp;escapedquot;:&amp;escapedquot;relatedContent&amp;escapedquot;,&amp;escapedquot;fieldMap&amp;escapedquot;:{},&amp;escapedquot;relation&amp;escapedquot;:{&amp;escapedquot;fields&amp;escapedquot;:{&amp;escapedquot;isPaid&amp;escapedquot;:true},&amp;escapedquot;href&amp;escapedquot;:&amp;escapedquot;\/politik\/demonstranten-wollen-afd-parteitag-mit-sitzblockaden-verhindern-durfen-sie-das-uberhaupt-das-ist-die-rechtssprechung-15791570.html&amp;escapedquot;,&amp;escapedquot;teaserTitle&amp;escapedquot;:{&amp;escapedquot;kicker&amp;escapedquot;:&amp;escapedquot;Demonstranten wollen AfD-Parteitag mit Sitzblockaden verhindern&amp;escapedquot;,&amp;escapedquot;headline&amp;escapedquot;:&amp;escapedquot;D\u00fcrfen sie das \u00fcberhaupt? Das ist die Rechtssprechung&amp;escapedquot;},&amp;escapedquot;id&amp;escapedquot;:&amp;escapedquot;15791570&amp;escapedquot;,&amp;escapedquot;type&amp;escapedquot;:&amp;escapedquot;story&amp;escapedquot;},&amp;escapedquot;isPartOfList&amp;escapedquot;:true,&amp;escapedquot;topicListType&amp;escapedquot;:&amp;escapedquot;topic-list&amp;escapedquot;},&amp;escapedquot;showArrow&amp;escapedquot;:true}\" data-hydrate-slots=\"{&#039;default&#039;:[]}\" class=\"tspC1rd tspC2rk\" rel=\"nofollow noopener\" target=\"_blank\">Demonstranten wollen AfD-Parteitag mit Sitzblockaden verhindern D\u00fcrfen sie das \u00fcberhaupt? Das ist die Rechtssprechung <\/a><a href=\"https:\/\/www.tagesspiegel.de\/berlin\/bundeswehr-warnt-vor-angriffen-bei-protesten-gegen-afd-parteitag-soldaten-sollen-im-raum-erfurt-keine-uniform-tragen-15795779.html?icid=topic-list_15794774___\" data-gtm-class=\"article-mzt-link\" data-hydrate-fingerprint=\"09740a54944caac75fd2c0c63fd5c5df\" data-hydrate-props=\"{&amp;escapedquot;element&amp;escapedquot;:{&amp;escapedquot;type&amp;escapedquot;:&amp;escapedquot;relatedContent&amp;escapedquot;,&amp;escapedquot;fieldMap&amp;escapedquot;:{},&amp;escapedquot;relation&amp;escapedquot;:{&amp;escapedquot;fields&amp;escapedquot;:{&amp;escapedquot;isPaid&amp;escapedquot;:null},&amp;escapedquot;href&amp;escapedquot;:&amp;escapedquot;\/berlin\/bundeswehr-warnt-vor-angriffen-bei-protesten-gegen-afd-parteitag-soldaten-sollen-im-raum-erfurt-keine-uniform-tragen-15795779.html&amp;escapedquot;,&amp;escapedquot;teaserTitle&amp;escapedquot;:{&amp;escapedquot;kicker&amp;escapedquot;:&amp;escapedquot;Bundeswehr warnt vor Angriffen bei Protesten gegen AfD-Parteitag&amp;escapedquot;,&amp;escapedquot;headline&amp;escapedquot;:&amp;escapedquot;Soldaten sollen im Raum Erfurt keine Uniform tragen&amp;escapedquot;},&amp;escapedquot;id&amp;escapedquot;:&amp;escapedquot;15795779&amp;escapedquot;,&amp;escapedquot;type&amp;escapedquot;:&amp;escapedquot;story&amp;escapedquot;},&amp;escapedquot;isPartOfList&amp;escapedquot;:true,&amp;escapedquot;topicListType&amp;escapedquot;:&amp;escapedquot;topic-list&amp;escapedquot;},&amp;escapedquot;showArrow&amp;escapedquot;:true}\" data-hydrate-slots=\"{&#039;default&#039;:[]}\" class=\"tspC1rd tspC2rk\" rel=\"nofollow noopener\" target=\"_blank\">Bundeswehr warnt vor Angriffen bei Protesten gegen AfD-Parteitag Soldaten sollen im Raum Erfurt keine Uniform tragen <\/a><\/p>\n<p> 08:15 Uhr: Vereinzelt auch Gewalt <\/p>\n<p class=\"tspBYm2\">W\u00e4hrend ein Gro\u00dfteil der Versammlungen in Erfurt bisher friedlich verl\u00e4uft, kam es in den vergangenen Stunden an einzelnen Stellen auch zu kleineren Rangeleien und Zusammenst\u00f6\u00dfen. Ein \u201eBild\u201c-Reporter berichtete gegen 7 Uhr vor vermummten Linksextremisten, die in der Innenstadt einzelne M\u00fclltonnen umwarfen und Pyrotechnik z\u00fcndeten. Die Polizei reagierte mit dem Einsatz von Schlagst\u00f6cken.<\/p>\n<p class=\"tspBYm2\">Au\u00dferdem soll auch ein B\u00fcrgerb\u00fcro der AfD in Erfurt attackiert worden sein, berichtet die Polizei. Auch von Farbbeutelw\u00fcrfen gegen Beamte ist die Rede.<\/p>\n<p class=\"tspAAf7\">Empfohlener redaktioneller Inhalt<\/p>\n<p> An dieser Stelle finden Sie einen von unseren Redakteuren ausgew\u00e4hlten, externen Inhalt, der den Artikel f\u00fcr Sie mit zus\u00e4tzlichen Informationen anreichert. Sie k\u00f6nnen sich hier den externen Inhalt mit einem Klick anzeigen lassen oder wieder ausblenden. <\/p>\n<p> Externen Inhalt anzeigen <\/p>\n<p class=\"tspAAgd\"> Ich bin damit einverstanden, dass mir der externe Inhalt angezeigt wird. Damit k\u00f6nnen personenbezogene Daten an Drittplattformen \u00fcbermittelt werden.  Mehr Informationen dazu erhalten Sie in den Datenschutz-Einstellungen. Diese finden Sie ganz unten auf unserer Seite im Footer, sodass Sie Ihre Einstellungen jederzeit verwalten oder widerrufen k\u00f6nnen. <\/p>\n<p> 08:07 Uhr: AfD-Parteitag kann \u201ewie geplant beginnen\u201c <\/p>\n<p class=\"tspBYm2\">Die Th\u00fcringer Polizei geht davon aus, dass der Bundesparteitag der AfD nach aktuellem Stand wie geplant um 10 Uhr beginnen soll. Tats\u00e4chlich soll sich ein Gro\u00dfteil der Delegierten bereits innerhalb der Erfurter Messehallen befinden, best\u00e4tigt nun auch die Polizei. Insgesamt spricht die Beh\u00f6rde von 15.000 Demonstranten, die zurzeit in und um Erfurt unterwegs seien.<\/p>\n<p><img decoding=\"async\" src=\"https:\/\/www.europesays.com\/de\/wp-content\/uploads\/2026\/07\/1783242283_730_bundesparteitag-der-afd.jpeg\"   alt=\"04.07.2026, Th\u00fcringen, Erfurt: Delegierte stehen in der Messehalle und warten auf den Beginn des AfD-Bundesparteitags. Der Bundesparteitag der AfD findet am 4. und 5. Juli findet in der Messe Erfurt statt. Foto: Martin Schutt\/dpa +++ dpa-Bildfunk +++\" aria-labelledby=\"caption-15796559\" width=\"440\" height=\"330\" loading=\"lazy\" class=\"tspAXix\"\/> Fr\u00fche Anreise: Viele AfD-Delegierte sind schon da. <\/p>\n<p class=\"tspYfv\"> \u00a9 dpa\/Martin Schutt <\/p>\n<p> 08:00 Uhr: Weitere Blockade auf Bundesstra\u00dfe <\/p>\n<p><img decoding=\"async\" src=\"https:\/\/www.europesays.com\/de\/wp-content\/uploads\/2026\/07\/1140307.jpeg\"   alt=\"Anti-AfD-Protest auf der B7 westlich von Erfurt, Fotos: Jan Kr\u00fc\u00dfmann\" aria-labelledby=\"caption-15798418\" width=\"440\" height=\"330\" loading=\"lazy\" class=\"tspAXix\"\/> Anti-AfD-Protest auf der B7. <\/p>\n<p class=\"tspYfv\"> \u00a9 Jan Kr\u00fc\u00dfmann <\/p>\n<p class=\"tspBYm2\">Unser Reporter Jan Kr\u00fc\u00dfmann ist derzeit in den Vororten von Erfurt unterwegs. Auf der Bundesstra\u00dfe 7, westlich des Veranstaltungsorts, hat er eine weitere Blockade von \u201eWidersetzen\u201c-Aktivisten dokumentiert.<\/p>\n<p class=\"tspAAf7\">Empfohlener redaktioneller Inhalt<\/p>\n<p> An dieser Stelle finden Sie einen von unseren Redakteuren ausgew\u00e4hlten, externen Inhalt, der den Artikel f\u00fcr Sie mit zus\u00e4tzlichen Informationen anreichert. Sie k\u00f6nnen sich hier den externen Inhalt mit einem Klick anzeigen lassen oder wieder ausblenden. <\/p>\n<p> Externen Inhalt anzeigen <\/p>\n<p class=\"tspAAgd\"> Ich bin damit einverstanden, dass mir der externe Inhalt angezeigt wird. Damit k\u00f6nnen personenbezogene Daten an Drittplattformen \u00fcbermittelt werden.  Mehr Informationen dazu erhalten Sie in den Datenschutz-Einstellungen. Diese finden Sie ganz unten auf unserer Seite im Footer, sodass Sie Ihre Einstellungen jederzeit verwalten oder widerrufen k\u00f6nnen. <\/p>\n<p> 07:57 Uhr: Aktivisten seilen sich von Br\u00fccke ab <\/p>\n<p class=\"tspBYm2\">Unweit der A71 haben sich \u201eWidersetzen\u201c-Aktivisten von einer Br\u00fccke abgeseilt, zeigt ein Video des linken Mediums \u201ePerspektive Online\u201c auf X. An einer anderen Stelle blockiert ein quergestellter Lkw eine Zufahrtsstra\u00dfe zu den Messehallen, schreibt das B\u00fcndnis \u201eWidersetzen\u201c.<\/p>\n<p class=\"tspAAf7\">Empfohlener redaktioneller Inhalt<\/p>\n<p> An dieser Stelle finden Sie einen von unseren Redakteuren ausgew\u00e4hlten, externen Inhalt, der den Artikel f\u00fcr Sie mit zus\u00e4tzlichen Informationen anreichert. Sie k\u00f6nnen sich hier den externen Inhalt mit einem Klick anzeigen lassen oder wieder ausblenden. <\/p>\n<p> Externen Inhalt anzeigen <\/p>\n<p class=\"tspAAgd\"> Ich bin damit einverstanden, dass mir der externe Inhalt angezeigt wird. Damit k\u00f6nnen personenbezogene Daten an Drittplattformen \u00fcbermittelt werden.  Mehr Informationen dazu erhalten Sie in den Datenschutz-Einstellungen. Diese finden Sie ganz unten auf unserer Seite im Footer, sodass Sie Ihre Einstellungen jederzeit verwalten oder widerrufen k\u00f6nnen. <\/p>\n<p> 07:48 Uhr: Wie sich \u201eWidersetzen\u201c organisiert <\/p>\n<p class=\"tspBYm2\">Hinter den Aktionen gegen den AfD-Parteitag in Erfurt steht vor allem das B\u00fcndnis \u201eWidersetzen\u201c, das bereits in der Vergangenheit<a href=\"https:\/\/www.tagesspiegel.de\/politik\/der-kampf-um-giessen-wie-zehntausende-demonstranten-versuchten-die-neugrundung-der-afd-jugend-zu-stoppen-14988599.html?icid=in-text-link_15794774\" class=\"link link--internal\" data-gtm-class=\"article-text-link\" data-gtm-val=\"internal\" rel=\"nofollow noopener\" target=\"_blank\"> Blockadeaktionen gegen die rechte Partei in Riesa und Gie\u00dfen organisierte.<\/a> Die Strategie ist auch in Erfurt wieder \u00e4hnlich. In der Nacht machten sich Reisebusse aus ganz Deutschland auf den Weg nach Th\u00fcringen. Allein aus Leipzig sollen nach Tagesspiegel-Informationen 30 Busse gestartet sein.<\/p>\n<p class=\"tspBYm2\">Vor Ort angekommen, verlassen die Demonstranten die Busse teilweise, bevor sie das Erfurter Stadtgebiet erreichen, um sich schlie\u00dflich per Fu\u00dfmarsch in verschiedenen \u201eDemonstrations-Fingern\u201c gemeinsam auf den Weg zu machen. Ziel ist es, neuralgische Verkehrsknotenpunkte, die auf den Anfahrtswegen der AfD-Delegierten liegen, zu blockieren.\u00a0Das Aktionsb\u00fcndnis \u201ewiedersetzen\u201c spricht aktuell von acht bestehenden Blockaden.<\/p>\n<p><img decoding=\"async\" src=\"https:\/\/www.europesays.com\/de\/wp-content\/uploads\/2026\/07\/1783242285_525_german-city-of-erfurt-hosts-far-right-afd-party-congress.jpeg\"   alt=\"Activists protest against a two-day party convention of Germany's far-right Alternative for Germany (AfD) party, in Erfurt, Germany, July 4, 2026. REUTERS\/Christian Mang&#10;\" aria-labelledby=\"caption-15796530\" width=\"440\" height=\"330\" loading=\"lazy\" class=\"tspAXix\"\/> Aktivisten von \u201eWidersetzen\u201c auf einer Landstra\u00dfe vor Erfurt. <\/p>\n<p class=\"tspYfv\"> \u00a9 REUTERS\/Christian Mang <\/p>\n<p> 07:34 Uhr: Polizei gibt Lageupdate <\/p>\n<p class=\"tspBYm2\">Die Th\u00fcringer Polizei informiert seit den fr\u00fchen Morgenstunden \u00fcber die Situation in Erfurt in den sozialen Netzwerken. Derzeit laufen sieben Aufz\u00fcge und Versammlungen mit etwa 4000 Teilnehmern, sagt Sprecher Patrick Martin. Weitere Teilnehmer seien auf dem Weg zu den Versammlungsorten. Mehrere Blockaden besch\u00e4ftigen die Beamten derzeit. Die gr\u00f6\u00dfte mit 1000 Personen findet auf der Fahrbahn der A71 statt, die unweit der Messehallen verl\u00e4uft und als m\u00f6glicher Anfahrtsweg f\u00fcr AfD-Delegierte gilt.<\/p>\n<p> 07:28 Uhr: AfD schon jetzt beschlussf\u00e4hig <\/p>\n<p class=\"tspBYm2\">Viele der hunderten AfD-Delegierten haben offenbar aus den Erfahrungen der vergangenen Parteitage ihre Anreise schon mitten in der Nacht begonnen. Bereits jetzt sei mindestens die H\u00e4lfte aller Delegierten in der Erfurter Messehalle eingetroffen, berichtet die \u201eTh\u00fcringer Allgemeine\u201c und bezieht sich auf ein Statement des Th\u00fcringer AfD-Fraktionsvize Daniel Haseloff. Auch \u201eStern\u201c-Reporter Martin Debes schreibt auf X, dass der Veranstaltungsort des Parteitags, die Messehalle, bereits gut gef\u00fcllt sei.  Bis zum offiziellen Beginn des Parteitags sind es noch mehr als zweieinhalb Stunden.<\/p>\n<p> 07:00 Uhr: Landstra\u00dfe besetzt <\/p>\n<p class=\"tspBYm2\">Da das Autobahnkreuz unzug\u00e4nglich ist, besetzt eine Gruppe Aktivisten stattdessen eine Landstra\u00dfe westlich von Erfurt.<\/p>\n<p> 6:18 Uhr: Hohe Polizeipr\u00e4senz in und um Erfurt <\/p>\n<p class=\"tspBYm2\">In den westlichen Vororten Erfurts rund um die A71 ist die Polizeipr\u00e4senz hoch. \u00dcberall sind Hundertschaften aus verschiedenen Bundesl\u00e4ndern postiert. Die Zufahrten zu wichtigen Autobahnkreuzen sind weitr\u00e4umig\u00a0abgesperrt.<\/p>\n<p class=\"tspAAf7\">Empfohlener redaktioneller Inhalt<\/p>\n<p> An dieser Stelle finden Sie einen von unseren Redakteuren ausgew\u00e4hlten, externen Inhalt, der den Artikel f\u00fcr Sie mit zus\u00e4tzlichen Informationen anreichert. Sie k\u00f6nnen sich hier den externen Inhalt mit einem Klick anzeigen lassen oder wieder ausblenden. <\/p>\n<p> Externen Inhalt anzeigen <\/p>\n<p class=\"tspAAgd\"> Ich bin damit einverstanden, dass mir der externe Inhalt angezeigt wird. Damit k\u00f6nnen personenbezogene Daten an Drittplattformen \u00fcbermittelt werden.  Mehr Informationen dazu erhalten Sie in den Datenschutz-Einstellungen. Diese finden Sie ganz unten auf unserer Seite im Footer, sodass Sie Ihre Einstellungen jederzeit verwalten oder widerrufen k\u00f6nnen. <\/p>\n<p class=\"tspBYm2\">Im Vorort Frienstedt versuchte eine Gruppe von Demonstranten \u00fcber einen Feldweg in Richtung Autobahn zu gelangen. Die Polizei verhinderte dies jedoch. An anderer Stelle waren die Aktivisten laut eigenen Angaben erfolgreicher: Weiter n\u00f6rdlich sind sie auf die A71 vorgedrungen.<\/p>\n","protected":false},"excerpt":{"rendered":"Begleitet von Protesten des Aktionsb\u00fcndnisses \u201eWidersetzen\u201c hat die AfD am Samstag ihren Parteitag in Erfurt begonnen. Das konnten&hellip;\n","protected":false},"author":2,"featured_media":1144250,"comment_status":"","ping_status":"","sticky":false,"template":"","format":"standard","meta":{"footnotes":"","_share_on_mastodon":"0"},"categories":[2],"tags":[186,20,3025,5159,9756,29,536,14398,30,137414,13,1635,14,15,1209,770,860,12,184,861,30684,10,8,9,11],"class_list":["post-1144249","post","type-post","status-publish","format-standard","has-post-thumbnail","category-deutschland","tag-afd","tag-alexander-dobrindt","tag-alice-weidel","tag-bjoern-hoecke","tag-bodo-ramelow","tag-deutschland","tag-die-linke","tag-future-technologies","tag-germany","tag-hauptstadtbuero","tag-headlines","tag-jugend","tag-nachrichten","tag-news","tag-nordrhein-westfalen","tag-rechtsextremismus","tag-sachsen-anhalt","tag-schlagzeilen","tag-spd","tag-thueringen","tag-tino-chrupalla","tag-top-news","tag-top-meldungen","tag-topmeldungen","tag-topnews"],"share_on_mastodon":{"url":"https:\/\/pubeurope.com\/@de\/116866574552152535","error":""},"_links":{"self":[{"href":"https:\/\/www.europesays.com\/de\/wp-json\/wp\/v2\/posts\/1144249","targetHints":{"allow":["GET"]}}],"collection":[{"href":"https:\/\/www.europesays.com\/de\/wp-json\/wp\/v2\/posts"}],"about":[{"href":"https:\/\/www.europesays.com\/de\/wp-json\/wp\/v2\/types\/post"}],"author":[{"embeddable":true,"href":"https:\/\/www.europesays.com\/de\/wp-json\/wp\/v2\/users\/2"}],"replies":[{"embeddable":true,"href":"https:\/\/www.europesays.com\/de\/wp-json\/wp\/v2\/comments?post=1144249"}],"version-history":[{"count":0,"href":"https:\/\/www.europesays.com\/de\/wp-json\/wp\/v2\/posts\/1144249\/revisions"}],"wp:featuredmedia":[{"embeddable":true,"href":"https:\/\/www.europesays.com\/de\/wp-json\/wp\/v2\/media\/1144250"}],"wp:attachment":[{"href":"https:\/\/www.europesays.com\/de\/wp-json\/wp\/v2\/media?parent=1144249"}],"wp:term":[{"taxonomy":"category","embeddable":true,"href":"https:\/\/www.europesays.com\/de\/wp-json\/wp\/v2\/categories?post=1144249"},{"taxonomy":"post_tag","embeddable":true,"href":"https:\/\/www.europesays.com\/de\/wp-json\/wp\/v2\/tags?post=1144249"}],"curies":[{"name":"wp","href":"https:\/\/api.w.org\/{rel}","templated":true}]}}