{"id":1144411,"date":"2026-07-05T10:43:16","date_gmt":"2026-07-05T10:43:16","guid":{"rendered":"https:\/\/www.europesays.com\/de\/1144411\/"},"modified":"2026-07-05T10:43:16","modified_gmt":"2026-07-05T10:43:16","slug":"wo-steck-das-augsburger-turamichele","status":"publish","type":"post","link":"https:\/\/www.europesays.com\/de\/1144411\/","title":{"rendered":"Wo steck das Augsburger Turamichele?"},"content":{"rendered":"<p class=\"mb-6 text-xs-varying md:text-m lg:text-l font-serif group-[.font-sans]:font-sans \">\n    Es war ein ziemlicher Balanceakt, als das <a href=\"https:\/\/www.augsburger-allgemeine.de\/veranstaltungen\/aa-turamichele\" target=\"_self\" class=\"underline \" rel=\"nofollow noopener\">Turamichele<\/a> <a href=\"https:\/\/www.augsburger-allgemeine.de\/augsburg\/das-turamichele-hat-den-perlachturm-verlassen-105694350\" target=\"_self\" class=\"underline \" rel=\"nofollow noopener\">im Februar vergangenen Jahres<\/a> \u00fcber das kleine Fenster mit einem Kran aus dem Perlachturm gehoben wurde. Im September 2024 hatte es zum Turamichele-Fest seinen letzten gro\u00dfen Auftritt gehabt, im vergangenen Jahr war es von der <a href=\"https:\/\/www.augsburger-allgemeine.de\/schlagworte\/aa-augsburger-puppenkiste\" target=\"_self\" class=\"underline \" rel=\"nofollow noopener\">Augsburger Puppenkiste<\/a> <a href=\"https:\/\/www.augsburger-allgemeine.de\/augsburg\/turamichele-fest-in-augsburg-der-kasperl-ersetzt-das-grosse-turamichele-111222634\" target=\"_self\" class=\"underline \" rel=\"nofollow noopener\">unterst\u00fctzt und ersetzt worden<\/a>. Und jetzt?\n  <\/p>\n<p>            Turamichele derzeit noch beim Restaurator in der \u201eKlinik\u201c<\/p>\n<p class=\"mb-6 text-xs-varying md:text-m lg:text-l font-serif group-[.font-sans]:font-sans \">\n    Derzeit befindet sich die Figur noch bei Axel Wieland. Genauer gesagt, in seiner Werkstatt, wie das Hochbauamt der Stadt auf Nachfrage mitteilt. Der Restaurator hatte das Turamichele direkt nach dem Abtransport aus dem Perlachturm in seiner Werkstatt in Bachern (<a href=\"https:\/\/www.augsburger-allgemeine.de\/friedberg\" target=\"_self\" class=\"underline \" rel=\"nofollow noopener\">Friedberg<\/a>) in Obhut genommen, um es zu reinigen und seine Farben wieder auf Hochglanz zu bringen.\n  <\/p>\n<p>    <img decoding=\"async\" src=\"https:\/\/images.mgpd.de\/img\/105705993\/crop\/c16_9-w100\/2065155144\/2108801957\/mma185800083244460008324447sta.jpg\" alt=\"Letztes Jahr verlie\u00df das Turamichele unter den Augen Axel Wielands den Perlachturm.\" title=\"Letztes Jahr verlie\u00df das Turamichele unter den Augen Axel Wielands den Perlachturm.\" loading=\"lazy\" class=\"h-full w-full object-cover\"\/><\/p>\n<p>      Icon vergr\u00f6\u00dfern<\/p>\n<p>    Letztes Jahr verlie\u00df das Turamichele unter den Augen Axel Wielands den Perlachturm.<br \/>\n    Foto: Marcus Merk<\/p>\n<p>        Schlie\u00dfen <\/p>\n<p>      Icon Schlie\u00dfen<\/p>\n<p>        Icon vergr\u00f6\u00dfern<\/p>\n<p>        Icon verkleinern<\/p>\n<p>      Icon Pfeil bewegen<\/p>\n<p>    Letztes Jahr verlie\u00df das Turamichele unter den Augen Axel Wielands den Perlachturm.<br \/>\n    Foto: Marcus Merk<\/p>\n<p class=\"mb-6 text-xs-varying md:text-m lg:text-l font-serif group-[.font-sans]:font-sans \">\n    Ob es  zu seiner 500-Jahr-Feier im Herbst 2026 schon wieder einsatzbereit sein wird, k\u00f6nne man noch nicht sagen, \u201eda dies vom Fortschritt der Restaurationsarbeiten abh\u00e4ngig und aktuell noch nicht absehbar ist\u201c, teilt das Hochbauamt mit. Offiziell soll es sp\u00e4testens mit der Wiederer\u00f6ffnung des Perlachturms im Jahr 2027 zur\u00fcck sein.\n  <\/p>\n<p>            Das sind die Pl\u00e4ne f\u00fcr die zuk\u00fcnftige Ausstellung des Turamichele<\/p>\n<p class=\"mb-6 text-xs-varying md:text-m lg:text-l font-serif group-[.font-sans]:font-sans \">\n    Bis zuletzt konnte man die Figur nur dann sehen, wenn sie einmal j\u00e4hrlich zum <a href=\"https:\/\/www.augsburger-allgemeine.de\/augsburg\/turamichele-fest-in-augsburg-2025-termin-ablauf-programm-geschichte-08-09-25-110479759\" target=\"_self\" class=\"underline \" rel=\"nofollow noopener\">Turamichele-Fest<\/a> aus ihrem Fenster hervorkommt und mit einer besonderen Mechanik der Erzengel Michael den Teufel \u201eersticht\u201c. Den Rest des Jahres wurde die Statue eingelagert. In einem Raum hinter seinem Fenster soll das Turamichele in Zukunft <a href=\"https:\/\/www.augsburger-allgemeine.de\/augsburg\/hunderte-jahre-nicht-zugaenglich-auf-der-augsburger-perlachturm-baustelle-wird-ein-verschollener-raum-sichtbar-114453258\" target=\"_self\" class=\"underline \" rel=\"nofollow noopener\">f\u00fcr Besucherinnen und Besucher zug\u00e4nglich<\/a> sein.\n  <\/p>\n<p>    <img decoding=\"async\" src=\"https:\/\/images.mgpd.de\/img\/114458296\/crop\/c16_9-w100\/744579863\/1307854592\/77734.jpg\" alt=\"Im neu zug\u00e4nglichen Raum hinter dem Turamichele-Fenster soll die Figur zuk\u00fcnftig ausgestellt werden.\" title=\"Im neu zug\u00e4nglichen Raum hinter dem Turamichele-Fenster soll die Figur zuk\u00fcnftig ausgestellt werden.\" loading=\"lazy\" class=\"h-full w-full object-cover\"\/><\/p>\n<p>      Icon vergr\u00f6\u00dfern<\/p>\n<p>    Im neu zug\u00e4nglichen Raum hinter dem Turamichele-Fenster soll die Figur zuk\u00fcnftig ausgestellt werden.<br \/>\n    Foto: Marcus Merk<\/p>\n<p>        Schlie\u00dfen <\/p>\n<p>      Icon Schlie\u00dfen<\/p>\n<p>        Icon vergr\u00f6\u00dfern<\/p>\n<p>        Icon verkleinern<\/p>\n<p>      Icon Pfeil bewegen<\/p>\n<p>    Im neu zug\u00e4nglichen Raum hinter dem Turamichele-Fenster soll die Figur zuk\u00fcnftig ausgestellt werden.<br \/>\n    Foto: Marcus Merk<\/p>\n<p class=\"mb-6 text-xs-varying md:text-m lg:text-l font-serif group-[.font-sans]:font-sans \">\n    In der fr\u00fcheren Michaels-Hochkapelle der Kirche St. Peter im Turmsockel soll das Turamichele einen besonderen Platz f\u00fcrs ganze Jahr finden: \u201eDie Turamichelefigur wird auf einer S\u00e4ule in der Raummitte der Kapelle platziert und ist so f\u00fcr den Besucher von allen Seiten ganzj\u00e4hrig erlebbar\u201c, verspricht das Hochbauamt.\n  <\/p>\n<p class=\"mb-6 text-xs-varying md:text-m lg:text-l font-serif group-[.font-sans]:font-sans \">\n    Pl\u00e4ne oder Visualisierungen gebe es derzeit jedoch noch nicht, da sich einige Leistungen noch in der Ausschreibung bef\u00e4nden. <a href=\"https:\/\/www.augsburger-allgemeine.de\/augsburg\/spektakulaerste-baustelle-in-augsburg-vom-perlachturm-stehen-nur-noch-die-aussenmauern-114246196\" target=\"_self\" class=\"underline \" rel=\"nofollow noopener\">\u00dcber eine neue Treppe und einen Durchbruch<\/a> in den \u201everschollenen Raum\u201c f\u00fcr das Turamichele sollen G\u00e4ste in Zukunft noch mehr entdecken k\u00f6nnen.\n  <\/p>\n","protected":false},"excerpt":{"rendered":"Es war ein ziemlicher Balanceakt, als das Turamichele im Februar vergangenen Jahres \u00fcber das kleine Fenster mit einem&hellip;\n","protected":false},"author":2,"featured_media":1144412,"comment_status":"","ping_status":"","sticky":false,"template":"","format":"standard","meta":{"footnotes":"","_share_on_mastodon":"0"},"categories":[1846],"tags":[680,54906,196961,772,3364,29,548,663,3934,68633,30,13,14,15,68845,12,34953,170903,18341],"class_list":["post-1144411","post","type-post","status-publish","format-standard","has-post-thumbnail","category-augsburg","tag-augsburg","tag-augsburger-puppenkiste","tag-axel-wieland","tag-bayern","tag-de","tag-deutschland","tag-eu","tag-europa","tag-europe","tag-friedberg","tag-germany","tag-headlines","tag-nachrichten","tag-news","tag-perlachturm","tag-schlagzeilen","tag-st-peter","tag-turamichele","tag-wellness"],"share_on_mastodon":{"url":"","error":""},"_links":{"self":[{"href":"https:\/\/www.europesays.com\/de\/wp-json\/wp\/v2\/posts\/1144411","targetHints":{"allow":["GET"]}}],"collection":[{"href":"https:\/\/www.europesays.com\/de\/wp-json\/wp\/v2\/posts"}],"about":[{"href":"https:\/\/www.europesays.com\/de\/wp-json\/wp\/v2\/types\/post"}],"author":[{"embeddable":true,"href":"https:\/\/www.europesays.com\/de\/wp-json\/wp\/v2\/users\/2"}],"replies":[{"embeddable":true,"href":"https:\/\/www.europesays.com\/de\/wp-json\/wp\/v2\/comments?post=1144411"}],"version-history":[{"count":0,"href":"https:\/\/www.europesays.com\/de\/wp-json\/wp\/v2\/posts\/1144411\/revisions"}],"wp:featuredmedia":[{"embeddable":true,"href":"https:\/\/www.europesays.com\/de\/wp-json\/wp\/v2\/media\/1144412"}],"wp:attachment":[{"href":"https:\/\/www.europesays.com\/de\/wp-json\/wp\/v2\/media?parent=1144411"}],"wp:term":[{"taxonomy":"category","embeddable":true,"href":"https:\/\/www.europesays.com\/de\/wp-json\/wp\/v2\/categories?post=1144411"},{"taxonomy":"post_tag","embeddable":true,"href":"https:\/\/www.europesays.com\/de\/wp-json\/wp\/v2\/tags?post=1144411"}],"curies":[{"name":"wp","href":"https:\/\/api.w.org\/{rel}","templated":true}]}}