{"id":1144490,"date":"2026-07-05T11:29:16","date_gmt":"2026-07-05T11:29:16","guid":{"rendered":"https:\/\/www.europesays.com\/de\/1144490\/"},"modified":"2026-07-05T11:29:16","modified_gmt":"2026-07-05T11:29:16","slug":"duesseldorf-oberkassel-streit-um-ex-freundin-eskaliert-zwei-schwerverletzte-nach-messerangriff","status":"publish","type":"post","link":"https:\/\/www.europesays.com\/de\/1144490\/","title":{"rendered":"D\u00fcsseldorf-Oberkassel: Streit um Ex-Freundin eskaliert\u2013 zwei Schwerverletzte nach Messerangriff"},"content":{"rendered":"<p class=\"text_ohne_einzug richtext text-em-55 !leading-serif mx-6 desktop:mx-0\"> Aus einer Begegnung in der Innenstadt wurde in der Nacht auf Sonntag ein blutiger Angriff: In D\u00fcsseldorf-Oberkassel sind bei einer Auseinandersetzung auf offener Stra\u00dfe ein Mann und eine Frau schwer verletzt worden.<\/p>\n<p class=\"richtext text-em-55 !leading-serif mx-6 desktop:mx-0\">Laut Polizei traf eine 19-J\u00e4hrige am Samstag gegen 22.52 Uhr gemeinsam mit ihrem 30-j\u00e4hrigen Freund in der Innenstadt auf ihren Ex-Partner. Dieser folgte dem Paar zusammen mit weiteren Begleitern in einem Auto bis zur Luegallee. Dort kam es auf offener Stra\u00dfe zu einer k\u00f6rperlichen Auseinandersetzung. Ein bislang nicht identifizierter Tatverd\u00e4chtiger aus der Verfolgergruppe verletzte den 30-J\u00e4hrigen mit mehreren Messerstichen schwer.<\/p>\n<p class=\"richtext text-em-55 !leading-serif mx-6 desktop:mx-0\">Anschlie\u00dfend fl\u00fcchtete die Gruppe in ihrem Fahrzeug. Die 19-J\u00e4hrige wurde dabei auf die Motorhaube aufgeladen und mehrere Meter mitgeschleift. Auch sie erlitt schwere Verletzungen. Ein Zeuge wurde von dem Wagen touchiert und leicht verletzt. Lebensgefahr bestand f\u00fcr keinen der Verletzten.<\/p>\n<p>Polizei findet Fluchtauto verlassen \u2013 Fahndung nach zwei Personen      <\/p>\n<p class=\"richtext text-em-55 !leading-serif mx-6 desktop:mx-0\">Der 30-j\u00e4hrige Verletzte folgte dem Fluchtfahrzeug zun\u00e4chst noch mit seinem eigenen Auto, brach dann aber zusammen. Schnell eintreffende Polizeibeamte leisteten gemeinsam mit Passanten Erste Hilfe.<\/p>\n<p class=\"richtext text-em-55 !leading-serif mx-6 desktop:mx-0\">Im Rahmen der Fahndung wurde das Fluchtfahrzeug verlassen in einer Nebenstra\u00dfe aufgefunden. Eine 21-J\u00e4hrige und ein 18-J\u00e4hriger, die offenbar zuvor Insassen des Wagens gewesen waren, wurden im Umfeld angetroffen und zur Wache gebracht.<\/p>\n<p class=\"richtext text-em-55 !leading-serif mx-6 desktop:mx-0\">Laut Polizei sind noch mindestens zwei Personen fl\u00fcchtig: der Ex-Freund der 19-J\u00e4hrigen sowie ein mutma\u00dflicher Tatverd\u00e4chtiger, der das Messer eingesetzt haben soll. Die Ermittlungen zum genauen Ablauf und zur Zuordnung der einzelnen Tathandlungen dauern an.<\/p>\n","protected":false},"excerpt":{"rendered":"Aus einer Begegnung in der Innenstadt wurde in der Nacht auf Sonntag ein blutiger Angriff: In D\u00fcsseldorf-Oberkassel sind&hellip;\n","protected":false},"author":2,"featured_media":1144491,"comment_status":"","ping_status":"","sticky":false,"template":"","format":"standard","meta":{"footnotes":"","_share_on_mastodon":"0"},"categories":[1831],"tags":[2140,513,3364,29,3405,514,240604,77734,14298,18719,30,2065,22072,1981,2841,38701,90843,1209,25022,2127,19169],"class_list":["post-1144490","post","type-post","status-publish","format-standard","has-post-thumbnail","category-duesseldorf","tag-angriff","tag-auto","tag-de","tag-deutschland","tag-duesseldorf","tag-fahrzeug","tag-fluchtauto","tag-fluchtfahrzeug","tag-freund","tag-freundin","tag-germany","tag-innenstadt","tag-mehreren","tag-messer","tag-messerangriff","tag-messerstichen","tag-mitgeschleift","tag-nordrhein-westfalen","tag-oberkassel","tag-streit","tag-tatverdaechtiger"],"share_on_mastodon":{"url":"https:\/\/pubeurope.com\/@de\/116867141697990768","error":""},"_links":{"self":[{"href":"https:\/\/www.europesays.com\/de\/wp-json\/wp\/v2\/posts\/1144490","targetHints":{"allow":["GET"]}}],"collection":[{"href":"https:\/\/www.europesays.com\/de\/wp-json\/wp\/v2\/posts"}],"about":[{"href":"https:\/\/www.europesays.com\/de\/wp-json\/wp\/v2\/types\/post"}],"author":[{"embeddable":true,"href":"https:\/\/www.europesays.com\/de\/wp-json\/wp\/v2\/users\/2"}],"replies":[{"embeddable":true,"href":"https:\/\/www.europesays.com\/de\/wp-json\/wp\/v2\/comments?post=1144490"}],"version-history":[{"count":0,"href":"https:\/\/www.europesays.com\/de\/wp-json\/wp\/v2\/posts\/1144490\/revisions"}],"wp:featuredmedia":[{"embeddable":true,"href":"https:\/\/www.europesays.com\/de\/wp-json\/wp\/v2\/media\/1144491"}],"wp:attachment":[{"href":"https:\/\/www.europesays.com\/de\/wp-json\/wp\/v2\/media?parent=1144490"}],"wp:term":[{"taxonomy":"category","embeddable":true,"href":"https:\/\/www.europesays.com\/de\/wp-json\/wp\/v2\/categories?post=1144490"},{"taxonomy":"post_tag","embeddable":true,"href":"https:\/\/www.europesays.com\/de\/wp-json\/wp\/v2\/tags?post=1144490"}],"curies":[{"name":"wp","href":"https:\/\/api.w.org\/{rel}","templated":true}]}}