{"id":1144549,"date":"2026-07-05T12:01:52","date_gmt":"2026-07-05T12:01:52","guid":{"rendered":"https:\/\/www.europesays.com\/de\/1144549\/"},"modified":"2026-07-05T12:01:52","modified_gmt":"2026-07-05T12:01:52","slug":"ex-bayern-stuermer-wriedt-wechselt-zum-tsv-havelse-transfer-fuenferpack","status":"publish","type":"post","link":"https:\/\/www.europesays.com\/de\/1144549\/","title":{"rendered":"Ex-Bayern-St\u00fcrmer Wriedt wechselt zum TSV Havelse \u2013 Transfer-F\u00fcnferpack"},"content":{"rendered":"<p>Ehemaliger Torsch\u00fctzenk\u00f6nig\u00a0<\/p>\n<p>                                    <img decoding=\"async\" src=\"https:\/\/www.europesays.com\/de\/wp-content\/uploads\/2026\/07\/kwasi-wriedt-aachen-2025-1783082805-201497.jpg\" title=\"Ex-Bayern-St\u00fcrmer Wriedt wechselt zum TSV Havelse \u2013 Transfer-F\u00fcnferpack\" alt=\"Ex-Bayern-St\u00fcrmer Wriedt wechselt zum TSV Havelse \u2013 Transfer-F\u00fcnferpack\"\/><\/p>\n<p>\n                                       \u00a9IMAGO\n                                    <\/p>\n<p>Der <a title=\"TSV Havelse\" href=\"https:\/\/www.transfermarkt.de\/tsv-havelse\/startseite\/verein\/476\" target=\"_blank\" rel=\"nofollow noopener\">TSV Havelse<\/a> hat am Freitag einen Transfer-F\u00fcnferpack f\u00fcr die anstehende Saison in der <a title=\"3. Liga\" href=\"https:\/\/www.transfermarkt.de\/3-liga\/startseite\/wettbewerb\/L3\" target=\"_blank\" rel=\"nofollow noopener\">3. Liga<\/a> vermeldet: <a title=\"Kwasi Wriedt\" href=\"https:\/\/www.transfermarkt.de\/kwasi-wriedt\/profil\/spieler\/154819\" target=\"_blank\" rel=\"nofollow noopener\">Kwasi Wriedt<\/a> (31), der einst mit dem FC Bayern II den Meistertitel holte und zum Torsch\u00fctzenk\u00f6nig avancierte, wechselt zu den Garbsenern. Zudem wurden mit <a title=\"Marc Richter\" href=\"https:\/\/www.transfermarkt.de\/marc-richter\/profil\/spieler\/584065\" rel=\"nofollow noopener\" target=\"_blank\">Marc Richter<\/a> (24), <a title=\"Eric Voufack\" href=\"https:\/\/www.transfermarkt.de\/eric-voufack\/profil\/spieler\/452563\" rel=\"nofollow noopener\" target=\"_blank\">Eric Voufack<\/a> (24), <a title=\"Jesse Tugbenyo\" href=\"https:\/\/www.transfermarkt.de\/jesse-tugbenyo\/profil\/spieler\/565118\" target=\"_blank\" rel=\"nofollow noopener\">Jesse Tugbenyo<\/a> (24) und <a title=\"Max Lamby\" href=\"https:\/\/www.transfermarkt.de\/max-lamby\/profil\/spieler\/693965\" rel=\"nofollow noopener\" target=\"_blank\">Max Lamby<\/a> (23) vier weitere Neuzug\u00e4nge pr\u00e4sentiert.<\/p>\n<p><\/p>\n<p>\u201eOtschi ist ein absoluter Gewinn f\u00fcr den Verein, mit seiner enormen Qualit\u00e4t kann er Spiele in dieser Liga entscheiden\u201c, sagte Trainer <a title=\"Samir Ferchichi\" href=\"https:\/\/www.transfermarkt.de\/samir-ferchichi\/profil\/trainer\/81289\" rel=\"nofollow noopener\" target=\"_blank\">Samir Ferchichi<\/a> \u00fcber die Verpflichtung Wriedts, der von <a title=\"Alemannia Aachen\" href=\"https:\/\/www.transfermarkt.de\/alemannia-aachen\/startseite\/verein\/8\" target=\"_blank\" rel=\"nofollow noopener\">Alemannia Aachen<\/a> kommt. Der St\u00fcrmer erzielte f\u00fcr die M\u00fcnchner Reserve in der Saison 2019\/20 in 33 Drittliga-Partien 24 Tore und wechselte daraufhin nach Tilburg in die erste niederl\u00e4ndische Liga. Sp\u00e4ter spielte er f\u00fcr Holstein Kiel und den VfL Osnabr\u00fcck etwa auch in der 2. Bundesliga. \u201eDass sich so ein Spieler f\u00fcr den TSV entscheidet, sagt einiges \u00fcber unsere erfolgreiche Arbeit der letzten Jahre aus\u201c, bekundete Ferchichi. Wriedt unterschrieb einen Einjahresvertrag bis Sommer 2027. Vor Aachen war er zwei Jahre lang in der T\u00fcrkei aktiv.<\/p>\n<p><\/p>\n<p>So lange wie Wriedt konnte der TSV auch die weiteren Neuzug\u00e4nge binden, die die Niedersachsen am Freitag ebenfalls pr\u00e4sentierten: Der fr\u00fchere Mainzer Reservespieler Richter kommt auch von Ligakonkurrent <a title=\"Alemannia Aachen\" href=\"https:\/\/www.transfermarkt.de\/alemannia-aachen\/startseite\/verein\/8\" target=\"_blank\" rel=\"nofollow noopener\">Alemannia Aachen<\/a>, Voufack wechselt per Leihe vom <a title=\"Kolding IF\" href=\"https:\/\/www.transfermarkt.de\/kolding-if\/startseite\/verein\/12275\" target=\"_blank\" rel=\"nofollow noopener\">Kolding IF<\/a> aus D\u00e4nemark zur\u00fcck in die 3. Liga, Tugbenyo stand in der letzten Saison f\u00fcr Ligakonkurrent <a title=\"MSV Duisburg\" href=\"https:\/\/www.transfermarkt.de\/msv-duisburg\/startseite\/verein\/52\" target=\"_blank\" rel=\"nofollow noopener\">Duisburg<\/a> auf dem Platz und Lamby st\u00f6\u00dft von <a title=\"FC Schalke 04 II\" href=\"https:\/\/www.transfermarkt.de\/fc-schalke-04-ii\/startseite\/verein\/34\" target=\"_blank\" rel=\"nofollow noopener\">Schalkes Reserve<\/a> hinzu.<\/p>\n<p>\nHavelses Ferchichi: \u201eRichter geh\u00f6rt zweifelsohne in diese 3. Liga\u201c<\/p>\n<p>\u00dcber Mittelfeldspieler Richter sagte Ferchichi: \u201eMarc hat in der Zeit bei Mainz sowie in Aachen gezeigt, wozu er imstande ist. Er geh\u00f6rt zweifelsohne in diese 3. Liga und wird dies bei uns weiterhin unter Beweis stellen. Er hat eine gute Dynamik in seinen Aktionen und wird besonders in den Umschaltmomenten gef\u00e4hrlich vor dem gegnerischen Tor.\u201c Richter bekundete: \u201eMir wurde von Beginn an ein klarer Plan aufgezeigt und ich habe eine gro\u00dfe Wertsch\u00e4tzung in den Gespr\u00e4chen versp\u00fcrt, weshalb ich sehr schnell von dem Projekt hier \u00fcberzeugt war.\u201c<\/p>\n<p><\/p>\n<p>\u00dcber den in Halle an der Saale geborenen Rechtsverteidiger Voufack, der die 3. Liga schon von Stationen bei Rot-Weiss Essen und Carl Zeiss Jena kennt, sagte der TSV-Coach: \u201eEric hat sowohl in der 3. Liga als auch in D\u00e4nemark seine Qualit\u00e4ten nachgewiesen. Er verf\u00fcgt \u00fcber eine gro\u00dfe Dynamik und kann auf beiden Au\u00dfenbahnen eingesetzt werden, was uns mehr Variabilit\u00e4t verleiht im Kader.\u201c<\/p>\n<p><\/p>\n<p>\u00dcber Tugbenyo erg\u00e4nzte Ferchichi: \u201eJesse ist im Mittelfeld sehr variabel einsetzbar und passt damit sehr gut zu unserem System und unserer Spielweise. Er bringt eine gute Passqualit\u00e4t und k\u00f6rperliche Pr\u00e4senz mit zum TSV.\u201c Linksverteidiger Lamby habe eine gute Ausbildung genossen und sich bereits in der 3. Liga bewiesen, f\u00fcgte der Trainer des Drittliga-Nachr\u00fcckers f\u00fcr das insolvente 1860 M\u00fcnchen an. \u201eEbenso geh\u00f6rte er in der abgelaufenen Saison zu den auff\u00e4lligsten Spielern der Regionalliga West. Nun ist er zur\u00fcck und wird seinen Teil dazu beitragen, dass wir zusammenwachsen und gut als Team reinstarten.\u201c<\/p>\n<p><\/p>\n<p>\n                                <strong>Hinweis:<\/strong><br \/>\n                                Wenn du etwas googelst, bekommst du neben den normalen Ergebnissen auch eine Box mit aktuellen News angezeigt. Wenn du Transfermarkt als bevorzugte Quelle hinterlegst, tauchen unsere Inhalte dort h\u00e4ufiger f\u00fcr dich auf.<br \/>\n                                <a href=\"https:\/\/www.google.com\/preferences\/source?q=transfermarkt.de\" target=\"_blank\" rel=\"noopener noreferrer nofollow\" onclick=\"tmEvent(&#039;news&#039;,&#039;click&#039;,&#039;google-preferences&#039;);&#010;\"><br \/>\n                                    F\u00fcge Transfermarkt hier als bevorzugte Quelle hinzu.                                <\/a>\n                            <\/p>\n","protected":false},"excerpt":{"rendered":"Ehemaliger Torsch\u00fctzenk\u00f6nig\u00a0 \u00a9IMAGO Der TSV Havelse hat am Freitag einen Transfer-F\u00fcnferpack f\u00fcr die anstehende Saison in der 3.&hellip;\n","protected":false},"author":2,"featured_media":1144550,"comment_status":"","ping_status":"","sticky":false,"template":"","format":"standard","meta":{"footnotes":"","_share_on_mastodon":"0"},"categories":[1853],"tags":[995,1424,3364,29,15431,548,663,3934,30,13,240058,240059,14,15,1209,12,27050],"class_list":["post-1144549","post","type-post","status-publish","format-standard","has-post-thumbnail","category-aachen","tag-3-liga","tag-aachen","tag-de","tag-deutschland","tag-eric-voufack","tag-eu","tag-europa","tag-europe","tag-germany","tag-headlines","tag-kwasi-wriedt","tag-marc-richter","tag-nachrichten","tag-news","tag-nordrhein-westfalen","tag-schlagzeilen","tag-tsv-havelse"],"share_on_mastodon":{"url":"https:\/\/pubeurope.com\/@de\/116867272086311133","error":""},"_links":{"self":[{"href":"https:\/\/www.europesays.com\/de\/wp-json\/wp\/v2\/posts\/1144549","targetHints":{"allow":["GET"]}}],"collection":[{"href":"https:\/\/www.europesays.com\/de\/wp-json\/wp\/v2\/posts"}],"about":[{"href":"https:\/\/www.europesays.com\/de\/wp-json\/wp\/v2\/types\/post"}],"author":[{"embeddable":true,"href":"https:\/\/www.europesays.com\/de\/wp-json\/wp\/v2\/users\/2"}],"replies":[{"embeddable":true,"href":"https:\/\/www.europesays.com\/de\/wp-json\/wp\/v2\/comments?post=1144549"}],"version-history":[{"count":0,"href":"https:\/\/www.europesays.com\/de\/wp-json\/wp\/v2\/posts\/1144549\/revisions"}],"wp:featuredmedia":[{"embeddable":true,"href":"https:\/\/www.europesays.com\/de\/wp-json\/wp\/v2\/media\/1144550"}],"wp:attachment":[{"href":"https:\/\/www.europesays.com\/de\/wp-json\/wp\/v2\/media?parent=1144549"}],"wp:term":[{"taxonomy":"category","embeddable":true,"href":"https:\/\/www.europesays.com\/de\/wp-json\/wp\/v2\/categories?post=1144549"},{"taxonomy":"post_tag","embeddable":true,"href":"https:\/\/www.europesays.com\/de\/wp-json\/wp\/v2\/tags?post=1144549"}],"curies":[{"name":"wp","href":"https:\/\/api.w.org\/{rel}","templated":true}]}}