{"id":1144563,"date":"2026-07-05T12:10:18","date_gmt":"2026-07-05T12:10:18","guid":{"rendered":"https:\/\/www.europesays.com\/de\/1144563\/"},"modified":"2026-07-05T12:10:18","modified_gmt":"2026-07-05T12:10:18","slug":"feuerwehr-rettet-katze-coco-von-hausdach-in-augsburg","status":"publish","type":"post","link":"https:\/\/www.europesays.com\/de\/1144563\/","title":{"rendered":"Feuerwehr rettet Katze \u201eCoco\u201c von Hausdach in Augsburg"},"content":{"rendered":"<p><strong>Ein tierischer Rettungseinsatz hat die Augsburger Berufsfeuerwehr am Samstagvormittag in die Georgenstra\u00dfe gef\u00fchrt. Gegen 11.20 Uhr wurde gemeldet, dass eine Katze auf einem Dach oberhalb des f\u00fcnften Obergeschosses festsitzt.<\/strong><\/p>\n<p>Die acht Jahre alte Hauskatze Coco war durch ein ge\u00f6ffnetes Dachfenster ins Freie gelangt. Auf dem Dach traute sie sich an einem Schneefanggitter weder vor noch zur\u00fcck. Alle Versuche ihres Besitzers, das Tier selbst in Sicherheit zu bringen, blieben erfolglos.<\/p>\n<p>Drehleiter bringt die Rettung<br \/>\n<img loading=\"lazy\" decoding=\"async\" onerror=\"this.onerror=null;this.src=\" https:=\"\" class=\"size-full wp-image-1175537\" src=\"https:\/\/www.europesays.com\/de\/wp-content\/uploads\/2026\/07\/BF-Augsburg_Tierhilfe_260704.jpg\" alt=\"\" width=\"1200\" height=\"1600\"  \/>Foto: Berufsfeuerwehr Augsburg<\/p>\n<p>Zun\u00e4chst r\u00fcckte ein Kleinalarmfahrzeug zur Tierrettung an. Da sich Coco auch von den Feuerwehrkr\u00e4ften nicht aus ihrer misslichen Lage locken lie\u00df, wurde zus\u00e4tzlich eine Drehleiter angefordert.<\/p>\n<p>Mit deren Hilfe gelang es schlie\u00dflich, die ver\u00e4ngstigte Katze sicher vom Dach zu holen. Coco blieb unverletzt und konnte ihrem sichtlich erleichterten Besitzer wohlbehalten \u00fcbergeben werden.<\/p>\n","protected":false},"excerpt":{"rendered":"Ein tierischer Rettungseinsatz hat die Augsburger Berufsfeuerwehr am Samstagvormittag in die Georgenstra\u00dfe gef\u00fchrt. Gegen 11.20 Uhr wurde gemeldet,&hellip;\n","protected":false},"author":2,"featured_media":1144564,"comment_status":"","ping_status":"","sticky":false,"template":"","format":"standard","meta":{"footnotes":"","_share_on_mastodon":"0"},"categories":[1846],"tags":[680,772,3364,29,548,663,3934,985,36636,30,13,2485,14,15,12],"class_list":["post-1144563","post","type-post","status-publish","format-standard","has-post-thumbnail","category-augsburg","tag-augsburg","tag-bayern","tag-de","tag-deutschland","tag-eu","tag-europa","tag-europe","tag-feuerwehr","tag-georgenstrasse","tag-germany","tag-headlines","tag-katze","tag-nachrichten","tag-news","tag-schlagzeilen"],"share_on_mastodon":{"url":"","error":""},"_links":{"self":[{"href":"https:\/\/www.europesays.com\/de\/wp-json\/wp\/v2\/posts\/1144563","targetHints":{"allow":["GET"]}}],"collection":[{"href":"https:\/\/www.europesays.com\/de\/wp-json\/wp\/v2\/posts"}],"about":[{"href":"https:\/\/www.europesays.com\/de\/wp-json\/wp\/v2\/types\/post"}],"author":[{"embeddable":true,"href":"https:\/\/www.europesays.com\/de\/wp-json\/wp\/v2\/users\/2"}],"replies":[{"embeddable":true,"href":"https:\/\/www.europesays.com\/de\/wp-json\/wp\/v2\/comments?post=1144563"}],"version-history":[{"count":0,"href":"https:\/\/www.europesays.com\/de\/wp-json\/wp\/v2\/posts\/1144563\/revisions"}],"wp:featuredmedia":[{"embeddable":true,"href":"https:\/\/www.europesays.com\/de\/wp-json\/wp\/v2\/media\/1144564"}],"wp:attachment":[{"href":"https:\/\/www.europesays.com\/de\/wp-json\/wp\/v2\/media?parent=1144563"}],"wp:term":[{"taxonomy":"category","embeddable":true,"href":"https:\/\/www.europesays.com\/de\/wp-json\/wp\/v2\/categories?post=1144563"},{"taxonomy":"post_tag","embeddable":true,"href":"https:\/\/www.europesays.com\/de\/wp-json\/wp\/v2\/tags?post=1144563"}],"curies":[{"name":"wp","href":"https:\/\/api.w.org\/{rel}","templated":true}]}}