{"id":1144610,"date":"2026-07-05T12:38:16","date_gmt":"2026-07-05T12:38:16","guid":{"rendered":"https:\/\/www.europesays.com\/de\/1144610\/"},"modified":"2026-07-05T12:38:16","modified_gmt":"2026-07-05T12:38:16","slug":"koehler-osbahr-stiftung-in-duisburg-foerderpreise-vergeben","status":"publish","type":"post","link":"https:\/\/www.europesays.com\/de\/1144610\/","title":{"rendered":"K\u00f6hler-Osbahr-Stiftung in Duisburg: F\u00f6rderpreise vergeben"},"content":{"rendered":"<p class=\"text_ohne_einzug richtext text-em-55 !leading-serif mx-6 desktop:mx-0\"> Die K\u00f6hler-Osbahr-Stiftung vergibt seit 1994 j\u00e4hrlich ihre F\u00f6rderpreise an inzwischen etwa 250 junge Menschen, die an der st\u00e4dtischen Musik- und Kunstschule (MKS) oder am Campus Duisburg der Folkwang-Universit\u00e4t der K\u00fcnste lernen. Wie immer nach Wertungsspielen an der MKS und einem Wettbewerb an der Musikhochschule, beide auch bewertet von Vertretern der jeweils anderen Institution, war es am Sonntag wieder soweit und im Opernfoyer im Theater erhielten sieben Personen ihre Auszeichnungen aus den H\u00e4nden der Folkwang-Klavier-Professorin Hisako Kawamura (als Vertreterin des Wettbewerbsleiters Professor Henri Sigfridsson, der per Flugzeug noch nicht eingetroffen war), ein achter Preistr\u00e4ger war erkrankt.<\/p>\n","protected":false},"excerpt":{"rendered":"Die K\u00f6hler-Osbahr-Stiftung vergibt seit 1994 j\u00e4hrlich ihre F\u00f6rderpreise an inzwischen etwa 250 junge Menschen, die an der st\u00e4dtischen&hellip;\n","protected":false},"author":2,"featured_media":1144611,"comment_status":"","ping_status":"","sticky":false,"template":"","format":"standard","meta":{"footnotes":"","_share_on_mastodon":"0"},"categories":[1838],"tags":[3364,29,3715,43797,140316,30,240624,57770,200803,240625,1209,240623,240622,828,24636,100348,143406,8928],"class_list":["post-1144610","post","type-post","status-publish","format-standard","has-post-thumbnail","category-duisburg","tag-de","tag-deutschland","tag-duisburg","tag-folkwang","tag-foerderpreise","tag-germany","tag-kawamura","tag-koehler","tag-mks","tag-musikpaedagogikpreis","tag-nordrhein-westfalen","tag-opernfoyer","tag-osbahr","tag-preis","tag-preistraeger","tag-preistraegerin","tag-preistraegerkonzert","tag-stiftung"],"share_on_mastodon":{"url":"https:\/\/pubeurope.com\/@de\/116867413572426074","error":""},"_links":{"self":[{"href":"https:\/\/www.europesays.com\/de\/wp-json\/wp\/v2\/posts\/1144610","targetHints":{"allow":["GET"]}}],"collection":[{"href":"https:\/\/www.europesays.com\/de\/wp-json\/wp\/v2\/posts"}],"about":[{"href":"https:\/\/www.europesays.com\/de\/wp-json\/wp\/v2\/types\/post"}],"author":[{"embeddable":true,"href":"https:\/\/www.europesays.com\/de\/wp-json\/wp\/v2\/users\/2"}],"replies":[{"embeddable":true,"href":"https:\/\/www.europesays.com\/de\/wp-json\/wp\/v2\/comments?post=1144610"}],"version-history":[{"count":0,"href":"https:\/\/www.europesays.com\/de\/wp-json\/wp\/v2\/posts\/1144610\/revisions"}],"wp:featuredmedia":[{"embeddable":true,"href":"https:\/\/www.europesays.com\/de\/wp-json\/wp\/v2\/media\/1144611"}],"wp:attachment":[{"href":"https:\/\/www.europesays.com\/de\/wp-json\/wp\/v2\/media?parent=1144610"}],"wp:term":[{"taxonomy":"category","embeddable":true,"href":"https:\/\/www.europesays.com\/de\/wp-json\/wp\/v2\/categories?post=1144610"},{"taxonomy":"post_tag","embeddable":true,"href":"https:\/\/www.europesays.com\/de\/wp-json\/wp\/v2\/tags?post=1144610"}],"curies":[{"name":"wp","href":"https:\/\/api.w.org\/{rel}","templated":true}]}}