{"id":1144664,"date":"2026-07-05T13:09:19","date_gmt":"2026-07-05T13:09:19","guid":{"rendered":"https:\/\/www.europesays.com\/de\/1144664\/"},"modified":"2026-07-05T13:09:19","modified_gmt":"2026-07-05T13:09:19","slug":"unfall-auf-a2-flixbus-kommt-autobahn-ab-11-verletzte-regional","status":"publish","type":"post","link":"https:\/\/www.europesays.com\/de\/1144664\/","title":{"rendered":"Unfall auf A2: Flixbus kommt Autobahn ab \u2013 11 Verletzte | Regional"},"content":{"rendered":"<p><a class=\"skip-content skip-content--link\" href=\"#in-content-skip-link-target-v-0-0\">TTS-Player \u00fcberspringen\u21b5<\/a><a id=\"in-content-skip-link-target-v-0-0\" class=\"skip-content--target-link-hidden skip-content skip-content--target-link\" href=\"#in-content-skip-link-target-v-0-0\">Artikel weiterlesen<\/a><\/p>\n<p data-780e759e=\"0-520\">Potsdam \u2013 <b>Dieses Tr\u00fcmmerbild l\u00e4sst Schlimmes bef\u00fcrchten: Der gr\u00fcne Flixbus-Doppeldecker steht abseits der A2 zwischen B\u00fcschen und B\u00e4umen. Die Frontscheibe ist gro\u00dffl\u00e4chig zerborsten, die Fahrzeugfront aufgerissen. <\/b><\/p>\n<p data-780e759e=\"0-520\">Doch die etwa 70 Insassen des Reisebusses hatten offenbar gro\u00dfes Gl\u00fcck! Elf Passagiere wurden leicht verletzt.<\/p>\n<p data-780e759e=\"0-520\">Warum der Bus am Sonntagmorgen zwischen Ziesar und Wollin in Richtung Berlin von der Strecke abkam, ist noch unklar. Die <a href=\"https:\/\/www.bild.de\/regional\/aktuelles\/polizei\/polizeieinsatz-alle-infos-76681760.bild.html\" class=\"text-link\" rel=\"nofollow noopener\" target=\"_blank\">Autobahnpolizei<\/a> ermittelt die <a href=\"https:\/\/www.bild.de\/news\/aktuelles\/verkehrsunfall\/verkehrsunfaelle-alle-infos-76680804.bild.html\" class=\"text-link\" rel=\"nofollow noopener\" target=\"_blank\">Unfallursache<\/a>. Demnach streifte der Bus aus unbekannten Gr\u00fcnden erst die Schutzplanke, riss dann eine Notrufs\u00e4ule um und landete schlussendlich im Geb\u00fcsch.<\/p>\n<p>Rettungskr\u00e4fte vor Ort<\/p>\n<p data-780e759e=\"521-946\">Sanit\u00e4ter k\u00fcmmerten sich um die Verletzten. Niemand musste ins Krankenhaus gebracht werden. Der Bus war nach dem <a href=\"https:\/\/www.bild.de\/themen\/ereignisse\/unfaelle\/auto-news-fotos-videos-17004002.bild.html\" class=\"text-link\" rel=\"nofollow noopener\" target=\"_blank\">Unfall<\/a> nicht mehr fahrbereit und wurde geborgen.<\/p>\n<p data-780e759e=\"521-946\">Die <a href=\"https:\/\/www.bild.de\/regional\/berlin\/a2-gesperrt-hitze-laesst-autobahn-aufreissen-30-autos-beschaedigt-6a3e597ef35865c1dfe233a2\" class=\"text-link\" rel=\"nofollow noopener\" target=\"_blank\">A2<\/a> blieb in dem Abschnitt zwei Stunden lang in Richtung <a href=\"https:\/\/www.bild.de\/regional\/berlin\/berlin-regional\/home-15823246.bild.html\" class=\"text-link\" rel=\"nofollow noopener\" target=\"_blank\">Berlin<\/a> gesperrt. Der Verkehr wurde ab Ziesar umgeleitet.<\/p>\n","protected":false},"excerpt":{"rendered":"TTS-Player \u00fcberspringen\u21b5Artikel weiterlesen Potsdam \u2013 Dieses Tr\u00fcmmerbild l\u00e4sst Schlimmes bef\u00fcrchten: Der gr\u00fcne Flixbus-Doppeldecker steht abseits der A2 zwischen&hellip;\n","protected":false},"author":2,"featured_media":1144665,"comment_status":"","ping_status":"","sticky":false,"template":"","format":"standard","meta":{"footnotes":"","_share_on_mastodon":"0"},"categories":[1825],"tags":[11885,21458,296,29,30,2624,3260],"class_list":["post-1144664","post","type-post","status-publish","format-standard","has-post-thumbnail","category-berlin","tag-autobahn-a-2","tag-autobahnen","tag-berlin","tag-deutschland","tag-germany","tag-unfaelle","tag-verkehrsunfall"],"share_on_mastodon":{"url":"https:\/\/pubeurope.com\/@de\/116867535197219167","error":""},"_links":{"self":[{"href":"https:\/\/www.europesays.com\/de\/wp-json\/wp\/v2\/posts\/1144664","targetHints":{"allow":["GET"]}}],"collection":[{"href":"https:\/\/www.europesays.com\/de\/wp-json\/wp\/v2\/posts"}],"about":[{"href":"https:\/\/www.europesays.com\/de\/wp-json\/wp\/v2\/types\/post"}],"author":[{"embeddable":true,"href":"https:\/\/www.europesays.com\/de\/wp-json\/wp\/v2\/users\/2"}],"replies":[{"embeddable":true,"href":"https:\/\/www.europesays.com\/de\/wp-json\/wp\/v2\/comments?post=1144664"}],"version-history":[{"count":0,"href":"https:\/\/www.europesays.com\/de\/wp-json\/wp\/v2\/posts\/1144664\/revisions"}],"wp:featuredmedia":[{"embeddable":true,"href":"https:\/\/www.europesays.com\/de\/wp-json\/wp\/v2\/media\/1144665"}],"wp:attachment":[{"href":"https:\/\/www.europesays.com\/de\/wp-json\/wp\/v2\/media?parent=1144664"}],"wp:term":[{"taxonomy":"category","embeddable":true,"href":"https:\/\/www.europesays.com\/de\/wp-json\/wp\/v2\/categories?post=1144664"},{"taxonomy":"post_tag","embeddable":true,"href":"https:\/\/www.europesays.com\/de\/wp-json\/wp\/v2\/tags?post=1144664"}],"curies":[{"name":"wp","href":"https:\/\/api.w.org\/{rel}","templated":true}]}}