{"id":1144707,"date":"2026-07-05T13:34:16","date_gmt":"2026-07-05T13:34:16","guid":{"rendered":"https:\/\/www.europesays.com\/de\/1144707\/"},"modified":"2026-07-05T13:34:16","modified_gmt":"2026-07-05T13:34:16","slug":"schwalmtal-abschiedskonzert-schlautermann-tillies-jazzband","status":"publish","type":"post","link":"https:\/\/www.europesays.com\/de\/1144707\/","title":{"rendered":"Schwalmtal: Abschiedskonzert Schlautermann Tillies Jazzband"},"content":{"rendered":"<p class=\"text_ohne_einzug richtext text-em-55 !leading-serif mx-6 desktop:mx-0\"> 1965 gr\u00fcndete sich in D\u00fclken die Schautermann Tillies Jazzband. Die Bandmitglieder erinnern sich gerne an die vielen Auftritte in der Gastst\u00e4tte Rehmsmeier in D\u00fclken, in der alten Tr\u00e4nke, in der Windm\u00fchle in <a href=\"https:\/\/rp-online.de\/thema\/viersen\/\" rel=\"nofollow noopener\" target=\"_blank\">Viersen<\/a> und im Kolpinghaus D\u00fclken. Nicht zu vergessen seien auch die zahlreichen Benefizkonzerte in der Weihnachtszeit in der Corneliuskirche in D\u00fclken und in der evangelischen Hofkirche in Kaldenkirchen, teilt die Band in einer Mitteilung mit.<\/p>\n<p class=\"richtext text-em-55 !leading-serif mx-6 desktop:mx-0\">Nachdem im Fr\u00fchjahr der Klarinettist Winnie Faust unerwartet starb, beschlossen die beiden noch verbliebenen Schauterm\u00e4nner Lothar Fliescher und Rudolf \u201ePuhl\u201c Ophei die Band nach einem letzten Auftritt aufzul\u00f6sen. Das Abschiedskonzert findet am Samstag, 12. Juli, ab 16 Uhr, im Biergarten der L\u00fcttelforster M\u00fchle statt.<\/p>\n","protected":false},"excerpt":{"rendered":"1965 gr\u00fcndete sich in D\u00fclken die Schautermann Tillies Jazzband. Die Bandmitglieder erinnern sich gerne an die vielen Auftritte&hellip;\n","protected":false},"author":2,"featured_media":1144708,"comment_status":"","ping_status":"","sticky":false,"template":"","format":"standard","meta":{"footnotes":"","_share_on_mastodon":"0"},"categories":[1849],"tags":[77410,6329,6333,3364,29,38762,548,663,3934,30,13,61590,240634,4455,57233,14,15,1209,240632,240635,12,240633,18183,9613],"class_list":["post-1144707","post","type-post","status-publish","format-standard","has-post-thumbnail","category-moenchengladbach","tag-abschiedskonzert","tag-band","tag-bandmitglieder","tag-de","tag-deutschland","tag-duelken","tag-eu","tag-europa","tag-europe","tag-germany","tag-headlines","tag-jazzband","tag-luettelforster","tag-moenchengladbach","tag-muehle","tag-nachrichten","tag-news","tag-nordrhein-westfalen","tag-schautermann","tag-schautermaenner","tag-schlagzeilen","tag-tillies","tag-viersen","tag-windmuehle"],"share_on_mastodon":{"url":"","error":""},"_links":{"self":[{"href":"https:\/\/www.europesays.com\/de\/wp-json\/wp\/v2\/posts\/1144707","targetHints":{"allow":["GET"]}}],"collection":[{"href":"https:\/\/www.europesays.com\/de\/wp-json\/wp\/v2\/posts"}],"about":[{"href":"https:\/\/www.europesays.com\/de\/wp-json\/wp\/v2\/types\/post"}],"author":[{"embeddable":true,"href":"https:\/\/www.europesays.com\/de\/wp-json\/wp\/v2\/users\/2"}],"replies":[{"embeddable":true,"href":"https:\/\/www.europesays.com\/de\/wp-json\/wp\/v2\/comments?post=1144707"}],"version-history":[{"count":0,"href":"https:\/\/www.europesays.com\/de\/wp-json\/wp\/v2\/posts\/1144707\/revisions"}],"wp:featuredmedia":[{"embeddable":true,"href":"https:\/\/www.europesays.com\/de\/wp-json\/wp\/v2\/media\/1144708"}],"wp:attachment":[{"href":"https:\/\/www.europesays.com\/de\/wp-json\/wp\/v2\/media?parent=1144707"}],"wp:term":[{"taxonomy":"category","embeddable":true,"href":"https:\/\/www.europesays.com\/de\/wp-json\/wp\/v2\/categories?post=1144707"},{"taxonomy":"post_tag","embeddable":true,"href":"https:\/\/www.europesays.com\/de\/wp-json\/wp\/v2\/tags?post=1144707"}],"curies":[{"name":"wp","href":"https:\/\/api.w.org\/{rel}","templated":true}]}}