{"id":1144784,"date":"2026-07-05T14:34:15","date_gmt":"2026-07-05T14:34:15","guid":{"rendered":"https:\/\/www.europesays.com\/de\/1144784\/"},"modified":"2026-07-05T14:34:15","modified_gmt":"2026-07-05T14:34:15","slug":"duesseldorf-gleich-fuenf-jubilaeen-bei-den-derendorfer-schuetzen","status":"publish","type":"post","link":"https:\/\/www.europesays.com\/de\/1144784\/","title":{"rendered":"D\u00fcsseldorf: Gleich f\u00fcnf Jubil\u00e4en bei den Derendorfer Sch\u00fctzen"},"content":{"rendered":"<p class=\"text_ohne_einzug richtext text-em-55 !leading-serif mx-6 desktop:mx-0\">Peter ist zehn Jahre alt. Voller Stolz beobachtet er seinen Vater, wie der in der Uniform der 1. von Hindenburg mit seinen Kameraden des St. Sebastianus Sch\u00fctzenvereins Derendorf 1655 \u00fcber die Stra\u00dfen des Stadtteils paradiert. \u201eKurz darauf bin ich selbst in den Sch\u00fctzenverein eingetreten\u201c, verr\u00e4t Peter Klinkhammer. \u201eDas ist jetzt 59 Jahre her.\u201c Klinkhammer ist seit vielen Jahren Hauptmann der Sch\u00fctzengesellschaft und jetzt Leiter der Gesellschaftsjubil\u00e4umsfeierlichkeiten beim <a href=\"https:\/\/rp-online.de\/thema\/schuetzenfest\/\" rel=\"nofollow noopener\" target=\"_blank\">Sch\u00fctzenfest<\/a>. Die 1. von Hindenburg wurde 1926 gegr\u00fcndet und ist damit 100 Jahre alt.<\/p>\n<p class=\"richtext text-em-55 !leading-serif mx-6 desktop:mx-0\">\u201eDie Sch\u00fctzen sind f\u00fcr mich und f\u00fcr viele andere eine Heimat, Gemeinschaft, Werteorientierung, sozialer Kompass\u201c, sagt der Hauptmann.  Und das hat in seinen Augen \u00fcberhaupt nichts mit r\u00fcckw\u00e4rtsgewandt oder rechtsorientiert zu tun. Die meisten Sch\u00fctzenvereine heutzutage seien weltoffen, integrations- und inklusionsbereit, religi\u00f6s und sexuell divers und dennoch traditionsbewusst. Das bewiesen die Derendorfer etwa mit einer Einladung an die Kinder in der Fl\u00fcchtlingsunterkunft an der Schwannstra\u00dfe zum Kirmesstart.<\/p>\n<p class=\"richtext text-em-55 !leading-serif mx-6 desktop:mx-0\">Die 1. von Hindenburg darf sich so nennen, weil sie offiziell die erste Sch\u00fctzengesellschaft in Deutschland war, die sich mit dem Namen des damaligen Reichspr\u00e4sidenten schm\u00fccken durfte. \u201eMein Vater hat die Urkunde mit der Hindenburg-Unterschrift noch gesehen\u201c, so der Hauptmann. \u201eAber die Urkunde ist in den Wirren des Zweiten Weltkriegs verloren gegangen.\u201c<\/p>\n<p class=\"richtext text-em-55 !leading-serif mx-6 desktop:mx-0\">Neben der Hindenburg feierten auch die Gesellschaften Freisch\u00fctz M\u00f6rsenbroich (150 Jahre), das Tambour-Corps Derendorf und die Gesellschaften St. Paulus sowie Gesellschaft Andreas Hofer (je 100 Jahre) ein rundes Jubil\u00e4um. Vier davon gestalteten beim Sch\u00fctzenfest den Jubil\u00e4umsabend. Federf\u00fchrend dabei war das Tambourcorps unter seinem Hauptmann J\u00fcrgen Holzhauser. \u201eWir werden auch von vielen anderen Sch\u00fctzenvereinen f\u00fcr ihre Sch\u00fctzenfeste gebucht, wir kommen also am meisten herum und haben dadurch auch die meisten Kontakte\u201c, so Holzhauser.<\/p>\n<p class=\"richtext text-em-55 !leading-serif mx-6 desktop:mx-0\">\u201eWir haben schon oft mit den Swinging Funfares gespielt, da haben wir sie gefragt, ob sie auf unserem Jubil\u00e4umsabend spielen wollen\u201c, sagt Holzhauser. So war die bl\u00e4serlastige Musik der D\u00fcsseldorfer Musikbotschafter als erstes Highlight im Zelt zu h\u00f6ren.<\/p>\n<p class=\"richtext text-em-55 !leading-serif mx-6 desktop:mx-0\">Andere T\u00f6ne brachte die routinierte Coverband Soundconvoy. W\u00e4hrend die Funfares \u00fcberwiegend eigene St\u00fccke spielten, setzten die Neusser auf die Hits der vergangenen Jahre. Und auch das funktionierte, denn egal ob Abba-, Queen- Liquido- oder Tote Hosen-Lieder erschallten, die Derendorfer Sch\u00fctzen hielten sich in Bewegung.<\/p>\n<p class=\"richtext text-em-55 !leading-serif mx-6 desktop:mx-0\">Den Abschluss des Jubil\u00e4umsabends bildete eine Lasershow im Festzelt. \u201eF\u00fcr das alles mussten wir etwas sparen und die anderen Gesellschaften wohl auch\u201c, so Holzhauser. \u201eZum Gl\u00fcck haben wir Unterst\u00fctzung vom Gesamtverein, den Bezirksvertretungen 1 und 6 und von Spendern bekommen. Nur so konnten wir dieses Programm bei freiem Eintritt auf die B\u00fchne bringen.\u201c Den Eintritt kostenfrei zu gestalten, war oberste Priorit\u00e4t des Organisationskomitees. \u201eEs soll ein Fest f\u00fcr die B\u00fcrger sein, da wollen wir niemanden ausschlie\u00dfen, nur weil er sich m\u00f6glicherweise das Ticket nicht leisten kann.\u201c<\/p>\n<p class=\"richtext text-em-55 !leading-serif mx-6 desktop:mx-0\">Lediglich die Gesellschaft Andreas Hofer machte beim gro\u00dfen Jubil\u00e4umsabend nicht mit. \u201eWir feiern unser Hundertj\u00e4hriges am 8. August\u201c, so die Hauptleute Dirk He\u00dfe und Holger J\u00fclicher. \u201eDabei werden wir von jedem Gast eine Getr\u00e4nkepauschale von 19,26 Euro erheben. Die H\u00e4lfte davon spenden wir an die Elterninitiative der Kinderkrebsklinik.\u201c<\/p>\n<p class=\"richtext text-em-55 !leading-serif mx-6 desktop:mx-0\">Das ist nicht das einzig Soziale, das die Derendorfer Sch\u00fctzen tun. Inzwischen ist es fast Tradition, dass das Regiments- (Dirk und Sabine Schiffer) und das Jungsch\u00fctzenk\u00f6nigspaar (Victoria Holzhauser und Jan-Luca Frinken) bewusst auf Blumen und Geschenke verzichten und um eine Spende bitten, die einem sozialen Zweck zugef\u00fchrt wird. Dieses Jahr wird die integrative Kindertagesst\u00e4tte der Lebenshilfe an der Spichernstra\u00dfe unterst\u00fctzt.<\/p>\n","protected":false},"excerpt":{"rendered":"Peter ist zehn Jahre alt. Voller Stolz beobachtet er seinen Vater, wie der in der Uniform der 1.&hellip;\n","protected":false},"author":2,"featured_media":1144785,"comment_status":"","ping_status":"","sticky":false,"template":"","format":"standard","meta":{"footnotes":"","_share_on_mastodon":"0"},"categories":[1831],"tags":[3364,5105,240644,29,3405,30,109677,240646,84013,240645,240647,79892,1209,23062,9877,23079,211316,14968,40720,80071,55154],"class_list":["post-1144784","post","type-post","status-publish","format-standard","has-post-thumbnail","category-duesseldorf","tag-de","tag-derendorf","tag-derendorfer","tag-deutschland","tag-duesseldorf","tag-germany","tag-hauptmann","tag-heutzutage","tag-hindenburg","tag-holzhauser","tag-jungschuetzenkoenigspaar","tag-klinkhammer","tag-nordrhein-westfalen","tag-schuetze","tag-schuetzen","tag-schuetzenfest","tag-schuetzengesellschaft","tag-schuetzenverein","tag-schuetzenzelt","tag-schuetzenzug","tag-verraet"],"share_on_mastodon":{"url":"https:\/\/pubeurope.com\/@de\/116867869458162964","error":""},"_links":{"self":[{"href":"https:\/\/www.europesays.com\/de\/wp-json\/wp\/v2\/posts\/1144784","targetHints":{"allow":["GET"]}}],"collection":[{"href":"https:\/\/www.europesays.com\/de\/wp-json\/wp\/v2\/posts"}],"about":[{"href":"https:\/\/www.europesays.com\/de\/wp-json\/wp\/v2\/types\/post"}],"author":[{"embeddable":true,"href":"https:\/\/www.europesays.com\/de\/wp-json\/wp\/v2\/users\/2"}],"replies":[{"embeddable":true,"href":"https:\/\/www.europesays.com\/de\/wp-json\/wp\/v2\/comments?post=1144784"}],"version-history":[{"count":0,"href":"https:\/\/www.europesays.com\/de\/wp-json\/wp\/v2\/posts\/1144784\/revisions"}],"wp:featuredmedia":[{"embeddable":true,"href":"https:\/\/www.europesays.com\/de\/wp-json\/wp\/v2\/media\/1144785"}],"wp:attachment":[{"href":"https:\/\/www.europesays.com\/de\/wp-json\/wp\/v2\/media?parent=1144784"}],"wp:term":[{"taxonomy":"category","embeddable":true,"href":"https:\/\/www.europesays.com\/de\/wp-json\/wp\/v2\/categories?post=1144784"},{"taxonomy":"post_tag","embeddable":true,"href":"https:\/\/www.europesays.com\/de\/wp-json\/wp\/v2\/tags?post=1144784"}],"curies":[{"name":"wp","href":"https:\/\/api.w.org\/{rel}","templated":true}]}}