{"id":1144799,"date":"2026-07-05T14:42:22","date_gmt":"2026-07-05T14:42:22","guid":{"rendered":"https:\/\/www.europesays.com\/de\/1144799\/"},"modified":"2026-07-05T14:42:22","modified_gmt":"2026-07-05T14:42:22","slug":"muenchen-sportfestival-und-halbmarathon-im-englischen-garten-muenchen","status":"publish","type":"post","link":"https:\/\/www.europesays.com\/de\/1144799\/","title":{"rendered":"M\u00fcnchen: Sportfestival und Halbmarathon im Englischen Garten &#8211; M\u00fcnchen"},"content":{"rendered":"<p data-manual=\"paragraph\" data-schema-org-speakable=\"true\" class=\"css-1vw426e\">Nach Tagen und Wochen der Hitze hatte es rechtzeitig vor dem Wochenende etwas abgek\u00fchlt, der Himmel war bew\u00f6lkt, manchmal wehte auch ein frisches L\u00fcftchen: In <a href=\"https:\/\/www.sueddeutsche.de\/thema\/M%C3%BCnchen\" rel=\"nofollow noopener\" target=\"_blank\">M\u00fcnchen<\/a> herrschten am Sonntag ideale Bedingungen, um sich zu bewegen \u2013 das fanden die M\u00fcnchnerinnen und M\u00fcnchner beim Sportfestival der Landeshauptstadt auf dem <a href=\"https:\/\/www.sueddeutsche.de\/thema\/K%C3%B6nigsplatz\" rel=\"nofollow noopener\" target=\"_blank\">K\u00f6nigsplatz<\/a> ebenso wie beim traditionellen Laufevent eines hiesigen Sportgesch\u00e4fts mit Start und Ziel am Siegestor und einer Schleife durch den Englischen Garten.<\/p>\n<p data-manual=\"paragraph\" data-schema-org-speakable=\"true\" class=\"css-1eosz7k\">\u201eHeute ist perfektes Wetter f\u00fcr das Sport-Festival\u201c, sagte Verena Bentele auf der B\u00fchne vor den Propyl\u00e4en, wo die mehrmalige Paralympics-Siegerin mit weiteren olympischen Goldmedaillen-Gewinnerinnen f\u00fcr Aktivit\u00e4ten im Breiten- und vor allem Kindersport warb. \u201eEs war perfektes Laufwetter heute\u201c, bilanzierte auch \u2013 wohl stellvertretend f\u00fcr alle L\u00e4ufer \u2013 der 34 Jahre alte Christian noch etwas verschwitzt, nachdem er am Sonntagmorgen die Halbmarathon-Strecke durch den Englischen Garten in einer respektablen Zeit von nur wenig mehr als anderthalb Stunden hinter sich gebracht hatte: \u201ePerfekte Temperatur, bedeckter Himmel, nicht zu windig, das war eher erfrischend\u201c, fasste er zusammen.<\/p>\n<p><a href=\"https:\/\/www.sueddeutsche.de\/muenchen\/gute-nachrichten-muenchen-whatsapp-kanal-sueddeutsche-zeitung-1.6315833\" aria-label=\"Artikelverlinkung:\" data-track-szde=\"{&quot;event&quot;:&quot;teaser_clicked&quot;,&quot;teaser_clicked&quot;:{&quot;article_title&quot;:&quot;gute_nachrichten_aus_muenchen_jetzt_auf_whatsapp_abonnieren&quot;,&quot;doctype&quot;:&quot;&quot;,&quot;label&quot;:&quot;&quot;,&quot;main_topic&quot;:&quot;muenchen&quot;,&quot;object_id&quot;:&quot;sz.1.6315833&quot;,&quot;pcat&quot;:&quot;free&quot;,&quot;section&quot;:&quot;muenchen&quot;,&quot;teaser_type&quot;:&quot;article_teaser_top&quot;}}\" data-manual=\"teaser-url\" data-tb-link=\"\" aria-labelledby=\"teaser-httpswwwsueddeutschedemuenchengute-nachrichten-muenchen-whatsapp-kanal-sueddeutsche-zeitung-16315833\" class=\"css-14tg8sh\" rel=\"nofollow noopener\" target=\"_blank\"><img decoding=\"async\" src=\"https:\/\/www.europesays.com\/de\/wp-content\/uploads\/2026\/07\/97c098fc-5b07-45f5-80e8-251184ccdd3f.jpeg\"   alt=\"\" loading=\"lazy\" class=\"css-8atqhb\"\/><\/p>\n<p>SZ Good News<\/p>\n<p>:Gute Nachrichten aus M\u00fcnchen \u2013 jetzt auf Whatsapp abonnieren<\/p>\n<p class=\"css-a6ecqs\" data-manual=\"teaser-text\" data-tb-description=\"\" data-schema-org-speakable=\"true\">Mehr positive Neuigkeiten im Alltag: Die S\u00fcddeutsche Zeitung verbreitet jeden Tag auf Whatsapp ausschlie\u00dflich sch\u00f6ne und heitere Nachrichten aus M\u00fcnchen und der Region. So k\u00f6nnen Sie ihn abonnieren.<\/p>\n<p data-manual=\"paragraph\" data-schema-org-speakable=\"true\" class=\"css-1eosz7k\">Die von Geburt an blinde Verena Bentele kann man ebenfalls immer wieder mal mit einem Begleitl\u00e4ufer durch den Englischen Garten joggen sehen, an diesem Sonntag \u00fcberlie\u00df die 44-J\u00e4hrige das freilich anderen. Insgesamt 13 621 Menschen rannten dort mehr oder weniger schnell \u00fcber die drei angebotenen Distanzen Halbmarathon (21,1 Kilometer), zehn und f\u00fcnf Kilometer; dazu kamen 677 Kinder, die eine Zwei-Kilometer-Runde durch den Englischen Garten drehten.<\/p>\n<p data-manual=\"paragraph\" data-schema-org-speakable=\"true\" class=\"css-1eosz7k\">Damit geh\u00f6rt die 1979 erstmals in der Innenstadt organisierte Veranstaltung zu den teilnehmerst\u00e4rksten Volksl\u00e4ufen Deutschlands. Und zu den sch\u00f6nsten sicher auch. Der Spanier Mart\u00edn Sabater Navarro, 29, der seit vier Monaten am M\u00fcnchner Max-Planck-Institut studiert, bekannte jedenfalls, dass ihn vor allem die Aussicht gereizt habe, die Atmosph\u00e4re des Englischen Gartens zu inhalieren, um sich f\u00fcr den Zehn-Kilometer-Lauf anzumelden.<\/p>\n<p><img decoding=\"async\" src=\"https:\/\/www.europesays.com\/de\/wp-content\/uploads\/2026\/07\/948c0c71-c367-4e71-9292-865ca9bb3eb8.jpg\"   alt=\"Vom Siegestor ging es auf diverse Runden unterschiedlicher L\u00e4nge durch den Englischen Garten.\" loading=\"lazy\" class=\"css-8atqhb\"\/>Vom Siegestor ging es auf diverse Runden unterschiedlicher L\u00e4nge durch den Englischen Garten. Robert Haas<img decoding=\"async\" src=\"https:\/\/www.europesays.com\/de\/wp-content\/uploads\/2026\/07\/5033dc95-6cc9-4ca0-8d30-c69c733ddfd9.jpg\"   alt=\"Auf das Ankommen kam es an.\" loading=\"lazy\" class=\"css-8atqhb\"\/>Auf das Ankommen kam es an. Robert Haas<img decoding=\"async\" src=\"https:\/\/www.europesays.com\/de\/wp-content\/uploads\/2026\/07\/d1b6ca94-d8e1-4ddc-b851-040ce2197c8e.jpg\"   alt=\"Vielleicht wird aus dem Nachwuchs-Athleten mal ein gro\u00dfer Cricket-Spieler?\" loading=\"lazy\" class=\"css-8atqhb\"\/>Vielleicht wird aus dem Nachwuchs-Athleten mal ein gro\u00dfer Cricket-Spieler? Robert Haas<\/p>\n<p data-manual=\"paragraph\" data-schema-org-speakable=\"true\" class=\"css-1eosz7k\">W\u00e4hrend die L\u00e4ufer auf der Leopoldstra\u00dfe und den Wegen im Park lediglich eine Disziplin des Sports vorf\u00fchrten, wenn auch eine der beliebtesten, war auf dem K\u00f6nigsplatz \u201esehr eindrucksvoll zu sehen, wie vielf\u00e4ltig der Sport ist\u201c, wie es Oberb\u00fcrgermeister Dominik Krause (Gr\u00fcne) in seiner Er\u00f6ffnungsrede formulierte. Etwa 80 Vereine und Organisationen hatten ihre Angebote pr\u00e4sentiert, die Spannbreite reichte vom Kleinfeld im Fu\u00dfball \u00fcber Kletterm\u00f6glichkeiten f\u00fcr die Kleinen und Schwertk\u00e4mpfe oder Squaredance f\u00fcr die Gr\u00f6\u00dferen bis hin zu einer Skimboard-Rutsche.<\/p>\n<p data-manual=\"paragraph\" data-schema-org-speakable=\"true\" class=\"css-1eosz7k\">So konnten neben der gro\u00dfen Slackline-Anlage, auf der die Profis ihr K\u00f6nnen zeigten, auch Anf\u00e4nger auf knapp \u00fcber dem Boden gespannten B\u00e4ndern ihre K\u00f6rperbeherrschung und Balance testen. Anderswo durften Kinder messen lassen, auf welche H\u00f6chstgeschwindigkeit sie kommen im Vergleich mit dem 100-Meter-Weltrekordler Usain Bolt. Wieder woanders \u00fcbten die Kleinen, mit dem Hockeyschl\u00e4ger den Ball durch einen H\u00fctchen-Parcours zu bewegen. Und die Fittesten konnten auch noch schauen, wie schnell sie einen aus dem Fernsehen bekannten \u201eMinga-Warrior\u201c-Parcours bew\u00e4ltigen\u00a0\u2013 oder zumindest, wie weit sie es \u00fcber die Hindernisse schaffen.<\/p>\n<p data-manual=\"paragraph\" data-schema-org-speakable=\"true\" class=\"css-1eosz7k\">Krause nutzte in seiner kurzen Ansprache die Gelegenheit, um den Bogen vom Breiten- zum Spitzensport zu schlagen. Die Stadt hatte ja nicht nur das Festival organisiert, sondern zwischen all den Mitmachstationen auch selbst einen Stand aufgebaut, in dem sie auf ihre Olympiabewerbung aufmerksam machte. \u201eEin Thema, auf das ich immer wieder angesprochen werde\u201c, wie Krause sagte. Man merke, dass die Leute schon mitfieberten, er sp\u00fcre so etwas wie \u201eeinen Olympia-Vibe\u201c in der Stadt, sagte er: \u201eIch freue mich, wenn im September die Entscheidung f\u00e4llt.\u201c<\/p>\n<p data-manual=\"paragraph\" data-schema-org-speakable=\"true\" class=\"css-1eosz7k\">Dann w\u00e4hlt freilich erst einmal der Deutsche Olympische Sportbund (DOSB) unter den drei verbliebenen Bewerbern M\u00fcnchen, Berlin und Rhein-Ruhr-Gebiet mit dem Zugpferd K\u00f6ln einen deutschen Kandidaten aus, mit dem er anschlie\u00dfend in den globalen Wettbewerb beim Internationalen Olympischen Komitee (IOC) um die Sommerspiele 2036, 2040 oder 2044 gehen will.<\/p>\n<p><img decoding=\"async\" src=\"https:\/\/www.europesays.com\/de\/wp-content\/uploads\/2026\/07\/d71ccb3b-0873-4c7a-a2cb-4c744f96aff2.jpg\"   alt=\"Ju-Jutsu pr\u00e4sentierte der Polizeisportverein.\" loading=\"lazy\" class=\"css-8atqhb\"\/>Ju-Jutsu pr\u00e4sentierte der Polizeisportverein. Robert Haas<img decoding=\"async\" src=\"https:\/\/www.europesays.com\/de\/wp-content\/uploads\/2026\/07\/7fb21a12-3170-4b42-b0fc-21e8b3851cc1.jpg\"   alt=\"F\u00fcr viele ebenfalls ein gro\u00dfer Spa\u00df: Square Dance.\" loading=\"lazy\" class=\"css-8atqhb\"\/>F\u00fcr viele ebenfalls ein gro\u00dfer Spa\u00df: Square Dance. Robert Haas<\/p>\n<p data-manual=\"paragraph\" data-schema-org-speakable=\"true\" class=\"css-1eosz7k\">Weil der <a href=\"https:\/\/www.sueddeutsche.de\/thema\/Breitensport\" rel=\"nofollow noopener\" target=\"_blank\">Breitensport<\/a> aber genauso wichtig sei, zeige dieses zum 15. Mal organisierte Festival, \u201ewarum M\u00fcnchen eine echte Sportstadt ist\u201c, fand Krause. Neben olympischen Sportarten wie Judo, Tischtennis, Bogenschie\u00dfen oder Hockey gab es auch Bewegungsangebote, die nicht direkt etwas mit Olympia zu tun haben, aber m\u00f6glicherweise auf verschlungenen Wegen zum Start in eine Sportkarriere f\u00fchren.<\/p>\n<p data-manual=\"paragraph\" data-schema-org-speakable=\"true\" class=\"css-1eosz7k\">Magdalena Matschina, die 21 Jahre alte Rennrodel-Olympiasiegerin von 2026, riet jedenfalls gerade den j\u00fcngeren Festival-Teilnehmern, \u201eganz viel auszuprobieren\u201c, um herauszufinden, was einem taugt. Sie selbst habe jedenfalls auch nicht gleich beim ersten Mal Gefallen daran gefunden, den Eiskanal hinunterzusausen, verriet sie. Und Dajana Eitberger, ihre Doppelpartnerin von Cortina d&#8217;Ampezzo, erkl\u00e4rte, warum sie jetzt nach ihrem Karriereende erst einmal lieber als Schwimmtrainerin arbeiten mag: \u201eIch merke halt, dass es einen gro\u00dfen Bedarf daf\u00fcr gibt, dass Kinder frei in den See h\u00fcpfen k\u00f6nnen.\u201c<\/p>\n<p data-manual=\"paragraph\" data-schema-org-speakable=\"true\" class=\"css-1eosz7k\">Von ihren Erlebnissen und Erfolgen zehren die Spitzensportler von einst noch lange, erz\u00e4hlte Natalie Geisenberger, 38, die Dritte im Bund der Rodel-Olympiasiegerinnen: \u201eWenn sich Kindheitstr\u00e4ume erf\u00fcllen, sind das schon Momente, die f\u00fcr immer bleiben.\u201c Aber erst einmal m\u00fcssen die Kinder ja in <a href=\"https:\/\/www.sueddeutsche.de\/thema\/Bewegung\" rel=\"nofollow noopener\" target=\"_blank\">Bewegung<\/a> gebracht werden. Und am Ende m\u00fcssen es auch nicht immer olympische Goldmedaillen sein: Diejenigen, die am Sonntag ihre Teilnehmer-Medaille umgeh\u00e4ngt hatten, weil sie ihre Laufstrecke durch den Englischen Garten geschafft hatten, machten ihre Selfies mindestens genauso stolz wie die, die am schnellsten im Ziel waren.<\/p>\n","protected":false},"excerpt":{"rendered":"Nach Tagen und Wochen der Hitze hatte es rechtzeitig vor dem Wochenende etwas abgek\u00fchlt, der Himmel war bew\u00f6lkt,&hellip;\n","protected":false},"author":2,"featured_media":1144800,"comment_status":"","ping_status":"","sticky":false,"template":"","format":"standard","meta":{"footnotes":"","_share_on_mastodon":"0"},"categories":[1827],"tags":[772,703,9837,29,21263,30,39311,5883,6778,1268,101606,25847,2719,149],"class_list":["post-1144799","post","type-post","status-publish","format-standard","has-post-thumbnail","category-muenchen","tag-bayern","tag-bewegung","tag-breitensport","tag-deutschland","tag-englischer-garten","tag-germany","tag-koenigsplatz","tag-laufen","tag-maxvorstadt","tag-muenchen","tag-olympiabewerbung-muenchen","tag-parks-in-muenchen","tag-sport-in-muenchen","tag-sueddeutsche-zeitung"],"share_on_mastodon":{"url":"https:\/\/pubeurope.com\/@de\/116867901350929670","error":""},"_links":{"self":[{"href":"https:\/\/www.europesays.com\/de\/wp-json\/wp\/v2\/posts\/1144799","targetHints":{"allow":["GET"]}}],"collection":[{"href":"https:\/\/www.europesays.com\/de\/wp-json\/wp\/v2\/posts"}],"about":[{"href":"https:\/\/www.europesays.com\/de\/wp-json\/wp\/v2\/types\/post"}],"author":[{"embeddable":true,"href":"https:\/\/www.europesays.com\/de\/wp-json\/wp\/v2\/users\/2"}],"replies":[{"embeddable":true,"href":"https:\/\/www.europesays.com\/de\/wp-json\/wp\/v2\/comments?post=1144799"}],"version-history":[{"count":0,"href":"https:\/\/www.europesays.com\/de\/wp-json\/wp\/v2\/posts\/1144799\/revisions"}],"wp:featuredmedia":[{"embeddable":true,"href":"https:\/\/www.europesays.com\/de\/wp-json\/wp\/v2\/media\/1144800"}],"wp:attachment":[{"href":"https:\/\/www.europesays.com\/de\/wp-json\/wp\/v2\/media?parent=1144799"}],"wp:term":[{"taxonomy":"category","embeddable":true,"href":"https:\/\/www.europesays.com\/de\/wp-json\/wp\/v2\/categories?post=1144799"},{"taxonomy":"post_tag","embeddable":true,"href":"https:\/\/www.europesays.com\/de\/wp-json\/wp\/v2\/tags?post=1144799"}],"curies":[{"name":"wp","href":"https:\/\/api.w.org\/{rel}","templated":true}]}}