{"id":1144817,"date":"2026-07-05T14:51:17","date_gmt":"2026-07-05T14:51:17","guid":{"rendered":"https:\/\/www.europesays.com\/de\/1144817\/"},"modified":"2026-07-05T14:51:17","modified_gmt":"2026-07-05T14:51:17","slug":"gar-nicht-geschieden-hochzeitsplan-von-eric-stehfest-sorgt-fuer-krach-mit-noch-ehefrau","status":"publish","type":"post","link":"https:\/\/www.europesays.com\/de\/1144817\/","title":{"rendered":"&#8222;Gar nicht geschieden&#8220;: Hochzeitsplan von Eric Stehfest sorgt f\u00fcr Krach mit Noch-Ehefrau"},"content":{"rendered":"<p>&#8222;Gar nicht geschieden&#8220;Hochzeitsplan von Eric Stehfest sorgt f\u00fcr Krach mit Noch-Ehefrau<\/p>\n<p>05.07.2026, 15:59 Uhr <\/p>\n<p>Artikel anh\u00f6ren(03:00 min)<\/p>\n<p><img decoding=\"async\" class=\"Image_img__fQCi0 Image_Img_16_9__4BLfH widget-picture-inline_maximizable__t_E7h\" loading=\"eager\" fetchpriority=\"high\" src=\"https:\/\/www.europesays.com\/de\/wp-content\/uploads\/2026\/07\/MDR-Riverboat-Schauspieler-Eric-Stehfest-mit-seiner-Ehefrau-Schauspielerin-und-Saengerin-Edith-Stehf.webp\" alt=\"MDR-Riverboat-Schauspieler-Eric-Stehfest-mit-seiner-Ehefrau-Schauspielerin-und-Saengerin-Edith-Stehfest-anlaesslich-der-Aufzeichnung-der-MDR-Talkshow-Riverboat-am-19-11-2024-in-der-Mediacity-Leipzig\"\/>Auf dem Papier sind sie weiterhin verheiratet: Edith und Eric Stehfest. (Foto: IMAGO\/STAR-MEDIA)TeilenFolgen auf:<a href=\"https:\/\/www.whatsapp.com\/channel\/0029Va5cdVJD8SDp5YZgYF01\" title=\"Auf WhatsApp folgen\" target=\"_blank\" rel=\"nofollow noopener\"><img decoding=\"async\" src=\"https:\/\/www.n-tv.de\/socialIcons\/whatsapp.svg\" alt=\"whatsapp\" class=\"ArticleShare_icon__FsrC2\"\/><\/a><a href=\"https:\/\/www.google.com\/preferences\/source?q=n-tv.de\" title=\"ntv als bevorzugte Quelle auf Google hinzuf\u00fcgen\" target=\"_blank\" rel=\"nofollow noopener\"><img decoding=\"async\" src=\"https:\/\/www.n-tv.de\/socialIcons\/google.svg\" alt=\"whatsapp\" class=\"ArticleShare_icon__FsrC2\"\/><\/a><\/p>\n<p class=\"Typography_text-m__XI0da Typography_weight-bold__uT6mq storyline_lead_text_leadtext__q_wg8\">Eric Stehfest denkt schon an die Hochzeit mit seiner neuen Freundin. Das l\u00e4sst Noch-Ehefrau Edith nicht unkommentiert &#8211; und setzt einen Post auf Instagram ab. Der Song, zum dem die 30-J\u00e4hrige Playback performt hat eine klare Botschaft.<\/p>\n<p class=\"Typography_text-default__P3otY Typography_weight-normal__pqUbH storyline_paragraph_p__qSR5N\">Erst Anfang Juli hat Eric Stehfest seine neue Beziehung \u00f6ffentlich gemacht. Auf Instagram teilte er erstmals ein gemeinsames Foto mit seiner Partnerin Sarah. Auch an eine Hochzeit denkt der ehemalige &#8222;GZSZ&#8220;-Darsteller bereits. &#8222;Als N\u00e4chstes folgt jetzt meine Scheidung, weil ich Sarah gerne heiraten m\u00f6chte&#8220;, sagte er der &#8222;Bild&#8220;-Zeitung.<\/p>\n<p class=\"Typography_text-default__P3otY Typography_weight-normal__pqUbH storyline_paragraph_p__qSR5N\">Auf diese Aussage antwortete seine Noch-Ehefrau Edith Stehfest mit einem Seitenhieb auf Instagram. &#8222;POV: Er m\u00f6chte heiraten, hat aber vergessen, dass wir noch gar nicht geschieden sind&#8220;, schrieb sie zu einem Video, in dem sie zu Sidos Song &#8222;Nein&#8220; lipsynct. &#8222;Was soll ich dazu nur sagen?&#8220;, erg\u00e4nzte sie, gefolgt von einem vor Tr\u00e4nen lachenden Emoji. Der Hashtag &#8222;#ericstehfest&#8220; verdeutlicht, dass sie ihren Ex-Partner meint.<\/p>\n<p class=\"Typography_text-default__P3otY Typography_weight-normal__pqUbH storyline_paragraph_p__qSR5N\">Eric und Edith Stehfest waren zehn Jahre ein Paar. 2015 heirateten sie nach einem Jahr Beziehung. 2016 kam Sohn Aaron Amadeus zur Welt, 2021 folgte Tochter Aria Litera. Im September 2025 gab Eric Stehfest die Trennung bekannt. Auf dem Papier sind sie weiterhin verheiratet, doch ihr Verh\u00e4ltnis k\u00f6nnte kaum angespannter sein. Im Streit um das Sorgerecht liefern sie sich einen \u00f6ffentlich ausgetragenen Rosenkrieg. Dabei hatte Eric Stehfest bei der Trennungsbekanntgabe noch betont, dass sie f\u00fcr ihre Kinder weiterhin ein Team sein wollen.<\/p>\n<p class=\"Typography_text-default__P3otY Typography_weight-normal__pqUbH storyline_paragraph_p__qSR5N\">Im Fr\u00fchjahr standen beide noch gemeinsam f\u00fcr die Realityshow &#8222;Promis unter Palmen&#8220; vor der Kamera. Dort lernte Eric Stehfest Franziska Temme n\u00e4her kennen. Sp\u00e4ter stellte er klar, dass ihre Verbindung nie \u00fcber eine Kennenlernphase hinausgegangen sei.<\/p>\n<p class=\"Typography_text-default__P3otY Typography_weight-normal__pqUbH storyline_paragraph_p__qSR5N\">Nun gab Eric Stehfest in seinem neuen Beziehungs-Post an, in seiner Freundin Sarah die &#8222;Liebe meines Lebens&#8220; gefunden zu haben. &#8222;Manchmal findet man die Gro\u00dfe Liebe erst nach dem schlimmsten Sturm, wenn der Glaube an wahre Liebe fast erloschen ist&#8220;, schrieb er. Sowohl er als auch Sarah seien &#8222;durch die H\u00f6lle gegangen&#8220;. Das habe einen bestimmten Grund, glaubt er: &#8222;Damit wir uns auf der anderen Seite begegnen konnten.&#8220;<\/p>\n<p class=\"Typography_text-s__wu_cm Typography_weight-normal__pqUbH Typography_color-darkgrey__sZEnP article-detail-footer_source__KslPc\">Quelle: ntv.de, mba\/spot<\/p>\n","protected":false},"excerpt":{"rendered":"&#8222;Gar nicht geschieden&#8220;Hochzeitsplan von Eric Stehfest sorgt f\u00fcr Krach mit Noch-Ehefrau 05.07.2026, 15:59 Uhr Artikel anh\u00f6ren(03:00 min) Auf&hellip;\n","protected":false},"author":2,"featured_media":1144818,"comment_status":"","ping_status":"","sticky":false,"template":"","format":"standard","meta":{"footnotes":"","_share_on_mastodon":"0"},"categories":[1776],"tags":[1801,29,116596,214,30,821,811,1802,215],"class_list":["post-1144817","post","type-post","status-publish","format-standard","has-post-thumbnail","category-prominente","tag-celebrities","tag-deutschland","tag-edith-stehfest","tag-entertainment","tag-germany","tag-liebesleben","tag-promi-paare","tag-prominente","tag-unterhaltung"],"share_on_mastodon":{"url":"https:\/\/pubeurope.com\/@de\/116867937850243450","error":""},"_links":{"self":[{"href":"https:\/\/www.europesays.com\/de\/wp-json\/wp\/v2\/posts\/1144817","targetHints":{"allow":["GET"]}}],"collection":[{"href":"https:\/\/www.europesays.com\/de\/wp-json\/wp\/v2\/posts"}],"about":[{"href":"https:\/\/www.europesays.com\/de\/wp-json\/wp\/v2\/types\/post"}],"author":[{"embeddable":true,"href":"https:\/\/www.europesays.com\/de\/wp-json\/wp\/v2\/users\/2"}],"replies":[{"embeddable":true,"href":"https:\/\/www.europesays.com\/de\/wp-json\/wp\/v2\/comments?post=1144817"}],"version-history":[{"count":0,"href":"https:\/\/www.europesays.com\/de\/wp-json\/wp\/v2\/posts\/1144817\/revisions"}],"wp:featuredmedia":[{"embeddable":true,"href":"https:\/\/www.europesays.com\/de\/wp-json\/wp\/v2\/media\/1144818"}],"wp:attachment":[{"href":"https:\/\/www.europesays.com\/de\/wp-json\/wp\/v2\/media?parent=1144817"}],"wp:term":[{"taxonomy":"category","embeddable":true,"href":"https:\/\/www.europesays.com\/de\/wp-json\/wp\/v2\/categories?post=1144817"},{"taxonomy":"post_tag","embeddable":true,"href":"https:\/\/www.europesays.com\/de\/wp-json\/wp\/v2\/tags?post=1144817"}],"curies":[{"name":"wp","href":"https:\/\/api.w.org\/{rel}","templated":true}]}}