{"id":1144926,"date":"2026-07-05T16:02:15","date_gmt":"2026-07-05T16:02:15","guid":{"rendered":"https:\/\/www.europesays.com\/de\/1144926\/"},"modified":"2026-07-05T16:02:15","modified_gmt":"2026-07-05T16:02:15","slug":"waltrop-dortmund-taucher-bergen-toten-aus-dortmund-ems-kanal","status":"publish","type":"post","link":"https:\/\/www.europesays.com\/de\/1144926\/","title":{"rendered":"Waltrop Dortmund: Taucher bergen Toten aus Dortmund-Ems-Kanal"},"content":{"rendered":"<p class=\"richtext text-em-55 !leading-serif mx-6 desktop:mx-0\">Die Kriminalpolizei hat die Ermittlungen \u00fcbernommen.<\/p>\n<p class=\"richtext text-em-55 !leading-serif mx-6 desktop:mx-0\">Zahlreiche Einsatzkr\u00e4fte hatten am Samstag \u00fcber Stunden nach einer vermissten Person gesucht. Am Vormittag h\u00e4tten Zeugen beobachtet, wie ein Schlauchboot im Gebiet zwischen <a href=\"https:\/\/rp-online.de\/thema\/dortmund\/\" rel=\"nofollow noopener\" target=\"_blank\">Dortmund<\/a> und Waltrop gegen eine Spundwand gefahren sei, hie\u00df es. Eine Person sei herausgefallen und nicht wieder aufgetaucht.<\/p>\n<p class=\"richtext text-em-55 !leading-serif mx-6 desktop:mx-0\">Bei der Suche im und am Kanal setzten die Rettungskr\u00e4fte Boote, Taucher, Sp\u00fcrhunde, eine <a href=\"https:\/\/rp-online.de\/thema\/drohne\/\" rel=\"nofollow noopener\" target=\"_blank\">Drohne<\/a> und einen <a href=\"https:\/\/rp-online.de\/thema\/hubschrauber\/\" rel=\"nofollow noopener\" target=\"_blank\">Hubschrauber<\/a> ein.<\/p>\n","protected":false},"excerpt":{"rendered":"Die Kriminalpolizei hat die Ermittlungen \u00fcbernommen. Zahlreiche Einsatzkr\u00e4fte hatten am Samstag \u00fcber Stunden nach einer vermissten Person gesucht.&hellip;\n","protected":false},"author":2,"featured_media":1144927,"comment_status":"","ping_status":"","sticky":false,"template":"","format":"standard","meta":{"footnotes":"","_share_on_mastodon":"0"},"categories":[1833],"tags":[10775,3364,29,217,28880,30,1209,10321,14129,48344,4405,140431],"class_list":["post-1144926","post","type-post","status-publish","format-standard","has-post-thumbnail","category-dortmund","tag-kanal","tag-de","tag-deutschland","tag-dortmund","tag-ems","tag-germany","tag-nordrhein-westfalen","tag-person","tag-samstag","tag-taucher","tag-toten","tag-waltrop"],"share_on_mastodon":{"url":"https:\/\/pubeurope.com\/@de\/116868215447781472","error":""},"_links":{"self":[{"href":"https:\/\/www.europesays.com\/de\/wp-json\/wp\/v2\/posts\/1144926","targetHints":{"allow":["GET"]}}],"collection":[{"href":"https:\/\/www.europesays.com\/de\/wp-json\/wp\/v2\/posts"}],"about":[{"href":"https:\/\/www.europesays.com\/de\/wp-json\/wp\/v2\/types\/post"}],"author":[{"embeddable":true,"href":"https:\/\/www.europesays.com\/de\/wp-json\/wp\/v2\/users\/2"}],"replies":[{"embeddable":true,"href":"https:\/\/www.europesays.com\/de\/wp-json\/wp\/v2\/comments?post=1144926"}],"version-history":[{"count":0,"href":"https:\/\/www.europesays.com\/de\/wp-json\/wp\/v2\/posts\/1144926\/revisions"}],"wp:featuredmedia":[{"embeddable":true,"href":"https:\/\/www.europesays.com\/de\/wp-json\/wp\/v2\/media\/1144927"}],"wp:attachment":[{"href":"https:\/\/www.europesays.com\/de\/wp-json\/wp\/v2\/media?parent=1144926"}],"wp:term":[{"taxonomy":"category","embeddable":true,"href":"https:\/\/www.europesays.com\/de\/wp-json\/wp\/v2\/categories?post=1144926"},{"taxonomy":"post_tag","embeddable":true,"href":"https:\/\/www.europesays.com\/de\/wp-json\/wp\/v2\/tags?post=1144926"}],"curies":[{"name":"wp","href":"https:\/\/api.w.org\/{rel}","templated":true}]}}