{"id":1145016,"date":"2026-07-05T16:55:40","date_gmt":"2026-07-05T16:55:40","guid":{"rendered":"https:\/\/www.europesays.com\/de\/1145016\/"},"modified":"2026-07-05T16:55:40","modified_gmt":"2026-07-05T16:55:40","slug":"unfall-auf-der-a33-bei-bielefeld-autobahn-richtung-paderborn-nach-sperrung-wieder-frei","status":"publish","type":"post","link":"https:\/\/www.europesays.com\/de\/1145016\/","title":{"rendered":"Unfall auf der A33 bei Bielefeld: Autobahn Richtung Paderborn nach Sperrung wieder frei"},"content":{"rendered":"<p id=\"absatz1\" class=\"em_text\">Bielefeld. Nach einem Unfall auf der A33 bei Bielefeld mussten Autofahrer am Sonntagnachmittag, 5. Juli, viel Geduld mitbringen. Die Autobahn war in Fahrtrichtung Paderborn direkt hinter der Anschlussstelle Bielefeld-Zentrum und bis zur Anschlussstelle Bielefeld-Senne f\u00fcr fast zwei Stunden gesperrt. Der Verkehr staute sich laut Informationen der Bielefelder Polizei bis auf H\u00f6he Quelle zur\u00fcck.<\/p>\n<p id=\"absatz2\" class=\"em_text\">Der Alarm war demnach um 15.27 Uhr eingegangen. An der Kollision waren drei Fahrzeuge beteiligt. Zwei Menschen wurden leicht verletzt. Warum es zu dem Unfall kam, ist bislang noch unklar. Die Polizei geht laut Leitstelle von einem Fahrfehler aus, weitere Angaben machte sie nicht.<\/p>\n<p id=\"absatz3\" class=\"em_text\">Unfallaufnahme und Bergungsarbeiten zogen sich bis in den sp\u00e4ten Nachmittag hin. Um 17.15 Uhr konnte die Autobahn in Fahrtrichtung Paderborn schlie\u00dflich wieder freigegeben werden und der Verkehr ungehindert flie\u00dfen.<\/p>\n<p id=\"absatz4\"><b class=\"bold notion-enable-hover\">\ud83d\udcf1News direkt aufs Smartphone:<\/b><b class=\"bold notion-enable-hover\"> <\/b><a data-token-index=\"1\" href=\"https:\/\/whatsapp.com\/channel\/0029VaeYHJ40Qeam4DWyn109\" rel=\"noopener noreferrer nofollow\" target=\"_blank\">Hier finden Sie den kostenlosen Whatsapp-Kanal der NW-Bielefeld<\/a> <\/p>\n","protected":false},"excerpt":{"rendered":"Bielefeld. Nach einem Unfall auf der A33 bei Bielefeld mussten Autofahrer am Sonntagnachmittag, 5. Juli, viel Geduld mitbringen.&hellip;\n","protected":false},"author":2,"featured_media":1144872,"comment_status":"","ping_status":"","sticky":false,"template":"","format":"standard","meta":{"footnotes":"","_share_on_mastodon":"0"},"categories":[1841],"tags":[21776,4232,5543,1605,3364,29,514,30,4905,16392,1607,2379,9310,1608,118550,198079,736,164252,16384,1613,1209,727,121,2224,1284,3043],"class_list":["post-1145016","post","type-post","status-publish","format-standard","has-post-thumbnail","category-bielefeld","tag-a33","tag-anschlussstelle","tag-autobahn","tag-bielefeld","tag-de","tag-deutschland","tag-fahrzeug","tag-germany","tag-kollision","tag-label_blaulicht","tag-label_knaller","tag-label_push","tag-label_social","tag-label_top-news","tag-label_whatsapp","tag-meta_artikelklasse_seo","tag-meta_copyrights_nw","tag-meta_eo_zusammenfassung","tag-meta_themen_blaulicht_sicherheit","tag-meta_userneeds_informieremich","tag-nordrhein-westfalen","tag-paderborn","tag-polizei","tag-sperrung","tag-unfall","tag-vollsperrung"],"share_on_mastodon":{"url":"https:\/\/pubeurope.com\/@de\/116868423785651071","error":""},"_links":{"self":[{"href":"https:\/\/www.europesays.com\/de\/wp-json\/wp\/v2\/posts\/1145016","targetHints":{"allow":["GET"]}}],"collection":[{"href":"https:\/\/www.europesays.com\/de\/wp-json\/wp\/v2\/posts"}],"about":[{"href":"https:\/\/www.europesays.com\/de\/wp-json\/wp\/v2\/types\/post"}],"author":[{"embeddable":true,"href":"https:\/\/www.europesays.com\/de\/wp-json\/wp\/v2\/users\/2"}],"replies":[{"embeddable":true,"href":"https:\/\/www.europesays.com\/de\/wp-json\/wp\/v2\/comments?post=1145016"}],"version-history":[{"count":0,"href":"https:\/\/www.europesays.com\/de\/wp-json\/wp\/v2\/posts\/1145016\/revisions"}],"wp:featuredmedia":[{"embeddable":true,"href":"https:\/\/www.europesays.com\/de\/wp-json\/wp\/v2\/media\/1144872"}],"wp:attachment":[{"href":"https:\/\/www.europesays.com\/de\/wp-json\/wp\/v2\/media?parent=1145016"}],"wp:term":[{"taxonomy":"category","embeddable":true,"href":"https:\/\/www.europesays.com\/de\/wp-json\/wp\/v2\/categories?post=1145016"},{"taxonomy":"post_tag","embeddable":true,"href":"https:\/\/www.europesays.com\/de\/wp-json\/wp\/v2\/tags?post=1145016"}],"curies":[{"name":"wp","href":"https:\/\/api.w.org\/{rel}","templated":true}]}}