{"id":1145030,"date":"2026-07-05T17:04:16","date_gmt":"2026-07-05T17:04:16","guid":{"rendered":"https:\/\/www.europesays.com\/de\/1145030\/"},"modified":"2026-07-05T17:04:16","modified_gmt":"2026-07-05T17:04:16","slug":"250-jahre-usa-trump-missbraucht-den-geburtstag-der-nation","status":"publish","type":"post","link":"https:\/\/www.europesays.com\/de\/1145030\/","title":{"rendered":"250 Jahre USA: Trump missbraucht den Geburtstag der Nation"},"content":{"rendered":"<p class=\"text_ohne_einzug richtext text-em-55 !leading-serif mx-6 desktop:mx-0\">Statt den Moment zu nutzen und die Amerikaner mit einer \u00fcberparteilichen Festtagsansprache zusammenzubringen, hielt Trump eine Wahlkampfrede, die er mit patriotischem Kitsch und historischen Klischees garnierte.<\/p>\n<p class=\"richtext text-em-55 !leading-serif mx-6 desktop:mx-0\">Als Kulmination inszenierte er sich als gr\u00f6\u00dften Pr\u00e4sidenten der <a href=\"https:\/\/rp-online.de\/thema\/usa\/\" rel=\"nofollow noopener\" target=\"_blank\">USA<\/a> seit Staatsgr\u00fcnder <a href=\"https:\/\/rp-online.de\/thema\/washington\/\" rel=\"nofollow noopener\" target=\"_blank\">Washington<\/a>. Trump m\u00f6chte sich in Mount Rushmore verewigen lassen, druckt sein Ebenbild in Reisep\u00e4sse und auf Banner, die von \u00f6ffentlichen Geb\u00e4uden h\u00e4ngen, plant Geldscheine mit seiner Unterschrift und Institutionen mit seinem Namen zu versehen.<\/p>\n<p class=\"richtext text-em-55 !leading-serif mx-6 desktop:mx-0\">In seiner Erz\u00e4hlung lagen die USA am Boden, bevor er sie aufrichtete und in ein goldenes Zeitalter f\u00fchrte. Komisch nur, dass unter ihm so viele Amerikaner das Land verlassen wie zuletzt 1929 w\u00e4hrend der Gro\u00dfen Depression.<\/p>\n<p class=\"richtext text-em-55 !leading-serif mx-6 desktop:mx-0\">Der Pr\u00e4sident missbrauchte den Auftritt, um seine Gegner vier Monate vor den Kongresswahlen im November als \u201eKommunisten\u201c zu denunzieren. Ein absurder Vorwurf, der so wenig mit der Gegenwart zu tun hat wie Trumps Version der amerikanischen Geschichte.<\/p>\n<p class=\"richtext text-em-55 !leading-serif mx-6 desktop:mx-0\">Zur ganzen historischen Wahrheit geh\u00f6rt, dass die Unabh\u00e4ngigkeit der Kolonien von der britischen Krone vielen Ureinwohnern ihre Souver\u00e4nit\u00e4t kostete und das Unrecht der <a href=\"https:\/\/rp-online.de\/thema\/sklaverei\/\" rel=\"nofollow noopener\" target=\"_blank\">Sklaverei<\/a> ignorierte. Beides tr\u00e4gt bis heute zu der tiefen Spaltung der USA bei. Auch das Verh\u00e4ltnis von Religion und Staat, von Bund und Bundesstaaten sowie das Verh\u00e4ltnis zum Rest der Welt bleibt kontrovers.<\/p>\n<p class=\"richtext text-em-55 !leading-serif mx-6 desktop:mx-0\">Trump kleistert die Br\u00fcche mit Eigenlob zu. Er brennt ein <a href=\"https:\/\/rp-online.de\/thema\/feuerwerk\/\" rel=\"nofollow noopener\" target=\"_blank\">Feuerwerk<\/a> der Superlative ab, in dem die USA das beste Land, die Amerikaner die gro\u00dfartigsten Menschen und er selbst ein grandioser F\u00fchrer ist: GOAT, der Gr\u00f6\u00dfte aller Zeiten (\u201eGreatest Of All Time\u201c) wie seine Superfans auf Schildern und T-Shirts verk\u00fcnden.<\/p>\n<p class=\"text_ohne_einzug richtext text-em-55 !leading-serif mx-6 desktop:mx-0\">Dass Trumps Finale zum \u201eunvergesslichsten Geburtstag\u201c auf der National Mall fast ins Wasser fiel, steht als Sinnbild f\u00fcr einen Pr\u00e4sidenten, der erfahren muss, dass er nicht alles kontrollieren kann. Seien es die gerichtlich kassierten Z\u00f6lle, der gescheiterte Irankrieg, die Algen im Spiegelbecken vor dem Lincoln Memorial oder eben das Wetter.<\/p>\n","protected":false},"excerpt":{"rendered":"Statt den Moment zu nutzen und die Amerikaner mit einer \u00fcberparteilichen Festtagsansprache zusammenzubringen, hielt Trump eine Wahlkampfrede, die&hellip;\n","protected":false},"author":2,"featured_media":1145031,"comment_status":"","ping_status":"","sticky":false,"template":"","format":"standard","meta":{"footnotes":"","_share_on_mastodon":"0"},"categories":[3977],"tags":[331,332,18692,106,2701,13,18286,14,15,3686,12,4017,4018,4016,64,4019,4020,2887],"class_list":["post-1145030","post","type-post","status-publish","format-standard","has-post-thumbnail","category-usa","tag-aktuelle-nachrichten","tag-aktuelle-news","tag-amerikaner","tag-donald-trump","tag-geburtstag","tag-headlines","tag-historischen","tag-nachrichten","tag-news","tag-praesident","tag-schlagzeilen","tag-united-states","tag-united-states-of-america","tag-us","tag-usa","tag-vereinigte-staaten","tag-vereinigte-staaten-von-amerika","tag-verhaeltnis"],"share_on_mastodon":{"url":"https:\/\/pubeurope.com\/@de\/116868459242832977","error":""},"_links":{"self":[{"href":"https:\/\/www.europesays.com\/de\/wp-json\/wp\/v2\/posts\/1145030","targetHints":{"allow":["GET"]}}],"collection":[{"href":"https:\/\/www.europesays.com\/de\/wp-json\/wp\/v2\/posts"}],"about":[{"href":"https:\/\/www.europesays.com\/de\/wp-json\/wp\/v2\/types\/post"}],"author":[{"embeddable":true,"href":"https:\/\/www.europesays.com\/de\/wp-json\/wp\/v2\/users\/2"}],"replies":[{"embeddable":true,"href":"https:\/\/www.europesays.com\/de\/wp-json\/wp\/v2\/comments?post=1145030"}],"version-history":[{"count":0,"href":"https:\/\/www.europesays.com\/de\/wp-json\/wp\/v2\/posts\/1145030\/revisions"}],"wp:featuredmedia":[{"embeddable":true,"href":"https:\/\/www.europesays.com\/de\/wp-json\/wp\/v2\/media\/1145031"}],"wp:attachment":[{"href":"https:\/\/www.europesays.com\/de\/wp-json\/wp\/v2\/media?parent=1145030"}],"wp:term":[{"taxonomy":"category","embeddable":true,"href":"https:\/\/www.europesays.com\/de\/wp-json\/wp\/v2\/categories?post=1145030"},{"taxonomy":"post_tag","embeddable":true,"href":"https:\/\/www.europesays.com\/de\/wp-json\/wp\/v2\/tags?post=1145030"}],"curies":[{"name":"wp","href":"https:\/\/api.w.org\/{rel}","templated":true}]}}