{"id":1145313,"date":"2026-07-05T19:40:31","date_gmt":"2026-07-05T19:40:31","guid":{"rendered":"https:\/\/www.europesays.com\/de\/1145313\/"},"modified":"2026-07-05T19:40:31","modified_gmt":"2026-07-05T19:40:31","slug":"regatta-in-muenster-junge-ruderer-mit-kreislaufproblemen","status":"publish","type":"post","link":"https:\/\/www.europesays.com\/de\/1145313\/","title":{"rendered":"Regatta in M\u00fcnster: Junge Ruderer mit Kreislaufproblemen"},"content":{"rendered":"<p>Elf junge Ruderer sind bei einem Wettkampf auf dem Aasee in M\u00fcnster kollabiert. Sie mussten an Land medizinisch versorgt werden. Polizei und Feuerwehr waren im Einsatz.<\/p>\n<p>M\u00fcnster (dpa) &#8211; Bei einem Ruderwettbewerb in M\u00fcnster hat es mehrere medizinische Notf\u00e4lle gegeben. Nach ersten Informationen der Polizei waren zahlreiche Rettungskr\u00e4fte im Einsatz. Laut Feuerwehr hatten elf junge Teilnehmer \u00fcber Kreislaufprobleme und Ersch\u00f6pfung geklagt. Sie wurden von Einsatzkr\u00e4ften versorgt. Ein Patient sei ins Krankenhaus gekommen, alle anderen Jugendlichen h\u00e4tten sich vor Ort wieder erholt, hie\u00df es. <\/p>\n<p>Bereits zuvor sei die Regatta auf dem Aasee wegen des Wetterwechsels mit einsetzendem Starkregen abgebrochen worden. Die Temperaturen lagen am Sonntag in M\u00fcnster bei etwa 22 Grad. Am Donnerstag war auf dem Aasee der 57. Bundeswettbewerb der Deutschen Ruderjugend mit etwa 1000 Teilnehmern gestartet.<\/p>\n<p>Texte und Fotos von die-glocke.de sind urheberrechtlich gesch\u00fctzt.<br \/>\n            Weiterverwendung nur mit Genehmigung der Chefredaktion.<\/p>\n","protected":false},"excerpt":{"rendered":"Elf junge Ruderer sind bei einem Wettkampf auf dem Aasee in M\u00fcnster kollabiert. Sie mussten an Land medizinisch&hellip;\n","protected":false},"author":2,"featured_media":1145314,"comment_status":"","ping_status":"","sticky":false,"template":"","format":"standard","meta":{"footnotes":"","_share_on_mastodon":"0"},"categories":[1843],"tags":[27075,1950,3364,29,588,30,240728,8970,1209,21884,33182],"class_list":["post-1145313","post","type-post","status-publish","format-standard","has-post-thumbnail","category-muenster","tag-aasee","tag-blaulicht","tag-de","tag-deutschland","tag-einsatz","tag-germany","tag-kreislaufprobleme","tag-muenster","tag-nordrhein-westfalen","tag-rettungskraefte","tag-ruderer"],"share_on_mastodon":{"url":"https:\/\/pubeurope.com\/@de\/116869072981595171","error":""},"_links":{"self":[{"href":"https:\/\/www.europesays.com\/de\/wp-json\/wp\/v2\/posts\/1145313","targetHints":{"allow":["GET"]}}],"collection":[{"href":"https:\/\/www.europesays.com\/de\/wp-json\/wp\/v2\/posts"}],"about":[{"href":"https:\/\/www.europesays.com\/de\/wp-json\/wp\/v2\/types\/post"}],"author":[{"embeddable":true,"href":"https:\/\/www.europesays.com\/de\/wp-json\/wp\/v2\/users\/2"}],"replies":[{"embeddable":true,"href":"https:\/\/www.europesays.com\/de\/wp-json\/wp\/v2\/comments?post=1145313"}],"version-history":[{"count":0,"href":"https:\/\/www.europesays.com\/de\/wp-json\/wp\/v2\/posts\/1145313\/revisions"}],"wp:featuredmedia":[{"embeddable":true,"href":"https:\/\/www.europesays.com\/de\/wp-json\/wp\/v2\/media\/1145314"}],"wp:attachment":[{"href":"https:\/\/www.europesays.com\/de\/wp-json\/wp\/v2\/media?parent=1145313"}],"wp:term":[{"taxonomy":"category","embeddable":true,"href":"https:\/\/www.europesays.com\/de\/wp-json\/wp\/v2\/categories?post=1145313"},{"taxonomy":"post_tag","embeddable":true,"href":"https:\/\/www.europesays.com\/de\/wp-json\/wp\/v2\/tags?post=1145313"}],"curies":[{"name":"wp","href":"https:\/\/api.w.org\/{rel}","templated":true}]}}