{"id":1145366,"date":"2026-07-05T20:21:27","date_gmt":"2026-07-05T20:21:27","guid":{"rendered":"https:\/\/www.europesays.com\/de\/1145366\/"},"modified":"2026-07-05T20:21:27","modified_gmt":"2026-07-05T20:21:27","slug":"landwirt-entdeckt-unfallwagen-mit-eingeklemmter-frau","status":"publish","type":"post","link":"https:\/\/www.europesays.com\/de\/1145366\/","title":{"rendered":"Landwirt entdeckt Unfallwagen mit eingeklemmter Frau"},"content":{"rendered":"<p>\n                Stand: 05.07.2026 16:26 Uhr<\/p>\n<p class=\"preface\">Ein Landwirt hat am Sonntag von seinem Trecker aus ein verunfalltes Auto entdeckt. Der Wagen stand in einem Maisfeld nahe Essen. Rettungskr\u00e4fte fanden im Auto eine eingeklemmte Frau, Feuerwehrleute befreiten sie. <\/p>\n<p class=\"\">Die 21-J\u00e4hrige aus Dinklage kam schwer verletzt ins Krankenhaus. Wie ein Polizeisprecher NDR Niedersachsen sagte, ist derzeit v\u00f6llig unklar, wann der Unfall im Landkreis Cloppenburg geschah und wie lange die Frau danach im Auto lag. Die Spuren weisen laut Polizei darauf hin, dass die Autofahrerin in einer Rechtskurve auf den Gr\u00fcnstreifen geraten war. Das Fahrzeug \u00fcberschlug sich mehrfach und blieb etwa 40 Meter von der Stra\u00dfe entfernt auf der Seite liegen.<\/p>\n<p>    Retter suchen mit Drohnen nach weiteren Opfern<\/p>\n<p class=\"\">Die Feuerwehr suchte am Sonntagvormittag mit Drohnen nach m\u00f6glichen weiteren Unfallopfern, fand aber niemanden. Die Bundesstra\u00dfe bei Essen war f\u00fcr etwa eineinhalb Stunden gesperrt.<\/p>\n<p>                News aus deiner Region &#8211; jetzt auch direkt per WhatsApp<\/p>\n<p>In unseren f\u00fcnf neuen regionalen WhatsApp-Kan\u00e4len versorgen wir dich ab sofort wochent\u00e4glich mit den wichtigsten Nachrichten, Themen und Geschichten aus deiner Heimat. <\/p>\n<p>\u00dcber diese Links kommst du direkt zu den Kan\u00e4len:<\/p>\n<p><a href=\"https:\/\/www.ndr.de\/nachrichten\/niedersachsen\/ndr-niedersachsen-auf-whatsapp-abonniere-die-news-aus-deiner-region,whatsappniedersachsen-100.html\" title=\"NDR Niedersachsen auf WhatsApp: Abonniere die News aus deiner Region\" rel=\"nofollow noopener\" target=\"_blank\">Abonniere News aus deiner Region<\/a> und aktiviere die Glocke, damit du nichts verpasst.<\/p>\n<p>        <img decoding=\"async\" src=\"https:\/\/www.europesays.com\/de\/wp-content\/uploads\/2026\/04\/1777100899_14_polizei6500.webp\" alt=\"Schriftzug &quot;UNFALL&quot; ist an einer R\u00fcckscheibe eines Streifenwagens der Polizei eingeblendet.\" title=\"Polizei sucht Fahrer des Unfallfahrzeugs.  | NDR, Pavel Stoyan\" class=\"responsive\" loading=\"lazy\"\/><\/p>\n<p>Im Interview erkl\u00e4rt die Verkehrsunfall-Opferhilfe, was Betroffene und Angeh\u00f6rige bedenken sollten und wo es Unterst\u00fctzung gibt.<\/p>\n<p>Dieses Thema im Programm:<\/p>\n<p>                NDR 1 Niedersachsen | Aktuell | 05.07.2026 | 15:00 Uhr<\/p>\n","protected":false},"excerpt":{"rendered":"Stand: 05.07.2026 16:26 Uhr Ein Landwirt hat am Sonntag von seinem Trecker aus ein verunfalltes Auto entdeckt. Der&hellip;\n","protected":false},"author":2,"featured_media":1145367,"comment_status":"","ping_status":"","sticky":false,"template":"","format":"standard","meta":{"footnotes":"","_share_on_mastodon":"0"},"categories":[1834],"tags":[590,105613,3364,29,3688,7850,30,161653,14,15,1411,1209,1284],"class_list":["post-1145366","post","type-post","status-publish","format-standard","has-post-thumbnail","category-essen","tag-aktuell","tag-cloppenburg","tag-de","tag-deutschland","tag-essen","tag-feld","tag-germany","tag-maisfeld","tag-nachrichten","tag-news","tag-niedersachsen","tag-nordrhein-westfalen","tag-unfall"],"share_on_mastodon":{"url":"https:\/\/pubeurope.com\/@de\/116869235335460020","error":""},"_links":{"self":[{"href":"https:\/\/www.europesays.com\/de\/wp-json\/wp\/v2\/posts\/1145366","targetHints":{"allow":["GET"]}}],"collection":[{"href":"https:\/\/www.europesays.com\/de\/wp-json\/wp\/v2\/posts"}],"about":[{"href":"https:\/\/www.europesays.com\/de\/wp-json\/wp\/v2\/types\/post"}],"author":[{"embeddable":true,"href":"https:\/\/www.europesays.com\/de\/wp-json\/wp\/v2\/users\/2"}],"replies":[{"embeddable":true,"href":"https:\/\/www.europesays.com\/de\/wp-json\/wp\/v2\/comments?post=1145366"}],"version-history":[{"count":0,"href":"https:\/\/www.europesays.com\/de\/wp-json\/wp\/v2\/posts\/1145366\/revisions"}],"wp:featuredmedia":[{"embeddable":true,"href":"https:\/\/www.europesays.com\/de\/wp-json\/wp\/v2\/media\/1145367"}],"wp:attachment":[{"href":"https:\/\/www.europesays.com\/de\/wp-json\/wp\/v2\/media?parent=1145366"}],"wp:term":[{"taxonomy":"category","embeddable":true,"href":"https:\/\/www.europesays.com\/de\/wp-json\/wp\/v2\/categories?post=1145366"},{"taxonomy":"post_tag","embeddable":true,"href":"https:\/\/www.europesays.com\/de\/wp-json\/wp\/v2\/tags?post=1145366"}],"curies":[{"name":"wp","href":"https:\/\/api.w.org\/{rel}","templated":true}]}}