{"id":1145378,"date":"2026-07-05T20:28:34","date_gmt":"2026-07-05T20:28:34","guid":{"rendered":"https:\/\/www.europesays.com\/de\/1145378\/"},"modified":"2026-07-05T20:28:34","modified_gmt":"2026-07-05T20:28:34","slug":"waiblingen-hochzeitsgasse-wird-zum-place-for-feelgood-was-steckt-dahinter-nachrichten-aus-waiblingen","status":"publish","type":"post","link":"https:\/\/www.europesays.com\/de\/1145378\/","title":{"rendered":"Waiblingen: Hochzeitsgasse wird zum \u201ePlace for Feelgood\u201c &#8211; was steckt dahinter? &#8211; Nachrichten aus Waiblingen"},"content":{"rendered":"<p><strong>Waiblingen. <\/strong> Fragt man die Waiblinger nach der  Hochzeitsgasse, dann wissen sie sofort, was gemeint ist und wo sie sich befindet. Doch in dem markanten Fachwerkhaus in der Mittleren Sackgasse wird keine Brautmode mehr verkauft. \u201ePlace for Feelgood\u201c ist seit Kurzem auf der Glasfl\u00e4che \u00fcber dem Eingang zu lesen. Die Inhaberin Tabea Kaiser hat das neue Thema schon lange f\u00fcr sich entdeckt. Wir berichten, was sie vorhat.<\/p>\n<p>Tabea Kaiser ist \u00fcberzeugt von Produkten zur <\/p>\n","protected":false},"excerpt":{"rendered":"Waiblingen. Fragt man die Waiblinger nach der Hochzeitsgasse, dann wissen sie sofort, was gemeint ist und wo sie&hellip;\n","protected":false},"author":2,"featured_media":1145379,"comment_status":"","ping_status":"","sticky":false,"template":"","format":"standard","meta":{"footnotes":"","_share_on_mastodon":"0"},"categories":[1830],"tags":[240733,1634,128068,3364,29,30,141,1292,240734,4611,232924,435,1441,240735,191400],"class_list":["post-1145378","post","type-post","status-publish","format-standard","has-post-thumbnail","category-stuttgart","tag-abendmode","tag-baden-wuerttemberg","tag-balance","tag-de","tag-deutschland","tag-germany","tag-gesundheit","tag-hochzeit","tag-hochzeitsgasse-waiblingen","tag-nahrungsergaenzungsmittel","tag-pm-international","tag-praevention","tag-stuttgart","tag-tabea-kaiser-waiblingen","tag-un_was-gibt-es-neues"],"share_on_mastodon":{"url":"https:\/\/pubeurope.com\/@de\/116869261567132357","error":""},"_links":{"self":[{"href":"https:\/\/www.europesays.com\/de\/wp-json\/wp\/v2\/posts\/1145378","targetHints":{"allow":["GET"]}}],"collection":[{"href":"https:\/\/www.europesays.com\/de\/wp-json\/wp\/v2\/posts"}],"about":[{"href":"https:\/\/www.europesays.com\/de\/wp-json\/wp\/v2\/types\/post"}],"author":[{"embeddable":true,"href":"https:\/\/www.europesays.com\/de\/wp-json\/wp\/v2\/users\/2"}],"replies":[{"embeddable":true,"href":"https:\/\/www.europesays.com\/de\/wp-json\/wp\/v2\/comments?post=1145378"}],"version-history":[{"count":0,"href":"https:\/\/www.europesays.com\/de\/wp-json\/wp\/v2\/posts\/1145378\/revisions"}],"wp:featuredmedia":[{"embeddable":true,"href":"https:\/\/www.europesays.com\/de\/wp-json\/wp\/v2\/media\/1145379"}],"wp:attachment":[{"href":"https:\/\/www.europesays.com\/de\/wp-json\/wp\/v2\/media?parent=1145378"}],"wp:term":[{"taxonomy":"category","embeddable":true,"href":"https:\/\/www.europesays.com\/de\/wp-json\/wp\/v2\/categories?post=1145378"},{"taxonomy":"post_tag","embeddable":true,"href":"https:\/\/www.europesays.com\/de\/wp-json\/wp\/v2\/tags?post=1145378"}],"curies":[{"name":"wp","href":"https:\/\/api.w.org\/{rel}","templated":true}]}}