{"id":1145514,"date":"2026-07-05T21:58:27","date_gmt":"2026-07-05T21:58:27","guid":{"rendered":"https:\/\/www.europesays.com\/de\/1145514\/"},"modified":"2026-07-05T21:58:27","modified_gmt":"2026-07-05T21:58:27","slug":"das-wochenende-4-5-juli-2026-lvb-mit-dankes-aktion-zehntausende-bei-klassik-airleben-gleich-fuenf-hcl-weltmeisterinnen-%c2%b7-leipziger-zeitung","status":"publish","type":"post","link":"https:\/\/www.europesays.com\/de\/1145514\/","title":{"rendered":"Das Wochenende, 4.\/5. Juli 2026: LVB mit Dankes-Aktion, Zehntausende bei Klassik airleben, gleich f\u00fcnf HCL-Weltmeisterinnen \u00b7 Leipziger Zeitung"},"content":{"rendered":"<p class=\"translation-notice\">This article is also available in English: <a href=\"https:\/\/www.l-iz.de\/en\/the-day\/2026\/07\/the-weekend-of-4-5-july-2026-lvbs-thank-you-campaign-tens-of-thousands-at-klassik-airleben-and-five-hcl-world-champions-663228\" rel=\"nofollow noopener\" target=\"_blank\">Read this article in English<\/a>.<\/p>\n<p>Ja, es ist wahr: Die Stra\u00dfenbahnen in Leipzig fahren wieder! Der Albtraum aus schwarzer Fugenmasse ist vorbei. Aus Erleichterung und Dankbarkeit haben die LVB f\u00fcr die anstehende Woche eine siebent\u00e4gige Dankes-Aktion ausgerufen. Danke hat auch das Gewandhausorchester gesagt: Mit dem traditionellen \u201eKlassik airleben\u201c beendete es die Saison. Zwar haben auch die HCL-Handballerinnen ihre Saison l\u00e4ngst beendet, doch f\u00fcnf von ihnen hatten noch eine Mission zu erf\u00fcllen: Weltmeister werden! Die LZ fasst zusammen, was am Wochenende, 4.\/5. Juli 2026, in Leipzig und dar\u00fcber hinaus wichtig war.<\/p>\n<p>LVB startet Danke-Aktion<\/p>\n<p>Leipzig hat es geschafft: <a href=\"https:\/\/www.l-iz.de\/wirtschaft\/mobilitaet\/2026\/07\/strassenbahnbetrieb-der-lvb-kommt-langsam-wieder-in-fahrt-gutachter-hat-seine-schadensanalyse-begonnen-663119\" target=\"_blank\" rel=\"noopener nofollow\">Nach einer Woche Stra\u00dfenbahn-Ausnahmezustand<\/a> kann ab Montag mit der Linie 2 endlich auch die letzte Strecke wieder in Betrieb genommen werden. Damit fahren dann alle Bahnen wie gewohnt \u2013 oder eben so, wie es im Baustellenplan vorgesehen ist. Die Erleichterung bei den Leipziger Verkehrsbetrieben (LVB) ist gro\u00df. <a href=\"https:\/\/www.l.de\/verkehrsbetriebe\/nachrichten\/ansicht\/lvb-starten-dankes-aktion-fuer-fahrgaeste-8423\/\" target=\"_blank\" rel=\"noopener nofollow\">Mit einer Sonder-Aktion<\/a> m\u00f6chten sie sich nun bei den Fahrg\u00e4sten f\u00fcr deren Geduld und Verst\u00e4ndnis bedanken.<img decoding=\"async\" src=\"https:\/\/www.europesays.com\/de\/wp-content\/uploads\/2026\/07\/96c796919ff7452d934f1521ab1e49ff.gif\" alt=\"\" width=\"https:\/\/www.l-iz.de\/der-tag\/2026\/07\/1\" height=\"https:\/\/www.l-iz.de\/der-tag\/2026\/07\/1\"\/><\/p>\n<p>\u201eWer mit einem g\u00fcltigen Ticket unterwegs ist, kann auf allen Fahrten in Bussen, Stra\u00dfenbahnen und Flexa-Shuttles der LVB innerhalb der Tarifzone 110 (Leipzig) eine weitere Person kostenfrei mitnehmen. Die Aktion gilt f\u00fcr alle Ticketarten \u2013 vom Einzelfahrschein \u00fcber das ABO bis hin zum Deutschlandticket, JOB-Ticket oder Semesterticket. Ausgenommen sind Fahrten mit S-Bahnen sowie Regionalz\u00fcgen (RE\/RB) im Stadtgebiet\u201c, teilten die LVB heute per Presseinformation mit. Diese Aktion l\u00e4uft eine komplette Woche lang, vom 6. bis zum 12. Juli 2026.<\/p>\n<p>\u201eMit unserer 2-f\u00fcr-1-Aktion m\u00f6chten wir spontan etwas zur\u00fcckgeben und einen zus\u00e4tzlichen Anreiz bieten, gemeinsam mit Familie, Freunden oder Nachbarn in der ersten Ferienwoche den \u00f6ffentlichen Nahverkehr zu nutzen\u201c, sagt Sandy Brachmann, Bereichsleiterin Marketing der LVB. Nach Angaben des Unternehmens haben 550 freiwillige Helfer wesentlich dazu beigetragen, die w\u00e4hrend der gro\u00dfen Hitze auf die Gleise geratene und dann dort fest gewordene Fugenmasse wieder zu entfernen. Bei drei gro\u00dfen Hilfsaktionen hatten die Leipziger\/-innen tatkr\u00e4ftig mit angepackt.<\/p>\n<p>Zehntausende bei \u201eKlassik airleben\u201c<\/p>\n<p>Es ist das wahrscheinlich gr\u00f6\u00dfte Picknick-Event Leipzigs \u2013 und gleichzeitig das mit der hochklassigsten Musikbegleitung. Am Freitag und Samstag konnte man im Leipziger Rosental zum 17. Mal \u201eKlassik airleben\u201c. Um die 20.000 bis 30.000 Menschen dr\u00e4ngten sich pro Abend dicht an dicht mit ihren Picknickdecken auf der gro\u00dfen Rosental-Wiese, um bei freiem Eintritt dem <a href=\"https:\/\/www.gewandhausorchester.de\/\" target=\"_blank\" rel=\"noopener nofollow\">renommierten Gewandhausorchester<\/a> bei der Arbeit zuzuh\u00f6ren. F\u00fcr den Klangk\u00f6rper ist dieses j\u00e4hrliche Open-Air-Konzert der traditionelle Abschluss seiner Konzertsaison \u2013 und zudem eine wunderbare Geste an die Leipzigerinnen und Leipziger.<\/p>\n<p>Unter der Leitung seines Dirigenten Vasily Petrenko pr\u00e4sentierte das Gewandhausorchester in diesem Jahr einige Werke, die das britische Proms-Feeling in die Messestadt transportieren sollten. \u201eProms\u201c steht f\u00fcr Promenade Concerts (Promenadenkonzerte), bei denen das Publikum urspr\u00fcnglich w\u00e4hrend des Konzerts umhergehen konnte und durfte. Mit den \u201eBBC Proms\u201c wird in London noch immer jeden Sommer die weltweit bekannte, achtw\u00f6chige Konzertreihe f\u00fcr klassische Musik zelebriert.<\/p>\n<p>W\u00e4hrend also Prosecco und Frikadelle die Geschmacksnerven des Leipziger Publikums stimulierten, liebkosten gleichzeitig klassische Kl\u00e4nge von Georg Friedrich H\u00e4ndel, Felix Mendelssohn Bartholdy, Carl Maria von Weber oder Andrew Lloyd Webber \u2013 um nur einige der ber\u00fchmtesten Komponisten zu nennen \u2013 deren Ohren.<\/p>\n<ul class=\"swiper-wrapper kf-gallery-photos\">\n<li class=\"swiper-slide\"><img decoding=\"async\" width=\"698\" height=\"466\" src=\"https:\/\/www.europesays.com\/de\/wp-content\/uploads\/2026\/07\/Klassik_airleben-2026-Rosenthal-Foto_Gregor_Wunesch-2026-07-03-20-33-22-0262-698x466.jpg\" class=\"attachment-large size-large\" alt=\"\" loading=\"lazy\"  \/>Eindr\u00fccke vom \u201eKlassik airleben\u201c 2026 im Leipziger Rosental. Foto: Gregor W\u00fcnsch<\/li>\n<li class=\"swiper-slide\"><img decoding=\"async\" width=\"698\" height=\"471\" src=\"https:\/\/www.europesays.com\/de\/wp-content\/uploads\/2026\/07\/Klassik_airleben-2026-Rosenthal-Foto_Gregor_Wunesch-2026-07-03-20-58-35-7802-698x471.jpg\" class=\"attachment-large size-large\" alt=\"\" loading=\"lazy\"  \/>Eindr\u00fccke vom \u201eKlassik airleben\u201c 2026 im Leipziger Rosental. Foto: Gregor W\u00fcnsch<\/li>\n<li class=\"swiper-slide\"><img decoding=\"async\" width=\"698\" height=\"472\" src=\"https:\/\/www.europesays.com\/de\/wp-content\/uploads\/2026\/07\/Klassik_airleben-2026-Rosenthal-Foto_Gregor_Wunesch-2026-07-03-20-59-16-7602-698x472.jpg\" class=\"attachment-large size-large\" alt=\"\" loading=\"lazy\"  \/>Eindr\u00fccke vom \u201eKlassik airleben\u201c 2026 im Leipziger Rosental. Foto: Gregor W\u00fcnsch<\/li>\n<li class=\"swiper-slide\"><img decoding=\"async\" width=\"698\" height=\"465\" src=\"https:\/\/www.europesays.com\/de\/wp-content\/uploads\/2026\/07\/Klassik_airleben-2026-Rosenthal-Foto_Gregor_Wunesch-2026-07-03-21-00-36-3072-698x465.jpg\" class=\"attachment-large size-large\" alt=\"\" loading=\"lazy\"  \/>Eindr\u00fccke vom \u201eKlassik airleben\u201c 2026 im Leipziger Rosental. Foto: Gregor W\u00fcnsch<\/li>\n<\/ul>\n<p>HC Leipzig mit f\u00fcnf Weltmeisterinnen<\/p>\n<p>Der Traum vom WM-Titel platze bei Deutschlands Fu\u00dfball-M\u00e4nnern bereits sehr fr\u00fch. Die schwarz-rot-goldenen <a href=\"https:\/\/www.dhb.de\/news\/deutschland-macht-das-gold-double-perfekt\" target=\"_blank\" rel=\"noopener nofollow\">Handball-Juniorinnen hingegen haben sich genau diesen Traum heute selbst erf\u00fcllen<\/a> k\u00f6nnen. Im Finale der U20-Weltmeisterschaft in China besiegten die amtierenden Europameisterinnen auch das Team aus D\u00e4nemark. Nach einer knappen 15:14-Halbzeitf\u00fchrung hie\u00df es am Ende doch recht deutlich 33:26. Gold! Damit hatten die jungen DHB-Frauen alle ihre acht WM-Spiele siegreich beendet.<\/p>\n<p>Aus Leipziger Sicht besonders erfreulich daran ist die Tatsache, dass gleich f\u00fcnf Spielerinnen des HC Leipzig aktiv zu diesem Erfolg beitrugen. Laura Klocke, Jana Walther, Lisa Lammich, Marlene Tucholke und Sommer-Neuzugang Emma Niemann warfen im Verlauf des Turniers insgesamt 68 Tore. \u201eWas f\u00fcr eine unglaublich tolle WM. Was f\u00fcr eine \u00fcberragende Leistung! Wir sind unfassbar stolz auf euch!\u201c, jubilierte der Handball-Club auf seinen Social Media-Kan\u00e4len. Dieser WM-Titel d\u00fcrfte auch f\u00fcr das Selbstbewusstsein des frisch gebackenen Bundesliga-Aufsteigers \u2013 im wahrsten Wortsinne \u2013 Gold wert sein.<\/p>\n<p><strong>Wor\u00fcber die LZ am Wochenende berichtet hat:<\/strong><\/p>\n<p><a href=\"https:\/\/www.l-iz.de\/politik\/engagement\/2026\/07\/tag-der-giesskanne-mit-leipzig-giesst-an-der-entenbruecke-video-663140\" target=\"_blank\" rel=\"noopener nofollow\">Tag der Gie\u00dfkanne: Mit \u201eLeipzig gie\u00dft\u201c an der Entenbr\u00fccke<\/a><\/p>\n<p><a href=\"https:\/\/www.l-iz.de\/wirtschaft\/mobilitaet\/2026\/07\/strassenbahnbetrieb-der-lvb-kommt-langsam-wieder-in-fahrt-gutachter-hat-seine-schadensanalyse-begonnen-663119\" target=\"_blank\" rel=\"noopener nofollow\">Stra\u00dfenbahnbetrieb der LVB kommt langsam wieder in Fahrt: Gutachter hat seine Schadensanalyse begonnen<\/a><\/p>\n<p><a href=\"https:\/\/www.l-iz.de\/politik\/leipzig\/2026\/07\/der-stadtrat-tagte-linke-antrag-zur-entsiegelung-scheitert-an-der-klammen-haushaltslage-der-stadt-663117\" target=\"_blank\" rel=\"noopener nofollow\">Der Stadtrat tagte: Linke-Antrag zur Entsiegelung scheitert an der klammen Haushaltslage der Stadt<\/a><\/p>\n<p><a href=\"https:\/\/www.l-iz.de\/politik\/brennpunkt\/2026\/07\/der-stadtrat-tagte-ohne-fachgutachten-kann-der-stadtrat-ueberhaupt-nicht-zum-capa-waeldchen-entscheiden-663090\" target=\"_blank\" rel=\"noopener nofollow\">Der Stadtrat tagte: Ohne Fachgutachten kann der Stadtrat \u00fcberhaupt nicht zum Capa-W\u00e4ldchen entscheiden<\/a><\/p>\n<p><a href=\"https:\/\/www.l-iz.de\/politik\/leipzig\/2026\/07\/der-stadtrat-tagte-keine-geschenke-bei-freiwilliger-fuehrerscheinabgabe-video-663064\" target=\"_blank\" rel=\"noopener nofollow\">Der Stadtrat tagte: Keine Geschenke bei freiwilliger F\u00fchrerscheinabgabe<\/a><\/p>\n<p><a href=\"https:\/\/www.l-iz.de\/politik\/brennpunkt\/2026\/07\/stadtrat-tagte-wie-weiter-mit-guterschuppen-grundstuck-connewitz-video-663056\" target=\"_blank\" rel=\"noopener nofollow\">Der Stadtrat tagte: Wie weiter mit dem G\u00fcterschuppen-Grundst\u00fcck am S-Bahnhof Connewitz?<\/a><\/p>\n<p><a href=\"https:\/\/www.l-iz.de\/politik\/leipzig\/2026\/07\/stadtrat-tagte-stadtgruen-temporare-pflanzkubel-zustaendigkeit-video-663046\" target=\"_blank\" rel=\"noopener nofollow\">Der Stadtrat tagte: Nach drei Jahren ist endlich klar, wer sich um tempor\u00e4re Pflanzk\u00fcbel in Leipzig k\u00fcmmern muss<\/a><\/p>\n<p><a href=\"https:\/\/www.l-iz.de\/politik\/leipzig\/2026\/07\/stadtrat-tagte-mietrechtaenderung-mieterschutz-video-663044\" target=\"_blank\" rel=\"noopener nofollow\">Der Stadtrat tagte: Kann Leipzigs OBM in Berlin f\u00fcr ein Mietrecht werben, das Mieter tats\u00e4chlich sch\u00fctzt?<\/a><\/p>\n<p><a href=\"https:\/\/www.l-iz.de\/politik\/leipzig\/2026\/07\/stadtrat-tagte-neuer-wirkungsort-fur-die-gedenkstatte-zwangsarbeit-video-663042\" target=\"_blank\" rel=\"noopener nofollow\">Der Stadtrat tagte: Findet die Stadt einen neuen Wirkungsort f\u00fcr die Gedenkst\u00e4tte Zwangsarbeit?<\/a><\/p>\n<p><strong>Was sonst noch wichtig war:<\/strong><\/p>\n<p>Genau 100 Jahre nach dem NSDAP-Reichsparteitag in Weimar hat die AfD nur wenige Kilometer weiter, in Erfurt, <a href=\"https:\/\/www.tagesschau.de\/inland\/innenpolitik\/afd-parteitag-polizeibilanz-100.html\" target=\"_blank\" rel=\"noopener nofollow\">ihren Bundesparteitag<\/a> abgehalten. Dort wurde die Doppelspitze aus Alice Weidel (81,3 Prozent) und Tino Chrupalla (70,0 Prozent) in ihrem Amt best\u00e4tigt. Unter anderem durch die Wahl des H\u00f6cke-Vertrauten Stefan M\u00f6ller in den Bundesvorstand droht der sowieso schon in Teilen rechtsextremen Partei ein noch gr\u00f6\u00dferer Einfluss des v\u00f6lkisch-nationalistischen Fl\u00fcgels. Mehrere zehntausend Menschen demonstrierten weitgehend friedlich gegen den AfD-Parteitag. Die Zahlen schwanken zwischen 31.000 (Polizei) und 50.000 (B\u00fcndnis Widersetzen). Viele von ihnen blockierten am fr\u00fchen Morgen die Zufahrtsstra\u00dfen zum Veranstaltungsort Messe. Da die AfDler aber bereits mitten in der Nacht angereist waren, konnte der Parteitag plangem\u00e4\u00df starten.<\/p>\n<p>Die <a href=\"https:\/\/www.fr.de\/politik\/250-jahre-usa-trump-macht-jubilaeum-zur-maga-kundgebung-zr-94382768.html\" target=\"_blank\" rel=\"noopener nofollow\">USA feiern den 250. Jahrestag<\/a> ihrer Unabh\u00e4ngigkeit. Die Fest-Rede von Pr\u00e4sident Donald Trump auf dem \u201eSalute to America\u201c-Event in Washington, D.C. musste wetterbedingt jedoch um etwa zwei Stunden verschoben werden. Hinter einer Panzerglasscheibe gesch\u00fctzt warnte er unter anderem vor Kommunismus in den USA und forderte vom Kongress Gesetze zur Einschr\u00e4nkung der Briefwahl.<\/p>\n<p>Vor 1.000 geladenen G\u00e4sten haben <a href=\"https:\/\/www.stern.de\/lifestyle\/leute\/taylor-swift-hat-geheiratet---die-wichtigsten-details-zur-hochzeit-37645486.html\" target=\"_blank\" rel=\"noopener nofollow\">US-Superstar Tylor Swift und \u201eKansas City Chiefs\u201c-Footballer Travis Kelce<\/a> im New Yorker Madison Square Garden geheiratet. Die Trauungszeremonie soll dabei nicht von einem Geistlichen sondern von Schauspieler Adam Sandler geleitet worden sein. Als \u00fcberraschender Hochzeitss\u00e4nger soll zudem Sir Paul McCartney aufgetreten sein.<\/p>\n<p><a href=\"https:\/\/www.spiegel.de\/panorama\/papst-leo-besucht-lampedusa-ort-der-hoffnung-und-der-menschlichkeit-a-85cc3a7d-9181-4b13-b259-033fcafbf10e\" target=\"_blank\" rel=\"noopener nofollow\">Papst Leo XIV. hat die Mittelmeerinsel Lampedusa<\/a> besucht. Dort erinnerte er an das Schicksal der vielen im Meer ertrunkenen Bootsfl\u00fcchtlinge und forderte von der EU eine langfristige Migrationsstrategie. Der Papst legte an den Gr\u00e4bern der verstorbenen Migranten Blumen nieder und verharrte im stillen Gebet. Zudem segnete er am Landungssteg eine Gedenktafel f\u00fcr seinen Amtsvorg\u00e4nger Franziskus. Die Anlegestelle tr\u00e4gt ab sofort dessen Namen.<\/p>\n","protected":false},"excerpt":{"rendered":"This article is also available in English: Read this article in English. Ja, es ist wahr: Die Stra\u00dfenbahnen&hellip;\n","protected":false},"author":2,"featured_media":1145515,"comment_status":"","ping_status":"","sticky":false,"template":"","format":"standard","meta":{"footnotes":"","_share_on_mastodon":"0"},"categories":[1832],"tags":[16427,3364,2409,29,30,67180,21016,71,9912,49458,859,4900,7109],"class_list":["post-1145514","post","type-post","status-publish","format-standard","has-post-thumbnail","category-leipzig","tag-das-wochenende","tag-de","tag-der-tag","tag-deutschland","tag-germany","tag-gewandhausorchester","tag-hc-leipzig","tag-leipzig","tag-lvb","tag-rosental","tag-sachsen","tag-strassenbahn","tag-weltmeisterschaft"],"share_on_mastodon":{"url":"https:\/\/pubeurope.com\/@de\/116869617287220528","error":""},"_links":{"self":[{"href":"https:\/\/www.europesays.com\/de\/wp-json\/wp\/v2\/posts\/1145514","targetHints":{"allow":["GET"]}}],"collection":[{"href":"https:\/\/www.europesays.com\/de\/wp-json\/wp\/v2\/posts"}],"about":[{"href":"https:\/\/www.europesays.com\/de\/wp-json\/wp\/v2\/types\/post"}],"author":[{"embeddable":true,"href":"https:\/\/www.europesays.com\/de\/wp-json\/wp\/v2\/users\/2"}],"replies":[{"embeddable":true,"href":"https:\/\/www.europesays.com\/de\/wp-json\/wp\/v2\/comments?post=1145514"}],"version-history":[{"count":0,"href":"https:\/\/www.europesays.com\/de\/wp-json\/wp\/v2\/posts\/1145514\/revisions"}],"wp:featuredmedia":[{"embeddable":true,"href":"https:\/\/www.europesays.com\/de\/wp-json\/wp\/v2\/media\/1145515"}],"wp:attachment":[{"href":"https:\/\/www.europesays.com\/de\/wp-json\/wp\/v2\/media?parent=1145514"}],"wp:term":[{"taxonomy":"category","embeddable":true,"href":"https:\/\/www.europesays.com\/de\/wp-json\/wp\/v2\/categories?post=1145514"},{"taxonomy":"post_tag","embeddable":true,"href":"https:\/\/www.europesays.com\/de\/wp-json\/wp\/v2\/tags?post=1145514"}],"curies":[{"name":"wp","href":"https:\/\/api.w.org\/{rel}","templated":true}]}}