{"id":1145532,"date":"2026-07-05T22:07:16","date_gmt":"2026-07-05T22:07:16","guid":{"rendered":"https:\/\/www.europesays.com\/de\/1145532\/"},"modified":"2026-07-05T22:07:16","modified_gmt":"2026-07-05T22:07:16","slug":"zehn-jahre-repair-cafe-in-ramersdorf","status":"publish","type":"post","link":"https:\/\/www.europesays.com\/de\/1145532\/","title":{"rendered":"Zehn Jahre Repair-Caf\u00e9 in Ramersdorf"},"content":{"rendered":"<p class=\"article-text\">Am Samstag, 11. Juli, findet nun bereits das 60. Repair-Caf\u00e9 in Ramersdorf statt, das sich in den zehn Jahren zu einem der gr\u00f6\u00dften Repair-Caf\u00e9s in Bayern entwickelt hat. Auch beim Jubil\u00e4um werden wieder rund 20 Diplom-Ingenieure, Schneiderinnen und Zweiradexperten bei der Reparatur von Lieblingsgegenst\u00e4nden behilflich sein. Repariert wird von 14 bis 17 Uhr, wie gewohnt im Gemeindehaus der Gustav-Adolf-Kirche (Hohenaschauer Stra\u00dfe 3).<\/p>\n<p class=\"article-text\">Neben Erfahrung und Wissen verf\u00fcgen die Experten \u00fcber das notwendige Spezialwerkzeug f\u00fcr die erfolgreiche Reparatur defekter Fahrr\u00e4der, Elektroger\u00e4te (alles au\u00dfer Kaffee-Vollautomaten), Uhren, Computern (zum Beispiel Umstieg von Windows 10 auf Linux), Smartphones (Ersatzdisplays oder Akkus unbedingt mitbringen!), Spielzeugen und Textilien sowie Kleinm\u00f6beln. Alle Spenden kommen sozialen Projekten in und um das Gemeindegebiet in Ramersdorf zugute. Die Wartezeit kann man sich bei Bio-Kaffee und Kuchen verk\u00fcrzen.<\/p>\n","protected":false},"excerpt":{"rendered":"Am Samstag, 11. Juli, findet nun bereits das 60. Repair-Caf\u00e9 in Ramersdorf statt, das sich in den zehn&hellip;\n","protected":false},"author":2,"featured_media":1145533,"comment_status":"","ping_status":"","sticky":false,"template":"","format":"standard","meta":{"footnotes":"","_share_on_mastodon":"0"},"categories":[1827],"tags":[772,29,30,2489,7011,1268,10023,57632],"class_list":["post-1145532","post","type-post","status-publish","format-standard","has-post-thumbnail","category-muenchen","tag-bayern","tag-deutschland","tag-germany","tag-kirche-gesellschaft","tag-kirchen","tag-muenchen","tag-ramersdorf","tag-repaircafe"],"share_on_mastodon":{"url":"https:\/\/pubeurope.com\/@de\/116869650529968398","error":""},"_links":{"self":[{"href":"https:\/\/www.europesays.com\/de\/wp-json\/wp\/v2\/posts\/1145532","targetHints":{"allow":["GET"]}}],"collection":[{"href":"https:\/\/www.europesays.com\/de\/wp-json\/wp\/v2\/posts"}],"about":[{"href":"https:\/\/www.europesays.com\/de\/wp-json\/wp\/v2\/types\/post"}],"author":[{"embeddable":true,"href":"https:\/\/www.europesays.com\/de\/wp-json\/wp\/v2\/users\/2"}],"replies":[{"embeddable":true,"href":"https:\/\/www.europesays.com\/de\/wp-json\/wp\/v2\/comments?post=1145532"}],"version-history":[{"count":0,"href":"https:\/\/www.europesays.com\/de\/wp-json\/wp\/v2\/posts\/1145532\/revisions"}],"wp:featuredmedia":[{"embeddable":true,"href":"https:\/\/www.europesays.com\/de\/wp-json\/wp\/v2\/media\/1145533"}],"wp:attachment":[{"href":"https:\/\/www.europesays.com\/de\/wp-json\/wp\/v2\/media?parent=1145532"}],"wp:term":[{"taxonomy":"category","embeddable":true,"href":"https:\/\/www.europesays.com\/de\/wp-json\/wp\/v2\/categories?post=1145532"},{"taxonomy":"post_tag","embeddable":true,"href":"https:\/\/www.europesays.com\/de\/wp-json\/wp\/v2\/tags?post=1145532"}],"curies":[{"name":"wp","href":"https:\/\/api.w.org\/{rel}","templated":true}]}}