{"id":1145574,"date":"2026-07-05T22:31:23","date_gmt":"2026-07-05T22:31:23","guid":{"rendered":"https:\/\/www.europesays.com\/de\/1145574\/"},"modified":"2026-07-05T22:31:23","modified_gmt":"2026-07-05T22:31:23","slug":"dfb-team-entscheidung-um-juergen-klopp-als-bundestrainer-gefallen","status":"publish","type":"post","link":"https:\/\/www.europesays.com\/de\/1145574\/","title":{"rendered":"DFB-Team: Entscheidung um J\u00fcrgen Klopp als Bundestrainer gefallen"},"content":{"rendered":"<p class=\"MuiTypography-root MuiTypography-body1 mui-1foiij2\">ran Fu\u00dfball<\/p>\n<p class=\"MuiTypography-root MuiTypography-body1 mui-1agghpn\">WM 2026 &#8211; J\u00fcrgen Klopp best\u00e4tigt DFB-Gespr\u00e4che: &#8222;Ich bin bereit&#8220;<\/p>\n<p class=\"MuiTypography-root MuiTypography-body1 mui-nx3t7m\">Videoclip \u2022 05:10 Min<\/p>\n<p class=\"MuiTypography-root MuiTypography-body1 mui-1qsr6u5\" data-testid=\"intro-paragraph\">J\u00fcrgen Klopp soll sich mit dem DFB darauf geeinigt haben, die Nachfolge von Julian Nagelsmann als Bundestrainer anzutreten. Das berichtet Transfer-Experte Fabrizio Romano.<\/p>\n<p class=\"MuiTypography-root MuiTypography-body1 mui-1pymq60\" data-testid=\"paragraph\"><a class=\"MuiTypography-root MuiTypography-inherit MuiLink-root MuiLink-underlineAlways mui-1bbqssm\" tabindex=\"0\" href=\"https:\/\/ran.joyn.de\/sports\/spieler\/pe3965-juergen-klopp\" rel=\"nofollow noopener\" target=\"_blank\">J\u00fcrgen Klopp<\/a> \u00fcbernimmt den Job als Trainer der deutschen Nationalmannschaft.<\/p>\n<p class=\"MuiTypography-root MuiTypography-body1 mui-1pymq60\" data-testid=\"paragraph\">Klopp soll dem DFB zugesagt haben, den Job des Bundestrainers zu \u00fcbernehmen. Das postete der Transfer-Experte Fabrizio Romano am Sonntagmittag auf X.<\/p>\n<p class=\"MuiTypography-root MuiTypography-body1 mui-1pymq60\" data-testid=\"paragraph\">\u00dcber die Einzelheiten eines langfristigen Vertrags mit dem DFB w\u00fcrde aktuell noch diskutiert, genauso wie Klopp aktuell noch \u00fcber den Ausstieg aus seinem Job als Head of Global Soccer bei Red Bull verhandle.<\/p>\n<p class=\"MuiTypography-root MuiTypography-body1 mui-1pymq60\" data-testid=\"paragraph\">Aber es gebe keine Zweifel mehr daran, dass Klopp der neue Bundestrainer werde. Klopp selbst wollte das noch nicht offiziell best\u00e4tigen. &#8222;Es gibt nichts zu berichten. Sobald es etwas gibt, erfahrt ihr es als Erstes&#8220;, sagte der 59-J\u00e4hrige am Sonntagabend bei &#8222;Magenta&#8220; vor dem Spiel <a class=\"MuiTypography-root MuiTypography-inherit MuiLink-root MuiLink-underlineAlways mui-1bbqssm\" tabindex=\"0\" href=\"https:\/\/ran.joyn.de\/sports\/teams\/te268-brasilien\" rel=\"nofollow noopener\" target=\"_blank\">Brasilien<\/a> gegen Norwegen.<\/p>\n<p class=\"MuiTypography-root MuiTypography-body1 mui-1hq5oao\">Externer Inhalt<\/p>\n<p class=\"MuiTypography-root MuiTypography-body1 mui-1pymq60\">Dieser Inhalt stammt von externen Anbietern wie Facebook, Instagram oder Youtube.<\/p>\n<p class=\"MuiTypography-root MuiTypography-body1 mui-1pymq60\">Aktiviere bitte Personalisierte Anzeigen und Inhalte sowie Anbieter au\u00dferhalb des CMP Standards, um diese Inhalte anzuzeigen.<\/p>\n<p>Privatsph\u00e4re-EinstellungenKlopp-Gespr\u00e4che wohl in New York<\/p>\n<p class=\"MuiTypography-root MuiTypography-body1 mui-1pymq60\" data-testid=\"paragraph\">Wie &#8222;Sky&#8220; berichtet, soll am Samstag ein erstes Telefonat zwischen DFB-Pr\u00e4sident Bernd Neuendorf und Red Bull \u00fcber die Personalie Klopp stattgefunden haben. Kommende Woche werde eine DFB-Delegation in New York mit dem Coach und seinem Berater Marc Kosicke zusammentreffen. Offen sei auch noch, ob sich beide Seiten bis 2028 oder bis 2030 aneinander binden.<\/p>\n<p class=\"MuiTypography-root MuiTypography-body1 mui-1pymq60\" data-testid=\"paragraph\">Die Gespr\u00e4che \u00fcber einen Deal sollen demnach noch mehrere Tage andauern. Red-Bull-Aktion\u00e4re w\u00fcrden auf eine Entsch\u00e4digungszahlung pochen, sollte Klopp das Unternehmen verlassen.<\/p>\n<p class=\"MuiTypography-root MuiTypography-body1 mui-1pymq60\" data-testid=\"paragraph\">Die Erw\u00e4hnung von Klopp als Wunschkandidat durch den DFB bei der Verk\u00fcndung des Nagelsmann-R\u00fccktritts soll zudem bei Red Bull &#8222;nicht jedem gefallen&#8220; haben.<\/p>\n<p class=\"MuiTypography-root MuiTypography-body1 mui-1pymq60\" data-testid=\"paragraph\">Bei dem Brausekonzern steht der Schwabe noch bis 2029 unter Vertrag. Dass er den Job als Head of Global Soccer f\u00fcr Red Bull annahm, kam bei vielen Fans nicht sonderlich gut an. Seiner Popularit\u00e4t tat das aber keinen Abbruch.<\/p>\n<p class=\"MuiTypography-root MuiTypography-body1 mui-1pymq60\" data-testid=\"paragraph\">Klopp hatte mit dem DFB zuletzt bereits &#8222;intensive Gespr\u00e4che&#8220; angek\u00fcndigt. &#8222;Die Probleme, die wir aktuell haben, h\u00e4ngen nicht an der Personalie <a class=\"MuiTypography-root MuiTypography-inherit MuiLink-root MuiLink-underlineAlways mui-1bbqssm\" tabindex=\"0\" href=\"https:\/\/ran.joyn.de\/sports\/spieler\/pe78186-julian-nagelsmann\" rel=\"nofollow noopener\" target=\"_blank\">Julian Nagelsmann<\/a>&#8222;, sagte der 59-J\u00e4hrige. Der deutsche Fu\u00dfball stehe &#8222;am Wendepunkt&#8220;: &#8222;Wir m\u00fcssen jetzt Dinge grundlegend ver\u00e4ndern. Ob das am Ende dann ich sein werde oder wer auch immer das sein wird, das \u00e4ndert nichts daran, dass die Ver\u00e4nderungen notwendig sind.&#8220;<\/p>\n<p>J\u00fcrgen Klopp feierte mit Liverpool und dem BVB gro\u00dfe Erfolge<\/p>\n<p class=\"MuiTypography-root MuiTypography-body1 mui-1pymq60\" data-testid=\"paragraph\">Julian Nagelsmann war einige Tage nach dem entt\u00e4uschenden WM-Aus des DFB-Teams im <a class=\"MuiTypography-root MuiTypography-inherit MuiLink-root MuiLink-underlineAlways mui-1bbqssm\" tabindex=\"0\" href=\"https:\/\/ran.joyn.de\/sports\/fussball\/wm\/wm2026-wer-spielte-gegen-wen-alle-partien-des-sechzehntelfinals-im-ueberblick-146663\" rel=\"nofollow noopener\" target=\"_blank\">Sechzehntelfinale<\/a> gegen Paraguay (4:5 n.E.) als Bundestrainer zur\u00fcckgetreten.<\/p>\n<p class=\"MuiTypography-root MuiTypography-body1 mui-1pymq60\" data-testid=\"paragraph\">Klopp, der derzeit <a class=\"MuiTypography-root MuiTypography-inherit MuiLink-root MuiLink-underlineAlways mui-1bbqssm\" tabindex=\"0\" href=\"https:\/\/ran.joyn.de\/sports\/fussball\/wm\/wm2026-bis-zum-ende-juergen-klopp-zieht-tv-experten-rolle-durch-150402\" rel=\"nofollow noopener\" target=\"_blank\">bei der WM als TV-Experte im Einsatz<\/a> ist, galt von Anfang an als logischer Nachfolger.<\/p>\n<p class=\"MuiTypography-root MuiTypography-body1 mui-1pymq60\" data-testid=\"paragraph\">Der 59-J\u00e4hrige hat in seiner Karriere mit dem <a class=\"MuiTypography-root MuiTypography-inherit MuiLink-root MuiLink-underlineAlways mui-1bbqssm\" tabindex=\"0\" href=\"https:\/\/ran.joyn.de\/sports\/teams\/te1226-liverpool-fc\" rel=\"nofollow noopener\" target=\"_blank\">FC Liverpool<\/a> die <a class=\"MuiTypography-root MuiTypography-inherit MuiLink-root MuiLink-underlineAlways mui-1bbqssm\" tabindex=\"0\" href=\"https:\/\/ran.joyn.de\/sports\/fussball\/champions-league\" rel=\"nofollow noopener\" target=\"_blank\">Champions League<\/a> gewonnen und ist englischer Meister geworden, Borussia Dortmund f\u00fchrte er zu zwei Meisterschaften und dem ersten Double der Vereinsgeschichte.<\/p>\n<p>N\u00e4chste Fu\u00dfball-Livestreams auf Joyn<\/p>\n<ul class=\"MuiBox-root mui-1xju5wg\" id=\"_R_9l9fav5ubsnpfd7fdb_\">\n<li class=\"mui-rsnbhl\"><img decoding=\"async\" src=\"https:\/\/www.europesays.com\/de\/wp-content\/uploads\/2026\/07\/{\"width\":4473,\"rect\":{\"x\":0,\"y\":233,\"width\":4473,\"height\":2516}}.webp\"   width=\"4473\" height=\"2516\" alt=\"\" class=\"mui-n608sm\" loading=\"lazy\" fetchpriority=\"auto\"\/>\n<p class=\"MuiTypography-root MuiTypography-body1 mui-1xrky36\">Montag, 06.07. 20:15 \u2022 Fussball<\/p>\n<p>WM 2026 live: Portugal &#8211; Spanien im StreamVerf\u00fcgbar auf Joyn<\/p>\n<p class=\"MuiTypography-root MuiTypography-body1 mui-1ybzvdw\">195 Min<\/p>\n<p>Aktionsmen\u00fc \u00f6ffnen<img decoding=\"async\" src=\"https:\/\/www.europesays.com\/de\/wp-content\/uploads\/2026\/07\/{\"width\":4473,\"rect\":{\"x\":0,\"y\":233,\"width\":4473,\"height\":2516}}.webp\"   width=\"4473\" height=\"2516\" alt=\"\" class=\"mui-n608sm\" loading=\"lazy\" fetchpriority=\"auto\"\/><\/p>\n<p class=\"MuiTypography-root MuiTypography-body1 mui-1xrky36\">Montag, 06.07. 20:15 \u2022 Fussball<\/p>\n<p>WM 2026 live: Portugal &#8211; Spanien im StreamVerf\u00fcgbar auf Joyn<\/p>\n<p class=\"MuiTypography-root MuiTypography-body1 mui-1ybzvdw\">195 Min<\/p>\n<\/li>\n<li class=\"mui-rsnbhl\"><img decoding=\"async\" src=\"https:\/\/www.europesays.com\/de\/wp-content\/uploads\/2026\/07\/{\"width\":1351,\"rect\":{\"x\":0,\"y\":71,\"width\":1351,\"height\":760}}.webp\"   width=\"1351\" height=\"760\" alt=\"\" class=\"mui-n608sm\" loading=\"lazy\" fetchpriority=\"auto\"\/>\n<p class=\"MuiTypography-root MuiTypography-body1 mui-1xrky36\">Dienstag, 07.07. 02:00 \u2022 Fussball<\/p>\n<p>WM 2026 live: USA &#8211; Belgien im StreamVerf\u00fcgbar auf Joyn<\/p>\n<p class=\"MuiTypography-root MuiTypography-body1 mui-1ybzvdw\">180 Min<\/p>\n<p>Aktionsmen\u00fc \u00f6ffnen<img decoding=\"async\" src=\"https:\/\/www.europesays.com\/de\/wp-content\/uploads\/2026\/07\/{\"width\":1351,\"rect\":{\"x\":0,\"y\":71,\"width\":1351,\"height\":760}}.webp\"   width=\"1351\" height=\"760\" alt=\"\" class=\"mui-n608sm\" loading=\"lazy\" fetchpriority=\"auto\"\/><\/p>\n<p class=\"MuiTypography-root MuiTypography-body1 mui-1xrky36\">Dienstag, 07.07. 02:00 \u2022 Fussball<\/p>\n<p>WM 2026 live: USA &#8211; Belgien im StreamVerf\u00fcgbar auf Joyn<\/p>\n<p class=\"MuiTypography-root MuiTypography-body1 mui-1ybzvdw\">180 Min<\/p>\n<\/li>\n<li class=\"mui-rsnbhl\"><img decoding=\"async\" src=\"https:\/\/www.europesays.com\/de\/wp-content\/uploads\/2026\/07\/1783290682_674_{\"width\":1600,\"rect\":{\"x\":0,\"y\":0,\"width\":1600,\"height\":900}}.webp\"   width=\"1600\" height=\"900\" alt=\"\" class=\"mui-n608sm\" loading=\"lazy\" fetchpriority=\"auto\"\/>\n<p class=\"MuiTypography-root MuiTypography-body1 mui-1xrky36\">Dienstag, 07.07. 18:00 \u2022 Fussball<\/p>\n<p>WM 2026 live: Argentinien &#8211; \u00c4gypten im StreamVerf\u00fcgbar auf Joyn<\/p>\n<p class=\"MuiTypography-root MuiTypography-body1 mui-1ybzvdw\">180 Min<\/p>\n<p>Aktionsmen\u00fc \u00f6ffnen<img decoding=\"async\" src=\"https:\/\/www.europesays.com\/de\/wp-content\/uploads\/2026\/07\/1783290682_674_{\"width\":1600,\"rect\":{\"x\":0,\"y\":0,\"width\":1600,\"height\":900}}.webp\"   width=\"1600\" height=\"900\" alt=\"\" class=\"mui-n608sm\" loading=\"lazy\" fetchpriority=\"auto\"\/><\/p>\n<p class=\"MuiTypography-root MuiTypography-body1 mui-1xrky36\">Dienstag, 07.07. 18:00 \u2022 Fussball<\/p>\n<p>WM 2026 live: Argentinien &#8211; \u00c4gypten im StreamVerf\u00fcgbar auf Joyn<\/p>\n<p class=\"MuiTypography-root MuiTypography-body1 mui-1ybzvdw\">180 Min<\/p>\n<\/li>\n<li hidden=\"\" aria-hidden=\"true\" class=\"mui-rsnbhl\"><img decoding=\"async\" src=\"https:\/\/www.europesays.com\/de\/wp-content\/uploads\/2026\/07\/1783290683_544_{\"width\":1600,\"rect\":{\"x\":0,\"y\":0,\"width\":1600,\"height\":900}}.webp\"   width=\"1600\" height=\"900\" alt=\"\" class=\"mui-n608sm\" loading=\"lazy\" fetchpriority=\"auto\"\/>\n<p class=\"MuiTypography-root MuiTypography-body1 mui-1xrky36\">Dienstag, 07.07. 22:00 \u2022 Fussball<\/p>\n<p>WM 2026 live: Schweiz &#8211; Kolumbien im StreamVerf\u00fcgbar auf Joyn<\/p>\n<p class=\"MuiTypography-root MuiTypography-body1 mui-1ybzvdw\">210 Min<\/p>\n<p>Aktionsmen\u00fc \u00f6ffnen<img decoding=\"async\" src=\"https:\/\/www.europesays.com\/de\/wp-content\/uploads\/2026\/07\/1783290683_544_{\"width\":1600,\"rect\":{\"x\":0,\"y\":0,\"width\":1600,\"height\":900}}.webp\"   width=\"1600\" height=\"900\" alt=\"\" class=\"mui-n608sm\" loading=\"lazy\" fetchpriority=\"auto\"\/><\/p>\n<p class=\"MuiTypography-root MuiTypography-body1 mui-1xrky36\">Dienstag, 07.07. 22:00 \u2022 Fussball<\/p>\n<p>WM 2026 live: Schweiz &#8211; Kolumbien im StreamVerf\u00fcgbar auf Joyn<\/p>\n<p class=\"MuiTypography-root MuiTypography-body1 mui-1ybzvdw\">210 Min<\/p>\n<\/li>\n<\/ul>\n<p>Klopp im RB-Imperium unter Vertrag<\/p>\n<p class=\"MuiTypography-root MuiTypography-body1 mui-1pymq60\" data-testid=\"paragraph\">Klopp, der seine Karriere beim 1. <a class=\"MuiTypography-root MuiTypography-inherit MuiLink-root MuiLink-underlineAlways mui-1bbqssm\" tabindex=\"0\" href=\"https:\/\/ran.joyn.de\/sports\/teams\/te21-1-fsv-mainz-05\" rel=\"nofollow noopener\" target=\"_blank\">FSV Mainz 05<\/a> begann, gilt als einer der pr\u00e4gendsten Trainer der vergangenen beiden Jahrzehnte und ist weltweit einer der beliebtesten und prominentesten Deutschen.<\/p>\n<p class=\"MuiTypography-root MuiTypography-body1 mui-1pymq60\" data-testid=\"paragraph\">Nun steht der Ex-Profi vor der wom\u00f6glich schwierigsten, aber auch reizvollsten Aufgabe seiner Trainer-Karriere: die <a class=\"MuiTypography-root MuiTypography-inherit MuiLink-root MuiLink-underlineAlways mui-1bbqssm\" tabindex=\"0\" href=\"https:\/\/ran.joyn.de\/sports\/fussball\/dfb-team-die-deutsche-fussball-nationalmannschaft\" rel=\"nofollow noopener\" target=\"_blank\">deutsche Nationalmannschaft<\/a> in die Weltspitze zur\u00fcckzuf\u00fchren.<\/p>\n<p>Weitere Fu\u00dfball-News:<\/p>\n","protected":false},"excerpt":{"rendered":"ran Fu\u00dfball WM 2026 &#8211; J\u00fcrgen Klopp best\u00e4tigt DFB-Gespr\u00e4che: &#8222;Ich bin bereit&#8220; Videoclip \u2022 05:10 Min J\u00fcrgen Klopp&hellip;\n","protected":false},"author":2,"featured_media":1145575,"comment_status":"","ping_status":"","sticky":false,"template":"","format":"standard","meta":{"footnotes":"","_share_on_mastodon":"0"},"categories":[5],"tags":[242,21670,481,3751,5974,13,2602,4665,14,15,12,10,8,9,11,11404],"class_list":["post-1145574","post","type-post","status-publish","format-standard","has-post-thumbnail","category-nachrichten","tag-242","tag-bundestrainer","tag-dfb","tag-dfb-elf","tag-dfb-team","tag-headlines","tag-julian-nagelsmann","tag-juergen-klopp","tag-nachrichten","tag-news","tag-schlagzeilen","tag-top-news","tag-top-meldungen","tag-topmeldungen","tag-topnews","tag-wm"],"share_on_mastodon":{"url":"https:\/\/pubeurope.com\/@de\/116869747279191436","error":""},"_links":{"self":[{"href":"https:\/\/www.europesays.com\/de\/wp-json\/wp\/v2\/posts\/1145574","targetHints":{"allow":["GET"]}}],"collection":[{"href":"https:\/\/www.europesays.com\/de\/wp-json\/wp\/v2\/posts"}],"about":[{"href":"https:\/\/www.europesays.com\/de\/wp-json\/wp\/v2\/types\/post"}],"author":[{"embeddable":true,"href":"https:\/\/www.europesays.com\/de\/wp-json\/wp\/v2\/users\/2"}],"replies":[{"embeddable":true,"href":"https:\/\/www.europesays.com\/de\/wp-json\/wp\/v2\/comments?post=1145574"}],"version-history":[{"count":0,"href":"https:\/\/www.europesays.com\/de\/wp-json\/wp\/v2\/posts\/1145574\/revisions"}],"wp:featuredmedia":[{"embeddable":true,"href":"https:\/\/www.europesays.com\/de\/wp-json\/wp\/v2\/media\/1145575"}],"wp:attachment":[{"href":"https:\/\/www.europesays.com\/de\/wp-json\/wp\/v2\/media?parent=1145574"}],"wp:term":[{"taxonomy":"category","embeddable":true,"href":"https:\/\/www.europesays.com\/de\/wp-json\/wp\/v2\/categories?post=1145574"},{"taxonomy":"post_tag","embeddable":true,"href":"https:\/\/www.europesays.com\/de\/wp-json\/wp\/v2\/tags?post=1145574"}],"curies":[{"name":"wp","href":"https:\/\/api.w.org\/{rel}","templated":true}]}}