{"id":1145611,"date":"2026-07-05T23:00:40","date_gmt":"2026-07-05T23:00:40","guid":{"rendered":"https:\/\/www.europesays.com\/de\/1145611\/"},"modified":"2026-07-05T23:00:40","modified_gmt":"2026-07-05T23:00:40","slug":"news-zum-ukraine-krieg-trump-trifft-selenskyj-am-rande-des-nato-gipfels","status":"publish","type":"post","link":"https:\/\/www.europesays.com\/de\/1145611\/","title":{"rendered":"News zum Ukraine-Krieg | Trump trifft Selenskyj am Rande des Nato-Gipfels"},"content":{"rendered":"<p>Newsblog zum Krieg in der Ukraine <\/p>\n<p>Trump trifft Selenskyj in Ankara<\/p>\n<p>Aktualisiert am 06.07.2026 &#8211; 00:14 UhrLesedauer: 36 Min.<\/p>\n<p><img loading=\"lazy\" src=\"https:\/\/www.t-online.de\/s\/paper\/_next\/static\/media\/loading-indicator-magenta.1f35d8de.svg\" alt=\"Video l\u00e4dt\" title=\"Video l\u00e4dt\" class=\"block h-[calc(var(--height)_\/_16_*_1rem)] w-[calc(var(--width)_\/_16_*_1rem)] max-w-none undefined\" style=\"--width:32;--height:32\" decoding=\"async\"\/>Player wird geladen<\/p>\n<p>Flammen \u00fcber dem Hafen: Aufnahmen zeigen den Treffer auf die Anlage.<\/p>\n<p class=\"text-center\">Jetzt neu bei t-online:<\/p>\n<p class=\"text-center\">Schriftgr\u00f6\u00dfe anpassen!<\/p>\n<p><img loading=\"lazy\" src=\"https:\/\/www.t-online.de\/s\/paper\/_next\/static\/media\/font-sizes.32942e33.svg\" alt=\"\" title=\"\" class=\"block h-[calc(var(--height)_\/_16_*_1rem)] w-[calc(var(--width)_\/_16_*_1rem)] max-w-none group-hover:hidden group-aria-expanded:hidden\" style=\"--width:16;--height:16\" decoding=\"async\"\/><img loading=\"lazy\" src=\"https:\/\/www.t-online.de\/s\/paper\/_next\/static\/media\/font-sizes-dark-mode.e382645c.svg\" alt=\"\" title=\"\" class=\"block h-[calc(var(--height)_\/_16_*_1rem)] w-[calc(var(--width)_\/_16_*_1rem)] max-w-none hidden group-hover:block group-aria-expanded:block\" style=\"--width:16;--height:16\" decoding=\"async\"\/><img loading=\"lazy\" src=\"https:\/\/www.t-online.de\/s\/paper\/_next\/static\/media\/sharing-menu-icon.1eb71368.svg\" alt=\"\" title=\"\" class=\"block h-[calc(var(--height)_\/_16_*_1rem)] w-[calc(var(--width)_\/_16_*_1rem)] max-w-none group-hover:brightness-0 group-hover:invert\" style=\"--width:16;--height:16\" decoding=\"async\"\/>Artikel teilen<\/p>\n<p class=\"font-bold text-18 leading-17 user-text-lg:text-22 user-text-xl:text-24\">Der Kreml ver\u00e4ndert seine Sprachregelung zur Ukraine. Trump k\u00fcndigt ein pers\u00f6nliches Treffen mit Selenskyj an. Alle Entwicklungen im Newsblog.<\/p>\n<p>Selenskyj: K\u00e4mpfe um Stadt Kostjantyniwka im Donbass dauern an<\/p>\n<p class=\"text-18 leading-17 user-text-lg:text-22 user-text-xl:text-24\">Die ukrainische Armee k\u00e4mpft in der strategisch wichtigen Stadt Kostjantyniwka im Osten der <a href=\"https:\/\/www.t-online.de\/themen\/ukraine\/\" class=\"transition-colors cursor-pointer no-underline md:hover:text-magenta md:focus:text-magenta border-b border-solid border-current text-salemsfur md:hover:border-magenta\" data-tracking=\"{&quot;action&quot;:&quot;click&quot;,&quot;category&quot;:&quot;intextLink&quot;,&quot;label&quot;:&quot;\/themen\/ukraine\/&quot;}\" data-sctrack=\"BodyAnchor\" rel=\"nofollow noopener\" target=\"_blank\">Ukraine<\/a> nach Angaben Kiews weiter gegen die russischen Truppen. &#8222;Die K\u00e4mpfe um Kostjantyniwka, das (Wladimir) Putin bereits f\u00fcr sich beansprucht hat, dauern an&#8220;, sagte der ukrainische Pr\u00e4sident <a href=\"https:\/\/www.t-online.de\/themen\/wolodymyr-selenskyj\/\" class=\"transition-colors cursor-pointer no-underline md:hover:text-magenta md:focus:text-magenta border-b border-solid border-current text-salemsfur md:hover:border-magenta\" data-tracking=\"{&quot;action&quot;:&quot;click&quot;,&quot;category&quot;:&quot;intextLink&quot;,&quot;label&quot;:&quot;\/themen\/wolodymyr-selenskyj\/&quot;}\" data-sctrack=\"BodyAnchor\" rel=\"nofollow noopener\" target=\"_blank\">Wolodymyr Selenskyj<\/a> am Sonntagabend in einer Videoansprache. Es sei offensichtlich, dass Putin es niemals wagen w\u00fcrde, sich dorthin zu begeben.<\/p>\n<p class=\"text-18 leading-17 user-text-lg:text-22 user-text-xl:text-24\">Die Ukraine hatte am Samstag Berichte Russlands dementiert, wonach russische Truppen die Ortschaft im Donbass eingenommen h\u00e4tten. Selenskyj sprach von einer &#8222;weiteren russischen L\u00fcge&#8220;. Der ukrainische Pr\u00e4sident schlug dem russischen Machthaber Putin ein Treffen in der Stadt vor. &#8222;Wenn Kostjantyniwka unter russischer Kontrolle w\u00e4re, dann h\u00e4tte Putin vielleicht kein Problem damit, mich dort zu treffen, um einen diplomatischen Weg zu finden, diesen Krieg endlich zu beenden&#8220;, erkl\u00e4rte er am Samstag.<\/p>\n<p class=\"text-18 leading-17 user-text-lg:text-22 user-text-xl:text-24\">Kreml-Sprecher Dmitri Peskow hatte am Freitag erkl\u00e4rt, Kostjantyniwka stehe vollst\u00e4ndig unter russischer Kontrolle. Die Ortschaft ist eine der letzten ukrainischen Bastionen auf dem Weg zu den St\u00e4dten Kramatorsk und Slowjansk, die weiterhin von <a href=\"https:\/\/www.t-online.de\/themen\/kiew\/\" class=\"transition-colors cursor-pointer no-underline md:hover:text-magenta md:focus:text-magenta border-b border-solid border-current text-salemsfur md:hover:border-magenta\" data-tracking=\"{&quot;action&quot;:&quot;click&quot;,&quot;category&quot;:&quot;intextLink&quot;,&quot;label&quot;:&quot;\/themen\/kiew\/&quot;}\" data-sctrack=\"BodyAnchor\" rel=\"nofollow noopener\" target=\"_blank\">Kiew<\/a> kontrolliert werden.<\/p>\n<p>Trump und Selenskyj sprechen auf Nato-Gipfel in Ankara<\/p>\n<p class=\"text-18 leading-17 user-text-lg:text-22 user-text-xl:text-24\">Im Bem\u00fchen um ein Ende des russischen Angriffskriegs trifft sich US-Pr\u00e4sident <a href=\"https:\/\/www.t-online.de\/themen\/donald-trump\/\" class=\"transition-colors cursor-pointer no-underline md:hover:text-magenta md:focus:text-magenta border-b border-solid border-current text-salemsfur md:hover:border-magenta\" data-tracking=\"{&quot;action&quot;:&quot;click&quot;,&quot;category&quot;:&quot;intextLink&quot;,&quot;label&quot;:&quot;\/themen\/donald-trump\/&quot;}\" data-sctrack=\"BodyAnchor\" rel=\"nofollow noopener\" target=\"_blank\">Donald Trump<\/a> am Rande des Nato-Gipfels mit dem ukrainischen Pr\u00e4sidenten Wolodymyr Selenskyj. Die Begegnung finde am Mittwochnachmittag statt, teilte eine Regierungssprecherin mit. Trump hatte zuvor am Wochenende mit dem russischen Staatschef <a href=\"https:\/\/www.t-online.de\/themen\/wladimir-putin\/\" class=\"transition-colors cursor-pointer no-underline md:hover:text-magenta md:focus:text-magenta border-b border-solid border-current text-salemsfur md:hover:border-magenta\" data-tracking=\"{&quot;action&quot;:&quot;click&quot;,&quot;category&quot;:&quot;intextLink&quot;,&quot;label&quot;:&quot;\/themen\/wladimir-putin\/&quot;}\" data-sctrack=\"BodyAnchor\" rel=\"nofollow noopener\" target=\"_blank\">Wladimir Putin<\/a> telefoniert und seine Vermittlerdienste angeboten. Zuletzt hatten sich Deutschland, <a href=\"https:\/\/www.t-online.de\/themen\/frankreich\/\" class=\"transition-colors cursor-pointer no-underline md:hover:text-magenta md:focus:text-magenta border-b border-solid border-current text-salemsfur md:hover:border-magenta\" data-tracking=\"{&quot;action&quot;:&quot;click&quot;,&quot;category&quot;:&quot;intextLink&quot;,&quot;label&quot;:&quot;\/themen\/frankreich\/&quot;}\" data-sctrack=\"BodyAnchor\" rel=\"nofollow noopener\" target=\"_blank\">Frankreich<\/a> und <a href=\"https:\/\/www.t-online.de\/themen\/grossbritannien\/\" class=\"transition-colors cursor-pointer no-underline md:hover:text-magenta md:focus:text-magenta border-b border-solid border-current text-salemsfur md:hover:border-magenta\" data-tracking=\"{&quot;action&quot;:&quot;click&quot;,&quot;category&quot;:&quot;intextLink&quot;,&quot;label&quot;:&quot;\/themen\/grossbritannien\/&quot;}\" data-sctrack=\"BodyAnchor\" rel=\"nofollow noopener\" target=\"_blank\">Gro\u00dfbritannien<\/a> um eine Vermittlungsl\u00f6sung bem\u00fcht.<\/p>\n<p class=\"text-18 leading-17 user-text-lg:text-22 user-text-xl:text-24\">Keine der beiden Kriegsparteien mache nennenswerte milit\u00e4rische Fortschritte, betonte ein hochrangiger US-Beamter vor Journalisten. Gleichzeitig entst\u00fcnden enorme Kosten, und es gebe Angriffe beider Seiten weit ins jeweils andere Land. &#8222;Der Pr\u00e4sident versp\u00fcrt daher ein echtes Gef\u00fchl der Dringlichkeit, zu versuchen, das zu einem Ende zu bringen.&#8220;<\/p>\n<p class=\"text-18 leading-17 user-text-lg:text-22 user-text-xl:text-24\">Der Nato-Gipfel tagt am 7. und 8. April in <a href=\"https:\/\/www.t-online.de\/themen\/ankara\/\" class=\"transition-colors cursor-pointer no-underline md:hover:text-magenta md:focus:text-magenta border-b border-solid border-current text-salemsfur md:hover:border-magenta\" data-tracking=\"{&quot;action&quot;:&quot;click&quot;,&quot;category&quot;:&quot;intextLink&quot;,&quot;label&quot;:&quot;\/themen\/ankara\/&quot;}\" data-sctrack=\"BodyAnchor\" rel=\"nofollow noopener\" target=\"_blank\">Ankara<\/a>. Das B\u00fcndnis will unter anderem eine Hilfe f\u00fcr die Ukraine bis 2027 von 140 Milliarden Euro festschreiben.<\/p>\n<p>Russische Hacker attackieren britische Regierungsrechner<\/p>\n<p class=\"text-18 leading-17 user-text-lg:text-22 user-text-xl:text-24\">Russische Hacker sollen einem Medienbericht zufolge die Anmeldedaten britischer Beamter gestohlen und sich Zugang zu deren E-Mail-Konten verschafft haben. Laut der Zeitung &#8222;Telegraph&#8220; nutzten die Angreifer dabei eine Schwachstelle im Sicherheitssystem aus und setzten zuvor gestohlene Daten ein, um Barrieren zum Schutz kritischer Infrastruktur zu umgehen.<\/p>\n<p class=\"text-18 leading-17 user-text-lg:text-22 user-text-xl:text-24\">Der am Sonntagabend noch andauernde Angriff ist demnach als &#8222;FortiBleed&#8220; bekannt. Eine staatliche russische Beteiligung an dem Angriff ist nach Einsch\u00e4tzung von Sicherheitsforschern bislang nicht nachgewiesen.<\/p>\n","protected":false},"excerpt":{"rendered":"Newsblog zum Krieg in der Ukraine Trump trifft Selenskyj in Ankara Aktualisiert am 06.07.2026 &#8211; 00:14 UhrLesedauer: 36&hellip;\n","protected":false},"author":2,"featured_media":951403,"comment_status":"","ping_status":"","sticky":false,"template":"","format":"standard","meta":{"footnotes":"","_share_on_mastodon":"0"},"categories":[4013],"tags":[1217,326,6079,331,332,1207,1512,227,29,8331,106,49674,663,156,551,15646,13,7453,5793,28583,68280,5020,14,1159,22256,15,3129,1614,4043,4044,850,307,12,8522,33124,240758,8645,317,312,64,306,107],"class_list":["post-1145611","post","type-post","status-publish","format-standard","has-post-thumbnail","category-russland","tag-1217","tag-326","tag-6079","tag-aktuelle-nachrichten","tag-aktuelle-news","tag-ankara","tag-benzin","tag-china","tag-deutschland","tag-dmitri-peskow","tag-donald-trump","tag-donezbecken","tag-europa","tag-frankreich","tag-grossbritannien","tag-hacker","tag-headlines","tag-kampf","tag-kiew","tag-kostjantyniwka","tag-kramatorsk","tag-kreml","tag-nachrichten","tag-nato","tag-nato-gipfel","tag-news","tag-newsblog","tag-peking","tag-russia","tag-russian-federation","tag-russische-foederation","tag-russland","tag-schlagzeilen","tag-schwarze-meer","tag-schwarzes-meer","tag-sprachregelung","tag-st-petersburg","tag-ukraine","tag-ukrainekrieg","tag-usa","tag-wladimir-putin","tag-wolodymyr-selenskyj"],"share_on_mastodon":{"url":"","error":"Validation failed: Text character limit of 500 exceeded"},"_links":{"self":[{"href":"https:\/\/www.europesays.com\/de\/wp-json\/wp\/v2\/posts\/1145611","targetHints":{"allow":["GET"]}}],"collection":[{"href":"https:\/\/www.europesays.com\/de\/wp-json\/wp\/v2\/posts"}],"about":[{"href":"https:\/\/www.europesays.com\/de\/wp-json\/wp\/v2\/types\/post"}],"author":[{"embeddable":true,"href":"https:\/\/www.europesays.com\/de\/wp-json\/wp\/v2\/users\/2"}],"replies":[{"embeddable":true,"href":"https:\/\/www.europesays.com\/de\/wp-json\/wp\/v2\/comments?post=1145611"}],"version-history":[{"count":0,"href":"https:\/\/www.europesays.com\/de\/wp-json\/wp\/v2\/posts\/1145611\/revisions"}],"wp:featuredmedia":[{"embeddable":true,"href":"https:\/\/www.europesays.com\/de\/wp-json\/wp\/v2\/media\/951403"}],"wp:attachment":[{"href":"https:\/\/www.europesays.com\/de\/wp-json\/wp\/v2\/media?parent=1145611"}],"wp:term":[{"taxonomy":"category","embeddable":true,"href":"https:\/\/www.europesays.com\/de\/wp-json\/wp\/v2\/categories?post=1145611"},{"taxonomy":"post_tag","embeddable":true,"href":"https:\/\/www.europesays.com\/de\/wp-json\/wp\/v2\/tags?post=1145611"}],"curies":[{"name":"wp","href":"https:\/\/api.w.org\/{rel}","templated":true}]}}