{"id":1145743,"date":"2026-07-06T00:31:26","date_gmt":"2026-07-06T00:31:26","guid":{"rendered":"https:\/\/www.europesays.com\/de\/1145743\/"},"modified":"2026-07-06T00:31:26","modified_gmt":"2026-07-06T00:31:26","slug":"rueckschlag-fuer-preussen-profi-bolay-klebt-das-pech-am-fuss-sport","status":"publish","type":"post","link":"https:\/\/www.europesays.com\/de\/1145743\/","title":{"rendered":"R\u00fcckschlag f\u00fcr Preu\u00dfen-Profi: Bolay klebt das Pech am Fu\u00df | Sport"},"content":{"rendered":"<p><a class=\"skip-content skip-content--link\" href=\"#in-content-skip-link-target-v-0-0\">TTS-Player \u00fcberspringen\u21b5<\/a><a id=\"in-content-skip-link-target-v-0-0\" class=\"skip-content--target-link-hidden skip-content skip-content--target-link\" href=\"#in-content-skip-link-target-v-0-0\">Artikel weiterlesen<\/a><\/p>\n<p data-21134c99=\"0-4067\">Er l\u00e4sst sich nicht unterkriegen, bleibt auch jetzt wieder optimistisch. Dabei l\u00e4uft&#8217;s f\u00fcr ihn \u2013 erneut \u2013 alles andere als nach Plan&#8230;<\/p>\n<p data-21134c99=\"0-4067\"><b>R\u00fcckschlag f\u00fcr Preu\u00dfen-Profi. Bolay klebt das Pech am Fu\u00df!<\/b><\/p>\n<p data-21134c99=\"0-4067\">Als Drittligist M\u00fcnster am Samstag bei Eintracht Rheine (1:0) zum ersten Testspiel nach der Sommerpause auflief, sa\u00df Luca Bolay (23) mit seiner Freundin Mara nur auf der Trib\u00fcne. Das linke Bein steckte in einer Schiene. Der Linksverteidiger (Marktwert: 500.000 Euro), eigentlich als Startelf-Kandidat f\u00fcr die neue Saison fest eingeplant, ist vorerst raus. Grund: Ein Innenbandriss im Knie, zugezogen bei einem Trainingscrash. Voraussichtliche Zwangspause: Mindestens vier Wochen. <\/p>\n<p data-21134c99=\"0-4067\">Damit verpasst der geb\u00fcrtige Leonberger den Gro\u00dfteil der wichtigen Vorbereitung. Und muss sich anschlie\u00dfend nat\u00fcrlich erst einmal in die Mannschaft zur\u00fcckk\u00e4mpfen. Eine knifflige Situation, mit der er sich leider auskennt. Schon im vergangenen Winter sorgte eine langwierige und schmerzhafte Fersen-Entz\u00fcndung daf\u00fcr, dass Bolay insgesamt mehr als drei Monate (104 Tage) au\u00dfer Gefecht war. Zwischenzeitlich konnte er wochenlang nicht einmal einen festen Schuh tragen. Dadurch kam er in der R\u00fcckrunde dieser bitteren Abstiegssaison lediglich in den beiden letzten Spielen noch zu Kurz-Eins\u00e4tzen.<\/p>\n<p><img decoding=\"async\" width=\"992\" height=\"1178\" alt=\"\u201ePechvogel\u201c Luca Bolay (M.) mit Beinschiene am Rande des Preu\u00dfen-Testspiels in Rheine\" loading=\"lazy\" src=\"https:\/\/www.europesays.com\/de\/wp-content\/uploads\/2026\/07\/310b3150afda39d7458aaa3568b397f8,3577b410.jpeg\"   class=\"portrait\"\/><\/p>\n<p class=\"fig__caption__text\">\u201ePechvogel\u201c Luca Bolay (M.) mit Beinschiene am Rande des Preu\u00dfen-Testspiels in Rheine<\/p>\n<p>Foto: Privat<\/p>\n<p data-21134c99=\"0-4067\"><b>Jetzt also der n\u00e4chste R\u00fcckschlag! Der wohl auch die Preu\u00dfen ins Gr\u00fcbeln bringt. Denn nach dem Abschied von Mikkel Kirkeskov (34) \u2013 der \u201eWikinger\u201c kehrte mit seiner Familie nach Auslaufen seines Arbeitspapiers in die Heimat D\u00e4nemark zur\u00fcck \u2013 ist Bolay neben U23-Aufsteiger Niklas Varelmann (19) die einzige echte Alternative f\u00fcr die linke Abwehrseite. Dazu kommt Charalambos \u201eBabis\u201c Makridis (29), dessen St\u00e4rken aber eindeutig mehr in der Offensive liegen. <\/b><\/p>\n<p data-21134c99=\"0-4067\">Nicht auszuschlie\u00dfen also, dass die \u201eAdlertr\u00e4ger\u201c deshalb noch einmal auf dem Transfermarkt Ausschau halten und gegebenenfalls t\u00e4tig werden m\u00fcssen. Auch wenn Sport-Gesch\u00e4ftsf\u00fchrer Ole Kittner (38) derzeit abwiegelt: \u201eLucas Ausfallzeit ist ja absehbar. Au\u00dferdem ben\u00f6tigen wir bei unserer Dreierkette eher Schienenspieler auf den Fl\u00fcgeln.\u201c Vorteil Makridis&#8230;<\/p>\n<p><img decoding=\"async\" width=\"992\" height=\"558\" alt=\"Preu\u00dfens Neu-Trainer Thomas W\u00f6rle (r.) und sein \u201eCo\u201c Maximilian Knauer (l.) w\u00fcnschen sich noch zwei oder drei Neuzug\u00e4nge\" loading=\"lazy\" src=\"https:\/\/www.europesays.com\/de\/wp-content\/uploads\/2026\/07\/d0376dc1bbcaae0de9c614413b1b6259,c951c084.jpeg\"   class=\"landscape\"\/><\/p>\n<p class=\"fig__caption__text\">Preu\u00dfens Neu-Trainer Thomas W\u00f6rle (r.) und sein \u201eCo\u201c Maximilian Knauer (l.) w\u00fcnschen sich noch zwei oder drei Neuzug\u00e4nge <\/p>\n<p>Foto: picture alliance\/dpa\/Revierfoto<\/p>\n<p data-21134c99=\"0-4067\">F\u00fcr Chefcoach Thomas W\u00f6rle (44) ist die Suche nach weiteren Verst\u00e4rkungen dagegen offenbar nicht abgeschlossen. Abgesehen von einem Mittelst\u00fcrmer, der m\u00f6glichst Tore garantieren soll und gerade deshalb besonders schwer zu finden ist, hofft er auf ein oder zwei weitere Neuzug\u00e4nge. Darunter wom\u00f6glich Konkurrenz f\u00fcr Bolay.<\/p>\n<p data-21134c99=\"0-4067\"><b>Fakt genauso: Der Pechvogel, der erst im Dezember seinen Vertrag bei den \u201eSchwarz-Wei\u00df-Gr\u00fcnen\u201c vorzeitig verl\u00e4ngert hat, guckt selber nur nach vorn. Und zeigt sich auch jetzt schon wieder k\u00e4mpferisch.  Bolay: \u201eIch kann das Knie sogar leicht knicken und werde alles daf\u00fcr tun, um m\u00f6glichst schnell auf den Rasen zur\u00fcckzukehren. Den passenden Zeitpunkt f\u00fcr eine Verletzung gibt&#8217;s ohnehin nicht. Aber die Drittliga-Saison beginnt erst in f\u00fcnf Wochen. Bis dahin will ich definitiv wieder fit sein.\u201c<\/b><\/p>\n<p data-21134c99=\"0-4067\">Ob Torh\u00fcter Johannes \u201eJojo\u201c Schenk (23\/Marktwert: 1,5 Millionen Euro) dann noch zum Kader der Preu\u00dfen geh\u00f6rt, erscheint eher unwahrscheinlich. So haben die Ger\u00fcchte um seinen nahenden M\u00fcnster-Abschied nicht nur durch die Verpflichtung von Matthias Harsman (26\/aus R\u00f6dinghausen) als vierten Keeper \u2013 was aktuell definitiv einer zu viel sein d\u00fcrfte \u2013 Fahrt aufgenommen. <\/p>\n<p><img decoding=\"async\" width=\"992\" height=\"558\" alt=\"Seine sportliche Zukunft ist noch unklar: Preu\u00dfens Stammkeeper Johannes \u201eJojo\u201c Schenk\" loading=\"lazy\" src=\"https:\/\/www.europesays.com\/de\/wp-content\/uploads\/2026\/07\/6f7b368805109b560a2a5e1845078b8d,d8042efd.jpeg\"   class=\"landscape\"\/><\/p>\n<p class=\"fig__caption__text\">Seine sportliche Zukunft ist noch unklar: Preu\u00dfens Stammkeeper Johannes \u201eJojo\u201c Schenk <\/p>\n<p>Foto: picture alliance\/osnapix\/Marcus Hirnschal<\/p>\n<p data-21134c99=\"0-4067\"><b>Dar\u00fcber hinaus schwappen gleich zwei hei\u00dfe Ger\u00fcchte aus Berlin r\u00fcber. Zum einen soll \u201eJojo\u201c (Preu\u00dfen-Vertrag bis 2028) auf der Liste von Erstligist Union stehen. Die \u201eEisernen\u201c suchen einen Herausforderer f\u00fcr ihre Nummer 1 Frederik R\u00f6nnow (33\/Marktwert: 2 Millionen Euro). Zum anderen r\u00fcckt auch Zweitliga-Konkurrent Hertha BSC in den Blickpunkt. Dessen Schlussmann Tjark Ernst (23\/Marktwert: 4 Millionen Euro) steht auf dem Zettel von Borussia M\u00f6nchengladbach, falls der eigene, wechselwillige Torwart Moritz Nicolas (26\/Marktwert: 8 Millionen Euro) die Elf vom Niederrhein verlassen sollte. Als weitere Schenk-Interessenten gelten ohnehin schon seit l\u00e4ngerem St. Pauli, Hannover 96 und Paderborn. <\/b><\/p>\n<p data-21134c99=\"0-4067\">Keine Frage \u2013 in diese Personalie d\u00fcrfte zeitnah noch Bewegung kommen&#8230;<\/p>\n","protected":false},"excerpt":{"rendered":"TTS-Player \u00fcberspringen\u21b5Artikel weiterlesen Er l\u00e4sst sich nicht unterkriegen, bleibt auch jetzt wieder optimistisch. Dabei l\u00e4uft&#8217;s f\u00fcr ihn \u2013&hellip;\n","protected":false},"author":2,"featured_media":1145744,"comment_status":"","ping_status":"","sticky":false,"template":"","format":"standard","meta":{"footnotes":"","_share_on_mastodon":"0"},"categories":[1843],"tags":[995,7658,7659,7654,3364,29,481,5085,996,30,7660,7661,8970,7653,1209,7655,7650,7651,146676,7656,25554,819,7657,7652],"class_list":["post-1145743","post","type-post","status-publish","format-standard","has-post-thumbnail","category-muenster","tag-3-liga","tag-alsmann-goetz","tag-brinkmann-ansgar","tag-daube-dennis","tag-de","tag-deutschland","tag-dfb","tag-dfl","tag-dritte-liga","tag-germany","tag-kirkeskov-mikkel","tag-mees-joshua","tag-muenster","tag-niemeyer-peter","tag-nordrhein-westfalen","tag-pander-christian","tag-preussen-muenster","tag-preussenstadion","tag-remberg-nicolai","tag-schuth-joachim","tag-schwartz-alois","tag-sport-leuchtturm-essen","tag-sport-bild","tag-straesser-christoph"],"share_on_mastodon":{"url":"https:\/\/pubeurope.com\/@de\/116870217246628084","error":""},"_links":{"self":[{"href":"https:\/\/www.europesays.com\/de\/wp-json\/wp\/v2\/posts\/1145743","targetHints":{"allow":["GET"]}}],"collection":[{"href":"https:\/\/www.europesays.com\/de\/wp-json\/wp\/v2\/posts"}],"about":[{"href":"https:\/\/www.europesays.com\/de\/wp-json\/wp\/v2\/types\/post"}],"author":[{"embeddable":true,"href":"https:\/\/www.europesays.com\/de\/wp-json\/wp\/v2\/users\/2"}],"replies":[{"embeddable":true,"href":"https:\/\/www.europesays.com\/de\/wp-json\/wp\/v2\/comments?post=1145743"}],"version-history":[{"count":0,"href":"https:\/\/www.europesays.com\/de\/wp-json\/wp\/v2\/posts\/1145743\/revisions"}],"wp:featuredmedia":[{"embeddable":true,"href":"https:\/\/www.europesays.com\/de\/wp-json\/wp\/v2\/media\/1145744"}],"wp:attachment":[{"href":"https:\/\/www.europesays.com\/de\/wp-json\/wp\/v2\/media?parent=1145743"}],"wp:term":[{"taxonomy":"category","embeddable":true,"href":"https:\/\/www.europesays.com\/de\/wp-json\/wp\/v2\/categories?post=1145743"},{"taxonomy":"post_tag","embeddable":true,"href":"https:\/\/www.europesays.com\/de\/wp-json\/wp\/v2\/tags?post=1145743"}],"curies":[{"name":"wp","href":"https:\/\/api.w.org\/{rel}","templated":true}]}}