{"id":1145766,"date":"2026-07-06T00:51:04","date_gmt":"2026-07-06T00:51:04","guid":{"rendered":"https:\/\/www.europesays.com\/de\/1145766\/"},"modified":"2026-07-06T00:51:04","modified_gmt":"2026-07-06T00:51:04","slug":"solarpower-europe-grossspeicher-treiben-europas-batteriemarkt-auf-rekordniveau","status":"publish","type":"post","link":"https:\/\/www.europesays.com\/de\/1145766\/","title":{"rendered":"Solarpower Europe: Gro\u00dfspeicher treiben Europas Batteriemarkt auf Rekordniveau"},"content":{"rendered":"<p>Der europ\u00e4ische Markt f\u00fcr Batteriespeicher hat 2025 mit 36 Gigawattstunden neu installierter Kapazit\u00e4t einen neuen H\u00f6chststand erreicht. Das geht aus dem \u201e<a href=\"https:\/\/www.solarpowereurope.org\/insights\/outlooks\/european-battery-market-outlook-2026-2030-1\" target=\"_blank\" rel=\"noreferrer noopener nofollow\">European Battery Market Outlook 2026\u20132030<\/a>\u201c von Solarpower Europe hervor. Gegen\u00fcber dem Vorjahr entspricht dies einem Wachstum von 48 Prozent. Die kumulierte installierte Batteriespeicherkapazit\u00e4t in Europa \u00fcberschritt damit erstmals die Marke von 100 Gigawattstunden.<\/p>\n<p>Regional bleiben Deutschland, Gro\u00dfbritannien und Italien die gr\u00f6\u00dften Batteriespeicherm\u00e4rkte Europas. Gleichzeitig gewinnen neue M\u00e4rkte an Bedeutung. So z\u00e4hlen die Ukraine und Bulgarien laut Bericht inzwischen zu den f\u00fcnf gr\u00f6\u00dften europ\u00e4ischen Speicherm\u00e4rkten.<\/p>\n<p>Als wesentlichen Treiber der Marktentwicklung identifiziert der europ\u00e4ische Branchenverband den starken Ausbau von Gro\u00dfspeichern. Sie stellten 2025 erstmals mehr als die H\u00e4lfte der neu installierten Kapazit\u00e4t dar und l\u00f6sten damit den bislang dominierenden Privatkundenmarkt als wichtigste Wachstumsquelle ab. Als Gr\u00fcnde nennt der Bericht den steigenden Bedarf an Flexibilit\u00e4t im Stromsystem, verbesserte Erl\u00f6sm\u00f6glichkeiten sowie den zunehmenden Ausbau von Hybridprojekten aus Photovoltaik und Batteriespeichern.<\/p>\n<p><img loading=\"lazy\" decoding=\"async\" width=\"1024\" height=\"611\" src=\"https:\/\/www.europesays.com\/de\/wp-content\/uploads\/2026\/07\/utility-1024x611.jpg\" alt=\"\" class=\"wp-image-138714\" style=\"width:1024px;height:auto\"  \/>Gro\u00dfspeicher stellten 2025 erstmals mehr als die H\u00e4lfte der neu installierten Kapazit\u00e4t dar, ihre Bedeutung soll weiter steigen.  | Quelle: Solarpower Europe<\/p>\n<p>F\u00fcr die kommenden Jahre rechnet Solarpower Europe mit einer weiteren deutlichen Beschleunigung. Bereits 2026 sollen die j\u00e4hrlichen Neuinstallationen die Marke von 50 Gigawattstunden \u00fcberschreiten und bis 2030 auf 138 Gigawattstunden ansteigen, was einer Vervierfachung gegen\u00fcber dem Niveau von 2025 entspricht. Innerhalb der EU-27 wird ein mehr als sechsfaches Wachstum des gesamten Batteriespeicherbestands auf rund 470 Gigawattstunden bis zum Ende des Jahrzehnts prognostiziert.<\/p>\n<p>Nach Einsch\u00e4tzung von Solarpower Europe reicht dieses Wachstum allerdings nicht aus, um den f\u00fcr ein vollst\u00e4ndig dekarbonisiertes Energiesystem erforderlichen Speicherbedarf zu decken. In einem fr\u00fcheren Szenario hatte der Verband einen Bedarf von rund 600 Gigawattstunden bis 2030 ermittelt. Vor diesem Hintergrund fordert Solarpower Europe einen europ\u00e4ischen Aktionsplan f\u00fcr Batteriespeicher. Dieser soll unter anderem Genehmigungs- und Netzanschlussverfahren vereinfachen, den diskriminierungsfreien Zugang zu Stromm\u00e4rkten sicherstellen sowie stabile Investitionsbedingungen f\u00fcr Speicherprojekte schaffen. Nach Einsch\u00e4tzung des Verbands werden Gro\u00dfspeicher bis 2030 rund drei Viertel der installierten Batteriespeicherkapazit\u00e4t in Europa ausmachen und damit zur tragenden S\u00e4ule der k\u00fcnftigen Speicherinfrastruktur werden.<\/p>\n<p><img loading=\"lazy\" decoding=\"async\" width=\"1024\" height=\"568\" src=\"https:\/\/www.europesays.com\/de\/wp-content\/uploads\/2026\/07\/battery-capacity-additions-1024x568.jpg\" alt=\"\" class=\"wp-image-138715\"  \/>F\u00fcr die kommenden Jahre rechnet Solarpower Europe mit einer weiteren deutlichen Beschleunigung des Zubaus.  | Quelle: Solarpower Europe<\/p>\n","protected":false},"excerpt":{"rendered":"Der europ\u00e4ische Markt f\u00fcr Batteriespeicher hat 2025 mit 36 Gigawattstunden neu installierter Kapazit\u00e4t einen neuen H\u00f6chststand erreicht. Das&hellip;\n","protected":false},"author":2,"featured_media":1145768,"comment_status":"","ping_status":"","sticky":false,"template":"","format":"standard","meta":{"footnotes":"","_share_on_mastodon":"0"},"categories":[3933],"tags":[331,332,548,663,158,3934,3935,13,23948,14,15,12,21933],"class_list":["post-1145766","post","type-post","status-publish","format-standard","has-post-thumbnail","category-eu","tag-aktuelle-nachrichten","tag-aktuelle-news","tag-eu","tag-europa","tag-europaeische-union","tag-europe","tag-european-union","tag-headlines","tag-highlights","tag-nachrichten","tag-news","tag-schlagzeilen","tag-speicher"],"share_on_mastodon":{"url":"","error":""},"_links":{"self":[{"href":"https:\/\/www.europesays.com\/de\/wp-json\/wp\/v2\/posts\/1145766","targetHints":{"allow":["GET"]}}],"collection":[{"href":"https:\/\/www.europesays.com\/de\/wp-json\/wp\/v2\/posts"}],"about":[{"href":"https:\/\/www.europesays.com\/de\/wp-json\/wp\/v2\/types\/post"}],"author":[{"embeddable":true,"href":"https:\/\/www.europesays.com\/de\/wp-json\/wp\/v2\/users\/2"}],"replies":[{"embeddable":true,"href":"https:\/\/www.europesays.com\/de\/wp-json\/wp\/v2\/comments?post=1145766"}],"version-history":[{"count":0,"href":"https:\/\/www.europesays.com\/de\/wp-json\/wp\/v2\/posts\/1145766\/revisions"}],"wp:featuredmedia":[{"embeddable":true,"href":"https:\/\/www.europesays.com\/de\/wp-json\/wp\/v2\/media\/1145768"}],"wp:attachment":[{"href":"https:\/\/www.europesays.com\/de\/wp-json\/wp\/v2\/media?parent=1145766"}],"wp:term":[{"taxonomy":"category","embeddable":true,"href":"https:\/\/www.europesays.com\/de\/wp-json\/wp\/v2\/categories?post=1145766"},{"taxonomy":"post_tag","embeddable":true,"href":"https:\/\/www.europesays.com\/de\/wp-json\/wp\/v2\/tags?post=1145766"}],"curies":[{"name":"wp","href":"https:\/\/api.w.org\/{rel}","templated":true}]}}